{"id":5658,"date":"2022-11-10T21:14:00","date_gmt":"2022-11-11T00:14:00","guid":{"rendered":"https:\/\/revistahubclub.com.br\/portal\/?p=5658"},"modified":"2024-12-18T21:14:39","modified_gmt":"2024-12-19T00:14:39","slug":"cdl-realiza-acao-inedita-de-empregabilidade","status":"publish","type":"post","link":"https:\/\/revistahubclub.com.br\/portal\/2022\/11\/10\/cdl-realiza-acao-inedita-de-empregabilidade\/","title":{"rendered":"CDL realiza a\u00e7\u00e3o in\u00e9dita de empregabilidade"},"content":{"rendered":"\n<p id=\"viewer-bjltm\">Para impulsionar a contrata\u00e7\u00e3o de empregos formais, a CDL Uberl\u00e2ndia realiza toda segunda-feira, a partir das 8h, a a\u00e7\u00e3o <strong>HOJE \u00c9 DIA DE ENTREVISTA.<\/strong><\/p>\n\n\n\n<p id=\"viewer-epaf8\">Os interessados em uma oportunidade de recoloca\u00e7\u00e3o profissional devem comparecer a CDL Uberl\u00e2ndia, com curr\u00edculo e carteira de trabalho, para participar de imediato do processo de recrutamento e sele\u00e7\u00e3o, conduzido por uma equipe de psic\u00f3logas especialistas em talentos humanos.<\/p>\n\n\n\n<p id=\"viewer-272i\">Caso o perfil se encaixe a vaga, o candidato \u00e9 encaminhado para a fase final de sele\u00e7\u00e3o com a empresa contratante.<\/p>\n\n\n\n<p id=\"viewer-56e6g\">As empresas tamb\u00e9m podem participar da a\u00e7\u00e3o, divulgando suas vagas ou terceirizando o processo de contrata\u00e7\u00e3o com a Funda\u00e7\u00e3o CDL. Saiba mais <a target=\"_blank\" href=\"https:\/\/cdludi.org.br\/cdl-solucoes\/cdl-talentos\/\" rel=\"noreferrer noopener\"><strong><u>aqui.<\/u><\/strong><\/a><\/p>\n\n\n\n<p id=\"viewer-84gtr\"><strong>CDL Uberl\u00e2ndia: Avenida Belo Horizonte, n\u00ba1290 \u2013 bairro Osvaldo Rezende.<\/strong><\/p>\n","protected":false},"excerpt":{"rendered":"<p>Para impulsionar a contrata\u00e7\u00e3o de empregos formais, a CDL Uberl\u00e2ndia realiza toda segunda-feira, a partir das 8h, a a\u00e7\u00e3o HOJE \u00c9 DIA DE ENTREVISTA. Os interessados em uma oportunidade de<\/p>\n","protected":false},"author":1,"featured_media":5659,"comment_status":"open","ping_status":"open","sticky":false,"template":"","format":"standard","meta":{"footnotes":""},"categories":[1],"tags":[],"class_list":["post-5658","post","type-post","status-publish","format-standard","has-post-thumbnail","hentry","category-noticias"],"_links":{"self":[{"href":"https:\/\/revistahubclub.com.br\/portal\/wp-json\/wp\/v2\/posts\/5658","targetHints":{"allow":["GET"]}}],"collection":[{"href":"https:\/\/revistahubclub.com.br\/portal\/wp-json\/wp\/v2\/posts"}],"about":[{"href":"https:\/\/revistahubclub.com.br\/portal\/wp-json\/wp\/v2\/types\/post"}],"author":[{"embeddable":true,"href":"https:\/\/revistahubclub.com.br\/portal\/wp-json\/wp\/v2\/users\/1"}],"replies":[{"embeddable":true,"href":"https:\/\/revistahubclub.com.br\/portal\/wp-json\/wp\/v2\/comments?post=5658"}],"version-history":[{"count":1,"href":"https:\/\/revistahubclub.com.br\/portal\/wp-json\/wp\/v2\/posts\/5658\/revisions"}],"predecessor-version":[{"id":5660,"href":"https:\/\/revistahubclub.com.br\/portal\/wp-json\/wp\/v2\/posts\/5658\/revisions\/5660"}],"wp:featuredmedia":[{"embeddable":true,"href":"https:\/\/revistahubclub.com.br\/portal\/wp-json\/wp\/v2\/media\/5659"}],"wp:attachment":[{"href":"https:\/\/revistahubclub.com.br\/portal\/wp-json\/wp\/v2\/media?parent=5658"}],"wp:term":[{"taxonomy":"category","embeddable":true,"href":"https:\/\/revistahubclub.com.br\/portal\/wp-json\/wp\/v2\/categories?post=5658"},{"taxonomy":"post_tag","embeddable":true,"href":"https:\/\/revistahubclub.com.br\/portal\/wp-json\/wp\/v2\/tags?post=5658"}],"curies":[{"name":"wp","href":"https:\/\/api.w.org\/{rel}","templated":true}]}}