{"id":5685,"date":"2022-11-08T21:17:00","date_gmt":"2022-11-09T00:17:00","guid":{"rendered":"https:\/\/revistahubclub.com.br\/portal\/?p=5685"},"modified":"2024-12-18T21:18:10","modified_gmt":"2024-12-19T00:18:10","slug":"a-cultura-de-se-morar-em-condominios-fechados","status":"publish","type":"post","link":"https:\/\/revistahubclub.com.br\/portal\/2022\/11\/08\/a-cultura-de-se-morar-em-condominios-fechados\/","title":{"rendered":"A cultura de se morar em condom\u00ednios fechados"},"content":{"rendered":"\n<p id=\"viewer-foo\"><em>\u201cO prazer de ver o sonho da casa nascer, desde o projeto \u00e0 conclus\u00e3o da obra, \u00e9 uma esp\u00e9cie de gesta\u00e7\u00e3o\u201d<\/em><\/p>\n\n\n\n<p id=\"viewer-24o3d\">Por Flaviane Gontijo e Igor Andrade<\/p>\n\n\n\n<p id=\"viewer-amhdq\">Fotos Divulga\u00e7\u00e3o<\/p>\n\n\n\n<p id=\"viewer-b345t\"><em>( Arquitetura alto padr\u00e3o cresce em Uberl\u00e2ndia )<\/em><\/p>\n\n\n\n<p id=\"viewer-ees6e\">A arquitetura de alto padr\u00e3o em Uberl\u00e2ndia veio ganhando ascens\u00e3o desde 2018, ap\u00f3s uma<\/p>\n\n\n\n<p id=\"viewer-321eu\">desacelera\u00e7\u00e3o que ocorreu entre os anos de 2015 a 2017 devido \u00e0 forte crise financeira que o pa\u00eds sofreu. Nos \u00faltimos dois anos, com a pandemia, esse nicho teve um crescimento ainda maior. As pessoas dentro de casa come\u00e7aram a ter um olhar mais interior, vendo necessidades de melhoria do estilo de vida, moradia e conviv\u00eancia familiar. Esse olhar interior aqueceu o mercado da constru\u00e7\u00e3o civil como um todo. As classes B e C fizeram pequenas reformas e melhorias em seus im\u00f3veis e sinto que a classe A, principalmente aqueles que moravam em apartamentos ou resid\u00eancias de bairro, buscaram investir em resid\u00eancias dentro de condom\u00ednios fechados, visando qualidade de vida e seguran\u00e7a.<\/p>\n\n\n\n<p id=\"viewer-d0iqs\">Percebi nitidamente que a procura por lotes cresceu, fazendo com que alguns terrenos, principalmente nos AlphaVilles e Tambor\u00e9, aqui em Uberl\u00e2ndia, chegassem a dobrar de valor em pouco mais de 1 ano. As taxas de juros contribu\u00edram muito para esse cen\u00e1rio. Tivemos a Selic passando de 6.8% em 2018 para 2.5% em 2020. Apesar de ficar nesse patamar por um curto per\u00edodo de tempo e hoje estar em mais de 13%, o mercado continua extremamente aquecido.<\/p>\n\n\n\n<p id=\"viewer-eh4c8\">Temos procuras di\u00e1rias por clientes querendo fazer suas casas em condom\u00ednio fechado na cidade de Uberl\u00e2ndia. Creio que a busca por qualidade de vida, seguran\u00e7a, in\u00fameros itens de lazer e conv\u00edvio social, est\u00e1 fazendo a sociedade uberlandense criar a \u201ccultura de se morar em condom\u00ednios fechados\u201d.<\/p>\n\n\n\n<p id=\"viewer-30jku\">Muitos de nossos clientes relatam que poder ver os filhos brincando livres na rua, assim como em suas inf\u00e2ncias, \u00e9 muito gratificante. Creio que eu fui a \u00faltima gera\u00e7\u00e3o a brincar nas ruas.<\/p>\n\n\n\n<figure class=\"wp-block-image\"><img loading=\"lazy\" decoding=\"async\" width=\"350\" height=\"525\" src=\"https:\/\/revistahubclub.com.br\/portal\/wp-content\/uploads\/2024\/12\/cf07ad_e0b5fca3a959490291f8ea3209fa1552mv2.jpg\" alt=\"\" class=\"wp-image-5687\" srcset=\"https:\/\/revistahubclub.com.br\/portal\/wp-content\/uploads\/2024\/12\/cf07ad_e0b5fca3a959490291f8ea3209fa1552mv2.jpg 350w, https:\/\/revistahubclub.com.br\/portal\/wp-content\/uploads\/2024\/12\/cf07ad_e0b5fca3a959490291f8ea3209fa1552mv2-200x300.jpg 200w\" sizes=\"auto, (max-width: 350px) 100vw, 350px\" \/><\/figure>\n\n\n\n<p id=\"viewer-f88bd\">Resgatar isso \u00e9 muito bom, al\u00e9m de nost\u00e1lgico. Muitos me perguntam como \u00e9 trabalhar com o desenvolvimento de projetos de casas em condom\u00ednio. Primeiramente acho muito gratificante. \u00c9 muito bom trabalhar com o sonho das pessoas e por isso me sinto realizado. Por\u00e9m, o percurso de se chegar a esse n\u00edvel \u00e9 uma jornada extensa e que requer muito aprendizado pr\u00e1tico e estudo. Comecei a trabalhar no ano de 1999 no escrit\u00f3rio Andrade Guerra Arquitetos. Eu estava no 1\u00ba Colegial e era uma adolescente que n\u00e3o sabia ainda o que seguir profissionalmente. L\u00e1 aprendi aos poucos a vivenciar arquitetura e por ser um escrit\u00f3rio renomado na cidade, naveguei por grandes projetos residenciais, comerciais, institucionais e concursos premiados. Foi uma grande escola.<\/p>\n\n\n\n<p id=\"viewer-cogp9\"><em>( Arquiteta Flaviane Gontijo )<\/em><\/p>\n\n\n\n<p id=\"viewer-6j228\">Na hora de escolher uma faculdade, estava mais que certo que queria ser arquiteto. Me formei em 2009, onde continuei trabalhando com os arquitetos Roberto Andrade e Maria Elisa Guerra, para depois abrir o pr\u00f3prio escrit\u00f3rio em setembro de 2014. Nestes 7 anos de escrit\u00f3rio, nos tornamos refer\u00eancia na cidade no desenvolvimento de projetos arquitet\u00f4nicos de resid\u00eancia alto padr\u00e3o e projetos de empreendimentos imobili\u00e1rios de torres residenciais.<\/p>\n\n\n\n<p id=\"viewer-45aha\">Mas o que n\u00e3o pode faltar em uma resid\u00eancia alto padr\u00e3o? Cada cliente tem uma percep\u00e7\u00e3o individual e buscamos atender todas as necessidades de forma personalizada. Todos buscam uma arquitetura que gere identidade. Uma fachada imponente, qualidade espacial, integra\u00e7\u00e3o real dos ambientes, funcionalidade, leitura correta do lote quanto a sua topografia e orienta\u00e7\u00e3o solar, mas principalmente poder aproveitar um belo lar junto de quem amamos.<\/p>\n\n\n\n<figure class=\"wp-block-image\"><img loading=\"lazy\" decoding=\"async\" width=\"350\" height=\"373\" src=\"https:\/\/revistahubclub.com.br\/portal\/wp-content\/uploads\/2024\/12\/cf07ad_20d4330fc6914deba46b3cb274580a3emv2.jpg\" alt=\"\" class=\"wp-image-5688\" srcset=\"https:\/\/revistahubclub.com.br\/portal\/wp-content\/uploads\/2024\/12\/cf07ad_20d4330fc6914deba46b3cb274580a3emv2.jpg 350w, https:\/\/revistahubclub.com.br\/portal\/wp-content\/uploads\/2024\/12\/cf07ad_20d4330fc6914deba46b3cb274580a3emv2-282x300.jpg 282w\" sizes=\"auto, (max-width: 350px) 100vw, 350px\" \/><\/figure>\n\n\n\n<p id=\"viewer-3vr9i\">O prazer de ver o sonho da casa nascer, desde o projeto \u00e0 conclus\u00e3o da obra, \u00e9 uma esp\u00e9cie de gesta\u00e7\u00e3o. Existe todo um processo de cria\u00e7\u00e3o de pertencimento. A arquitetura de alto padr\u00e3o tamb\u00e9m se caracteriza pela utiliza\u00e7\u00e3o dos melhores materiais existentes no mercado. Adoramos mesclar elementos r\u00fasticos e contempor\u00e2neos, como pedras, madeiras, cimento aparente, vidro, alum\u00ednio e paisagismo. O que tamb\u00e9m ajudou o escrit\u00f3rio a ter visibilidade foi a busca incessante do olhar adiante. Buscamos atrav\u00e9s de h\u00e1bitos comportamentais das pessoas, criar solu\u00e7\u00f5es que sanem problemas \u00e0s vezes nem t\u00e3o percept\u00edveis, <em>( Arquiteto Igor Andrade )<\/em><\/p>\n\n\n\n<p id=\"viewer-9si02\">mas que uma vez detectados, passam a ganhar muita notoriedade. Um desses exemplos \u00e9 a cozinha t\u00e9cnica, que implementamos em nossos projetos. Ela consiste em uma cozinha que \u201cfique com a bagun\u00e7a\u201d do dia a dia, mantendo a cozinha gourmet integrada \u00e0s salas sempre limpa e bonita o dia todo.<\/p>\n\n\n\n<p id=\"viewer-6bld5\">Outro fator determinante para a execu\u00e7\u00e3o de uma casa alto padr\u00e3o \u00e9 a compatibiliza\u00e7\u00e3o dos projetos complementares ao arquitet\u00f4nico antes do in\u00edcio da obra. Esse servi\u00e7o garante a diminui\u00e7\u00e3o de problemas de execu\u00e7\u00e3o, que remetem sempre em retrabalhos, gerando atraso e custos adicionais \u00e0 obra. Sempre tivemos parceria com engenheiros e designers que tenham essa mesma vis\u00e3o, pois isso gera seguran\u00e7a ao cliente. Quando projetamos, n\u00e3o podemos pensar que o servi\u00e7o acaba em n\u00f3s, arquitetos. Existe uma cadeia de profissionais que entrar\u00e3o posteriormente e garantir\u00e3o a qualidade final da constru\u00e7\u00e3o. \u00c9 um trabalho em equipe muito extenso onde \u00e9 necess\u00e1rio ter um ambiente colaborativo.<\/p>\n","protected":false},"excerpt":{"rendered":"<p>\u201cO prazer de ver o sonho da casa nascer, desde o projeto \u00e0 conclus\u00e3o da obra, \u00e9 uma esp\u00e9cie de gesta\u00e7\u00e3o\u201d Por Flaviane Gontijo e Igor Andrade Fotos Divulga\u00e7\u00e3o (<\/p>\n","protected":false},"author":1,"featured_media":5686,"comment_status":"open","ping_status":"open","sticky":false,"template":"","format":"standard","meta":{"footnotes":""},"categories":[1],"tags":[],"class_list":["post-5685","post","type-post","status-publish","format-standard","has-post-thumbnail","hentry","category-noticias"],"_links":{"self":[{"href":"https:\/\/revistahubclub.com.br\/portal\/wp-json\/wp\/v2\/posts\/5685","targetHints":{"allow":["GET"]}}],"collection":[{"href":"https:\/\/revistahubclub.com.br\/portal\/wp-json\/wp\/v2\/posts"}],"about":[{"href":"https:\/\/revistahubclub.com.br\/portal\/wp-json\/wp\/v2\/types\/post"}],"author":[{"embeddable":true,"href":"https:\/\/revistahubclub.com.br\/portal\/wp-json\/wp\/v2\/users\/1"}],"replies":[{"embeddable":true,"href":"https:\/\/revistahubclub.com.br\/portal\/wp-json\/wp\/v2\/comments?post=5685"}],"version-history":[{"count":1,"href":"https:\/\/revistahubclub.com.br\/portal\/wp-json\/wp\/v2\/posts\/5685\/revisions"}],"predecessor-version":[{"id":5689,"href":"https:\/\/revistahubclub.com.br\/portal\/wp-json\/wp\/v2\/posts\/5685\/revisions\/5689"}],"wp:featuredmedia":[{"embeddable":true,"href":"https:\/\/revistahubclub.com.br\/portal\/wp-json\/wp\/v2\/media\/5686"}],"wp:attachment":[{"href":"https:\/\/revistahubclub.com.br\/portal\/wp-json\/wp\/v2\/media?parent=5685"}],"wp:term":[{"taxonomy":"category","embeddable":true,"href":"https:\/\/revistahubclub.com.br\/portal\/wp-json\/wp\/v2\/categories?post=5685"},{"taxonomy":"post_tag","embeddable":true,"href":"https:\/\/revistahubclub.com.br\/portal\/wp-json\/wp\/v2\/tags?post=5685"}],"curies":[{"name":"wp","href":"https:\/\/api.w.org\/{rel}","templated":true}]}}