{"id":5720,"date":"2022-11-04T21:22:00","date_gmt":"2022-11-05T00:22:00","guid":{"rendered":"https:\/\/revistahubclub.com.br\/portal\/?p=5720"},"modified":"2024-12-18T21:22:54","modified_gmt":"2024-12-19T00:22:54","slug":"jamming-joias-se-une-a-associacao-perolas-de-minas-e-ao-laboratorio-personal-em-prol-do-outubro-rosa","status":"publish","type":"post","link":"https:\/\/revistahubclub.com.br\/portal\/2022\/11\/04\/jamming-joias-se-une-a-associacao-perolas-de-minas-e-ao-laboratorio-personal-em-prol-do-outubro-rosa\/","title":{"rendered":"Jamming Joias se une \u00e0 Associa\u00e7\u00e3o P\u00e9rolas de Minas e ao Laborat\u00f3rio Personal em prol do Outubro Rosa"},"content":{"rendered":"\n<p id=\"viewer-foo\"><em>Durante um m\u00eas, empresa doar\u00e1 5% do faturamento para a realiza\u00e7\u00e3o de exames gen\u00e9ticos em mulheres de baixa renda com diagn\u00f3stico de c\u00e2ncer de mama<\/em><\/p>\n\n\n\n<p id=\"viewer-3lc62\"><em>*Texto e foto: divulga\u00e7\u00e3o<\/em><\/p>\n\n\n\n<p id=\"viewer-ccl3p\">A Jamming Joias, marca das s\u00f3cias Paula Bernardes e Paola Paz, se uniu \u00e0 Associa\u00e7\u00e3o P\u00e9rolas de Minas e ao Laborat\u00f3rio Personal em prol do Outubro Rosa. Durante um m\u00eas, entre os dias 15 de outubro e 15 de novembro, a empresa ir\u00e1 doar 5% do faturamento de todas as vendas realizadas no site e na loja f\u00edsica para a realiza\u00e7\u00e3o de exames gen\u00e9ticos em mulheres de baixa renda com o diagn\u00f3stico de c\u00e2ncer de mama.<\/p>\n\n\n\n<p id=\"viewer-a0kni\">O objetivo da marca \u00e9 impactar de forma significativa a trajet\u00f3ria e o tratamento das pacientes, que n\u00e3o t\u00eam condi\u00e7\u00f5es financeiras de arcar com os custos de um exame de ponta, que fornece informa\u00e7\u00f5es que auxiliam na conduta m\u00e9dica, no tratamento e na orienta\u00e7\u00e3o a ser seguida por toda a fam\u00edlia.<\/p>\n\n\n\n<p id=\"viewer-7j3uq\">A a\u00e7\u00e3o ir\u00e1 contemplar todas as mulheres ajudadas pelo P\u00e9rolas de Minas que tiverem a indica\u00e7\u00e3o pr\u00e9via dos seus oncologistas para a realiza\u00e7\u00e3o do exame gen\u00e9tico. Elas dever\u00e3o preencher um question\u00e1rio elaborado por geneticistas volunt\u00e1rios e pelo corpo t\u00e9cnico do Laborat\u00f3rio Personal, que \u00e9 especializado nesse tipo de exame. A sele\u00e7\u00e3o das pacientes ser\u00e1 feita de acordo com a renda, hist\u00f3rico familiar da doen\u00e7a e idade do diagn\u00f3stico do c\u00e2ncer de mama.<\/p>\n\n\n\n<blockquote class=\"wp-block-quote is-layout-flow wp-block-quote-is-layout-flow\">\n<p>\u201cAs mulheres que forem selecionadas ir\u00e3o realizar o exame gen\u00e9tico no nosso laborat\u00f3rio e ser\u00e3o assessoradas do in\u00edcio ao fim por uma equipe volunt\u00e1ria de geneticistas renomados. Nosso intuito \u00e9 garantir tanto o suporte para orientar a equipe m\u00e9dica envolvida no tratamento como o apoio e acolhimento da paciente\u201d, explica Dra. Juliana Carneiro, Diretora Cient\u00edfica do Laborat\u00f3rio Personal.<\/p>\n<\/blockquote>\n\n\n\n<p id=\"viewer-8383m\">Al\u00e9m de possibilitar que mais mulheres tenham acesso ao teste gen\u00e9tico, que \u00e9 pouco acess\u00edvel e de alto custo, a Jamming tamb\u00e9m busca, com a a\u00e7\u00e3o, atingir e alertar mulheres entre 30 e 40 anos, que, em sua maioria, n\u00e3o consideram o risco de desenvolver o c\u00e2ncer de mama, mesmo que os casos nessa faixa et\u00e1ria estejam aumentando.<\/p>\n\n\n\n<blockquote class=\"wp-block-quote is-layout-flow wp-block-quote-is-layout-flow\">\n<p>\u201cEssa \u00e9 uma causa de extrema import\u00e2ncia que, n\u00f3s, como uma marca comprometida com causas de empoderamento, autocuidado e bem-estar feminino, fazemos quest\u00e3o de vestir a camisa. Queremos alertar as mulheres sobre a import\u00e2ncia de se tocar, fazer o autoexame e ter uma agenda anual de acompanhamento com ginecologista para a realiza\u00e7\u00e3o do ultrassom, j\u00e1 que a mamografia n\u00e3o \u00e9 indicada para a faixa et\u00e1ria entre os 30 e 40 anos\u201d, conta Paula.<\/p>\n<\/blockquote>\n\n\n\n<p id=\"viewer-dsjg9\">O P\u00e9rola de Minas \u00e9 uma associa\u00e7\u00e3o criada por mulheres que passaram pelo c\u00e2ncer de mama. \u201cAl\u00e9m de promovermos reuni\u00f5es, visitas e darmos apoio \u00e0s fam\u00edlias, n\u00f3s tamb\u00e9m distribu\u00edmos kits de autocuidado, para devolvermos um pouco da autoestima que muitas perdem durante o tratamento, e uma pulseira solid\u00e1ria, que \u00e9 o nosso principal amuleto. Feitas de p\u00e9rolas, cada pe\u00e7a carrega a hist\u00f3ria de supera\u00e7\u00e3o de uma integrante do grupo e \u00e9 um s\u00edmbolo de amor ao pr\u00f3ximo, esperan\u00e7a, coragem e agradecimento \u00e0 vida\u201d, explica Maria Luiza Oliveira, presidente associada volunt\u00e1ria.<\/p>\n\n\n\n<p id=\"viewer-cguc1\">Por ser uma marca amante das p\u00e9rolas, dos simbolismos e de hist\u00f3rias com significado, a Jamming n\u00e3o teve d\u00favidas ao escolher a associa\u00e7\u00e3o para a a\u00e7\u00e3o.<em> \u201cNos encantamos desde o primeiro momento com todo o trabalho realizado pela Associa\u00e7\u00e3o P\u00e9rolas de Minas. Queremos dar a essas mulheres de baixa renda acesso \u00e0 uma medicina personalizada e acreditamos que, ao longo da campanha, conseguiremos fazer a diferen\u00e7a na vida e no tratamento delas\u201d, afirma Paola.<\/em><\/p>\n\n\n\n<p id=\"viewer-2gq9o\"><strong><u>Sobre a Jamming Joias<\/u><\/strong> A Jamming Joias foi idealizada e desenvolvida pelas s\u00f3cias Paula Bernardes e Paola Paz para preencher uma lacuna no mercado e atender mulheres que nem sempre querem fazer altos investimentos em acess\u00f3rios, mas prezam pela qualidade e durabilidade dos produtos. A empresa desenvolve pe\u00e7as em prata de lei, que recebem uma camada espessa de ouro 18k ou de r\u00f3dio, metais nobres que garantem brilho, cor e resist\u00eancia, e todo o processo de montagem e acabamento dos acess\u00f3rios \u00e9 feito \u00e0 m\u00e3o, o que garante \u00e0 Jamming o selo de slow-fashion.<\/p>\n\n\n\n<p id=\"viewer-dg0hh\"><strong>Site:<\/strong> <a target=\"_blank\" href=\"https:\/\/jammingjoias.com.br\/\" rel=\"noreferrer noopener\">https:\/\/jammingjoias.com.br\/<\/a><\/p>\n\n\n\n<p id=\"viewer-1qdm8\"><strong>Instagram:<\/strong> <a target=\"_blank\" href=\"https:\/\/www.instagram.com\/jammingjoias\/\" rel=\"noreferrer noopener\">https:\/\/www.instagram.com\/jammingjoias\/<\/a><\/p>\n\n\n\n<p id=\"viewer-9bc9b\"><strong>Sobre a Associa\u00e7\u00e3o P\u00e9rolas de Minas<\/strong><\/p>\n\n\n\n<p id=\"viewer-9ueu7\">O P\u00e9rolas de Minas \u00e9 uma associa\u00e7\u00e3o criada por mulheres que passaram pelo c\u00e2ncer de mama e tem como objetivo apoiar e acolher pacientes que est\u00e3o em tratamento da doen\u00e7a. O P\u00e9rolas surgiu de uma lacuna, percebida pelas primeiras integrantes, de muitas mulheres que n\u00e3o tinham acesso \u00e0 informa\u00e7\u00e3o, n\u00e3o sabiam dos seus direitos devidos e se sentiam desamparadas e sem autoestima.<\/p>\n\n\n\n<p id=\"viewer-6n5bq\">Com cerca de 260 integrantes, a associa\u00e7\u00e3o promove reuni\u00f5es mensais, palestras, visitas, acompanhamento nas sess\u00f5es de quimioterapia e radioterapia, apoio \u00e0s fam\u00edlias e distribui kits de autocuidado (len\u00e7os, esmalte e batom) e a pulseira solid\u00e1ria. Sempre levando esperan\u00e7a e amparo \u00e0s mulheres, a pulseira solid\u00e1ria \u00e9 o principal amuleto do grupo. Feita de p\u00e9rolas, a pulseira foi criada com o objetivo de incentivar mulheres em tratamento do c\u00e2ncer de mama. Cada pulseira leva consigo a hist\u00f3ria de supera\u00e7\u00e3o de uma integrante do Grupo P\u00e9rolas de Minas, que venceu a doen\u00e7a. \u00c9 um s\u00edmbolo de amor ao pr\u00f3ximo, esperan\u00e7a, coragem e agradecimento \u00e0 vida.<\/p>\n\n\n\n<p id=\"viewer-2fas4\"><strong>Site: <\/strong><a target=\"_blank\" href=\"http:\/\/www.perolasmg.com.br\/\" rel=\"noreferrer noopener\">www.perolasmg.com.br<\/a><\/p>\n\n\n\n<p id=\"viewer-e734l\"><strong>Instagram: <\/strong><a target=\"_blank\" href=\"http:\/\/www.instagram.com\/perolasmg\/\" rel=\"noreferrer noopener\">www.instagram.com\/perolasmg\/<\/a><\/p>\n\n\n\n<p id=\"viewer-b3cv6\"><strong>E-mail: <\/strong><a target=\"_blank\" href=\"mailto:perolasminasgerais@yahoo.com.br\" rel=\"noreferrer noopener\">perolasminasgerais@yahoo.com.br<\/a><\/p>\n\n\n\n<p id=\"viewer-8d098\"><strong>Sobre o Laborat\u00f3rio Personal<\/strong><\/p>\n\n\n\n<p id=\"viewer-bag4h\">O Laborat\u00f3rio Personal atua desde 2017 na realiza\u00e7\u00e3o de exames gen\u00e9ticos, um dos pilares da medicina personalizada. Cada indiv\u00edduo possui um perfil gen\u00e9tico \u00fanico e este perfil deve ser considerado para a defini\u00e7\u00e3o do tratamento mais eficaz para cada paciente. A equipe do laborat\u00f3rio \u00e9 formada por profissionais capacitados, desde m\u00e9dicos oncologistas e geneticistas, at\u00e9 bi\u00f3logos e biom\u00e9dicos com expertise na realiza\u00e7\u00e3o e interpreta\u00e7\u00e3o de exames gen\u00e9ticos.<\/p>\n\n\n\n<p id=\"viewer-c3j9t\">O c\u00e2ncer \u00e9 uma doen\u00e7a causada por diferentes fatores; entretanto, hoje j\u00e1 se sabe que o fator gen\u00e9tico possui grande relev\u00e2ncia, tanto para o risco de desenvolvimento do tumor, quanto para predizer uma melhor resposta do paciente oncol\u00f3gico a tratamentos. Sabe-se tamb\u00e9m que uma parcela dos c\u00e2nceres \u00e9 germinativa (proveniente das c\u00e9lulas que d\u00e3o origem aos gametas). Isso significa que o paciente, nesses casos, nasce com uma muta\u00e7\u00e3o gen\u00e9tica que aumenta o risco de desenvolvimento da doen\u00e7a durante sua vida.<\/p>\n\n\n\n<p id=\"viewer-fcsng\">Pacientes com c\u00e2ncer em idade precoce, e aqueles que possuem hist\u00f3ria de c\u00e2ncer na fam\u00edlia possuem uma chance de ter nascido com uma muta\u00e7\u00e3o gen\u00e9tica que contribuiu para o surgimento da doen\u00e7a. Existem diferentes testes gen\u00e9ticos com potencial de detectar essas altera\u00e7\u00f5es gen\u00e9ticas germinativas. Este exame \u00e9 uma ferramenta que contribui e direciona a defini\u00e7\u00e3o da conduta m\u00e9dica no tratamento. Al\u00e9m disso, \u00e9 uma importante ferramenta para avaliar o progn\u00f3stico do paciente, e tamb\u00e9m possibilita a realiza\u00e7\u00e3o do aconselhamento gen\u00e9tico para as fam\u00edlias dos pacientes que possuem a muta\u00e7\u00e3o.<\/p>\n\n\n\n<p id=\"viewer-a0lri\">A equipe do Personal acredita que a medicina personalizada n\u00e3o envolve apenas o exame, mas deve compreender todo o atendimento e acolhimento ao paciente que, muitas vezes, encontra-se desamparado e precisando de apoio. S\u00e3o realizadas consultorias antes e ap\u00f3s a realiza\u00e7\u00e3o dos exames, esclarecendo qualquer d\u00favida que m\u00e9dicos e pacientes possam vir a ter.<\/p>\n\n\n\n<p id=\"viewer-44ee3\"><strong>Site:<\/strong> <a target=\"_blank\" href=\"http:\/\/www.personaldiagnostica.com.br\/\" rel=\"noreferrer noopener\">www.personaldiagnostica.com.br<\/a><\/p>\n\n\n\n<p id=\"viewer-359j6\"><strong>Instagram: <\/strong><a target=\"_blank\" href=\"http:\/\/www.instagram.com\/personaldiagnostica\/\" rel=\"noreferrer noopener\">www.instagram.com\/personaldiagnostica\/<\/a><\/p>\n\n\n\n<p id=\"viewer-e9t7d\"><strong>E-mail:<\/strong> <a target=\"_blank\" href=\"mailto:biomol@personaldiagnostica.com.br\" rel=\"noreferrer noopener\">biomol@personaldiagnostica.com.br<\/a><\/p>\n","protected":false},"excerpt":{"rendered":"<p>Durante um m\u00eas, empresa doar\u00e1 5% do faturamento para a realiza\u00e7\u00e3o de exames gen\u00e9ticos em mulheres de baixa renda com diagn\u00f3stico de c\u00e2ncer de mama *Texto e foto: divulga\u00e7\u00e3o A<\/p>\n","protected":false},"author":1,"featured_media":5721,"comment_status":"open","ping_status":"open","sticky":false,"template":"","format":"standard","meta":{"footnotes":""},"categories":[1],"tags":[],"class_list":["post-5720","post","type-post","status-publish","format-standard","has-post-thumbnail","hentry","category-noticias"],"_links":{"self":[{"href":"https:\/\/revistahubclub.com.br\/portal\/wp-json\/wp\/v2\/posts\/5720","targetHints":{"allow":["GET"]}}],"collection":[{"href":"https:\/\/revistahubclub.com.br\/portal\/wp-json\/wp\/v2\/posts"}],"about":[{"href":"https:\/\/revistahubclub.com.br\/portal\/wp-json\/wp\/v2\/types\/post"}],"author":[{"embeddable":true,"href":"https:\/\/revistahubclub.com.br\/portal\/wp-json\/wp\/v2\/users\/1"}],"replies":[{"embeddable":true,"href":"https:\/\/revistahubclub.com.br\/portal\/wp-json\/wp\/v2\/comments?post=5720"}],"version-history":[{"count":1,"href":"https:\/\/revistahubclub.com.br\/portal\/wp-json\/wp\/v2\/posts\/5720\/revisions"}],"predecessor-version":[{"id":5722,"href":"https:\/\/revistahubclub.com.br\/portal\/wp-json\/wp\/v2\/posts\/5720\/revisions\/5722"}],"wp:featuredmedia":[{"embeddable":true,"href":"https:\/\/revistahubclub.com.br\/portal\/wp-json\/wp\/v2\/media\/5721"}],"wp:attachment":[{"href":"https:\/\/revistahubclub.com.br\/portal\/wp-json\/wp\/v2\/media?parent=5720"}],"wp:term":[{"taxonomy":"category","embeddable":true,"href":"https:\/\/revistahubclub.com.br\/portal\/wp-json\/wp\/v2\/categories?post=5720"},{"taxonomy":"post_tag","embeddable":true,"href":"https:\/\/revistahubclub.com.br\/portal\/wp-json\/wp\/v2\/tags?post=5720"}],"curies":[{"name":"wp","href":"https:\/\/api.w.org\/{rel}","templated":true}]}}