{"id":5726,"date":"2022-11-04T21:23:00","date_gmt":"2022-11-05T00:23:00","guid":{"rendered":"https:\/\/revistahubclub.com.br\/portal\/?p=5726"},"modified":"2024-12-18T21:23:48","modified_gmt":"2024-12-19T00:23:48","slug":"3a-edicao-da-fliti-movimenta-tiradentes","status":"publish","type":"post","link":"https:\/\/revistahubclub.com.br\/portal\/2022\/11\/04\/3a-edicao-da-fliti-movimenta-tiradentes\/","title":{"rendered":"3\u00aa edi\u00e7\u00e3o da FLITI movimenta Tiradentes"},"content":{"rendered":"\n<p id=\"viewer-foo\"><em>Feira Liter\u00e1ria de Tiradentes que come\u00e7ou dia 3 e segue at\u00e9 dia 6 de novembro conta com apresenta\u00e7\u00f5es liter\u00e1rias, lan\u00e7amento de livros, exibi\u00e7\u00e3o de filmes, recitais, oficinas de desenho, rodas liter\u00e1rias, conta\u00e7\u00f5es de hist\u00f3rias e venda de livros a pre\u00e7os promocionais pelas editoras.<\/em><\/p>\n\n\n\n<p id=\"viewer-2hkg4\"><em>*Por Divulga\u00e7\u00e3o<\/em> <em>Imagens: V<\/em><em>ivi Silva<\/em><\/p>\n\n\n\n<p id=\"viewer-i0ua\">Come\u00e7ou na quinta-feira (3) e segue at\u00e9 domingo (6) a 3\u00aa edi\u00e7\u00e3o da Feira Liter\u00e1ria de Tiradentes, que est\u00e1 com uma extensa programa\u00e7\u00e3o. S\u00e3o tr\u00eas espa\u00e7os de eventos simult\u00e2neos: Arena Liter\u00e1ria I, Arena Liter\u00e1ria II e Exposi\u00e7\u00e3o e Exibi\u00e7\u00e3o de Filmes no Centro Cultural Yves Alves \u2013 CCYA. Os filmes exibidos s\u00e3o: Era uma vez um menino de 90 anos, em homenagem ao anivers\u00e1rio do escritor Ziraldo. O Menino Maluquinho 1, o filme, o Menino Maluquinho 2, a aventura e Ziraldo, era uma vez um menino.<\/p>\n\n\n\n<p id=\"viewer-5a0ng\">Al\u00e9m desses espa\u00e7os, tem ainda o \u00d4nibus Biblioteca da FLITI que est\u00e1 estacionado no Lago das Merc\u00eas com conta\u00e7\u00f5es de hist\u00f3rias, oficinas de desenho e recitais.<\/p>\n\n\n\n<p id=\"viewer-fd2tt\"><strong>O que rolou na quinta-feira<\/strong><\/p>\n\n\n\n<figure class=\"wp-block-image\"><img loading=\"lazy\" decoding=\"async\" width=\"350\" height=\"525\" src=\"https:\/\/revistahubclub.com.br\/portal\/wp-content\/uploads\/2024\/12\/cf07ad_0b154326924144b19a5284c7420fefadmv2.jpg\" alt=\"\" class=\"wp-image-5728\" srcset=\"https:\/\/revistahubclub.com.br\/portal\/wp-content\/uploads\/2024\/12\/cf07ad_0b154326924144b19a5284c7420fefadmv2.jpg 350w, https:\/\/revistahubclub.com.br\/portal\/wp-content\/uploads\/2024\/12\/cf07ad_0b154326924144b19a5284c7420fefadmv2-200x300.jpg 200w\" sizes=\"auto, (max-width: 350px) 100vw, 350px\" \/><\/figure>\n\n\n\n<p id=\"viewer-91gnf\">Alguns destaques da programa\u00e7\u00e3o foram: conversa sobre os 40 anos do livro <strong>Casos de Minas<\/strong> com Olavo Romano, bate-papo com Hidelbrando Pontes sobre os livros <strong>Tempo Guardado<\/strong> e <strong>O jardim da vov\u00f3<\/strong>; Roda Ilustrada com Roger Mello, Guto Lins e Dem\u00f3stenes Dumond; lan\u00e7amento do livro <strong>No Mundo de Flora<\/strong>, escrito por m\u00e3e e filha: Ana Claudia Ramos e Layla Ramos; o lan\u00e7amento do livro <strong>Tarsila<\/strong>, uma vida doce amarga com Mary Del Priore, a mesa Direitos Humanos e Literatura, com Fernando Arosa e Pen\u00e9lope Martins e o lan\u00e7amento do livro <strong>As Alucina\u00e7\u00f5es de Apolis<\/strong>, com Irones Paula e distribui\u00e7\u00e3o de livros do autor.<\/p>\n\n\n\n<blockquote class=\"wp-block-quote is-layout-flow wp-block-quote-is-layout-flow\">\n<p>\u201cTarsila foi uma grande figura, mas, somente a partir dos anos 70. Antes disso, a vida dela foi muito dif\u00edcil e sofrida. Existe pouca coisa de Tarsila em rela\u00e7\u00e3o ao que eu queria recuperar da hist\u00f3ria dela, focando na hist\u00f3ria da mulher, mas, aqui eu come\u00e7ando contando a hist\u00f3ria dela\u201d, discorre Del Priori.<\/p>\n<\/blockquote>\n\n\n\n<figure class=\"wp-block-image\"><img loading=\"lazy\" decoding=\"async\" width=\"350\" height=\"467\" src=\"https:\/\/revistahubclub.com.br\/portal\/wp-content\/uploads\/2024\/12\/cf07ad_daa9811957d04876b1bab33268c9e3d2mv2.jpg\" alt=\"\" class=\"wp-image-5730\" srcset=\"https:\/\/revistahubclub.com.br\/portal\/wp-content\/uploads\/2024\/12\/cf07ad_daa9811957d04876b1bab33268c9e3d2mv2.jpg 350w, https:\/\/revistahubclub.com.br\/portal\/wp-content\/uploads\/2024\/12\/cf07ad_daa9811957d04876b1bab33268c9e3d2mv2-225x300.jpg 225w\" sizes=\"auto, (max-width: 350px) 100vw, 350px\" \/><\/figure>\n\n\n\n<p id=\"viewer-gr2h\">Irones de Paula contou que <strong>As Alucina\u00e7\u00f5es de Apolis <\/strong>n\u00e3o foi divulgado, pois s\u00e3o hist\u00f3rias que n\u00e3o podiam ser contadas. O livro traz alucina\u00e7\u00f5es de um funcion\u00e1rio p\u00fablico que trabalhou para o Governo brasileiro durante anos e mostra em forma de um sonho as falcatruas, corrup\u00e7\u00e3o e tudo o que n\u00e3o deveria ser feito com o dinheiro p\u00fablico.<\/p>\n\n\n\n<p id=\"viewer-6rvls\">Fechando o dia, teve <strong>A vida \u00e9 uma hist\u00f3ria de suspense<\/strong>, bate-papo com o ator e escritor Paulo Reis, apresenta\u00e7\u00e3o musical com o <strong>Coral Entre &amp; Vista<\/strong> e apresenta\u00e7\u00e3o do espet\u00e1culo <strong>Todo mundo \u00e9 igual mesmo sendo diferente<\/strong>, com Jujuba e Ana.<\/p>\n\n\n\n<p id=\"viewer-e376i\">Paulo tem 50 anos de carreira como ator e diretor em teatro, televis\u00e3o e cinema. <em>\u201cAos 70 anos rec\u00e9m completados eu resolvi dar meu testemunho sobre o que vi e vivi nesse planeta durante essas sete d\u00e9cadas, antes que fosse tarde demais. Estou escrevendo uma trilogia de suspense. J\u00e1 publiquei dois primeiros volumes e estou terminando o terceiro que lan\u00e7o entre janeiro e ma\u00e7o de 2023. Escolhi o suspense para estrear como romancista, pois neste planeta aqui temos muito pouca certeza: a morte \u00e9 certa, e a outra que a morte pode ser a qualquer momento, at\u00e9 mesmo agora. Ent\u00e3o, a vida \u00e9 uma hist\u00f3ria de suspense e atrai tanto a humanidade\u201d.<\/em><\/p>\n\n\n\n<p id=\"viewer-48bsq\"><strong>Programa\u00e7\u00e3o<\/strong><\/p>\n\n\n\n<p id=\"viewer-d9oni\">A FLITI segue nesta sexta-feira (4) com uma grande programa\u00e7\u00e3o e nomes consagrados da literatura brasileira, al\u00e9m de autores regionais. Veja a <a target=\"_blank\" href=\"https:\/\/fliti.org.br\/\" rel=\"noreferrer noopener\"><u>programa\u00e7\u00e3o completa aqui<\/u><\/a>.<\/p>\n\n\n\n<figure class=\"wp-block-image\"><img loading=\"lazy\" decoding=\"async\" width=\"740\" height=\"555\" src=\"https:\/\/revistahubclub.com.br\/portal\/wp-content\/uploads\/2024\/12\/cf07ad_03b32f6c3eac48ea919802b4b2277c2emv2.jpg\" alt=\"\" class=\"wp-image-5729\" srcset=\"https:\/\/revistahubclub.com.br\/portal\/wp-content\/uploads\/2024\/12\/cf07ad_03b32f6c3eac48ea919802b4b2277c2emv2.jpg 740w, https:\/\/revistahubclub.com.br\/portal\/wp-content\/uploads\/2024\/12\/cf07ad_03b32f6c3eac48ea919802b4b2277c2emv2-300x225.jpg 300w, https:\/\/revistahubclub.com.br\/portal\/wp-content\/uploads\/2024\/12\/cf07ad_03b32f6c3eac48ea919802b4b2277c2emv2-200x150.jpg 200w\" sizes=\"auto, (max-width: 740px) 100vw, 740px\" \/><\/figure>\n\n\n\n<p id=\"viewer-aia55\"><strong>FLITI<\/strong><\/p>\n\n\n\n<p id=\"viewer-n5pf\">A FLITI est\u00e1 entre os principais eventos de difus\u00e3o do livro e o incentivo ao h\u00e1bito da leitura, proporcionando o contato com autores locais e do estado de Minas Gerais. A oportunidade de ler e ouvir hist\u00f3rias \u00e9 uma importante e poderosa ferramenta de inclus\u00e3o para crian\u00e7as, jovens, idosos e pessoas com defici\u00eancia (PcD). A FLITI vem construir um novo olhar por meio da leitura e do universo liter\u00e1rio.<\/p>\n\n\n\n<blockquote class=\"wp-block-quote is-layout-flow wp-block-quote-is-layout-flow\">\n<p>\u201cA FLITI permite um encontro de grande autores e temas e prop\u00f5e-se a popularizar o livro atrav\u00e9s da democratiza\u00e7\u00e3o do acesso, fomento \u00e0 leitura, \u00e0 arte, \u00e0 cultura, al\u00e9m de incentivar o mercado econ\u00f4mico do setor\u201d, explica a carioca Cristina Figueiredo, idealizadora do evento. A popula\u00e7\u00e3o ter\u00e1 acesso a escritores locais e nacionais, editoras e livreiros.<\/p>\n<\/blockquote>\n\n\n\n<p id=\"viewer-4fsqi\"><strong>SERVI\u00c7O<\/strong><\/p>\n\n\n\n<p id=\"viewer-3i1sa\">Mais informa\u00e7\u00f5es: https:\/\/fliti.org.br\/<\/p>\n\n\n\n<p id=\"viewer-1aitg\">DATA: 03 a 06 de Novembro de 2022<\/p>\n\n\n\n<p id=\"viewer-fts4r\">LOCAL: Gramado do Sant\u00edssimo Resort, Largo das Merc\u00eas e no centro de Cultura Yves Alves, localizado no Centro Hist\u00f3rico de Tiradentes-MG<\/p>\n\n\n\n<p id=\"viewer-39re9\">MAIS INFORMA\u00c7\u00d5ES: 21 96404-9863 @flitifeiraliterariatiradentes<\/p>\n\n\n\n<p id=\"viewer-9jh78\">PATROCINADORES &#8211; New Holland, Ita\u00fa Unibanco, Cemig, Est\u00e1cio e Qualicorp<\/p>\n","protected":false},"excerpt":{"rendered":"<p>Feira Liter\u00e1ria de Tiradentes que come\u00e7ou dia 3 e segue at\u00e9 dia 6 de novembro conta com apresenta\u00e7\u00f5es liter\u00e1rias, lan\u00e7amento de livros, exibi\u00e7\u00e3o de filmes, recitais, oficinas de desenho, rodas<\/p>\n","protected":false},"author":1,"featured_media":5727,"comment_status":"open","ping_status":"open","sticky":false,"template":"","format":"standard","meta":{"footnotes":""},"categories":[1],"tags":[],"class_list":["post-5726","post","type-post","status-publish","format-standard","has-post-thumbnail","hentry","category-noticias"],"_links":{"self":[{"href":"https:\/\/revistahubclub.com.br\/portal\/wp-json\/wp\/v2\/posts\/5726","targetHints":{"allow":["GET"]}}],"collection":[{"href":"https:\/\/revistahubclub.com.br\/portal\/wp-json\/wp\/v2\/posts"}],"about":[{"href":"https:\/\/revistahubclub.com.br\/portal\/wp-json\/wp\/v2\/types\/post"}],"author":[{"embeddable":true,"href":"https:\/\/revistahubclub.com.br\/portal\/wp-json\/wp\/v2\/users\/1"}],"replies":[{"embeddable":true,"href":"https:\/\/revistahubclub.com.br\/portal\/wp-json\/wp\/v2\/comments?post=5726"}],"version-history":[{"count":1,"href":"https:\/\/revistahubclub.com.br\/portal\/wp-json\/wp\/v2\/posts\/5726\/revisions"}],"predecessor-version":[{"id":5731,"href":"https:\/\/revistahubclub.com.br\/portal\/wp-json\/wp\/v2\/posts\/5726\/revisions\/5731"}],"wp:featuredmedia":[{"embeddable":true,"href":"https:\/\/revistahubclub.com.br\/portal\/wp-json\/wp\/v2\/media\/5727"}],"wp:attachment":[{"href":"https:\/\/revistahubclub.com.br\/portal\/wp-json\/wp\/v2\/media?parent=5726"}],"wp:term":[{"taxonomy":"category","embeddable":true,"href":"https:\/\/revistahubclub.com.br\/portal\/wp-json\/wp\/v2\/categories?post=5726"},{"taxonomy":"post_tag","embeddable":true,"href":"https:\/\/revistahubclub.com.br\/portal\/wp-json\/wp\/v2\/tags?post=5726"}],"curies":[{"name":"wp","href":"https:\/\/api.w.org\/{rel}","templated":true}]}}