{"id":5755,"date":"2022-11-01T21:26:00","date_gmt":"2022-11-02T00:26:00","guid":{"rendered":"https:\/\/revistahubclub.com.br\/portal\/?p=5755"},"modified":"2024-12-18T21:27:13","modified_gmt":"2024-12-19T00:27:13","slug":"emcantar-social-divulga-agenda-de-apresentacoes-culturais-deste-fim-de-ano-em-uberlandia","status":"publish","type":"post","link":"https:\/\/revistahubclub.com.br\/portal\/2022\/11\/01\/emcantar-social-divulga-agenda-de-apresentacoes-culturais-deste-fim-de-ano-em-uberlandia\/","title":{"rendered":"EMCANTAR Social divulga agenda de apresenta\u00e7\u00f5es culturais deste fim de ano em Uberl\u00e2ndia"},"content":{"rendered":"\n<p id=\"viewer-foo\"><em>Eventos come\u00e7am nos dias 03\/11 no CEU Shopping Park, 04\/11 no Cineteatro Nininha Rocha localizado no Centro Municipal de Cultura e 10\/11 no Teatro de Bolso do Mercado. Confira mais abaixo!<\/em><\/p>\n\n\n\n<p id=\"viewer-cn2bk\"><em>* Por Ciclo Assessoria<\/em><\/p>\n\n\n\n<p id=\"viewer-5urvv\"><em>( Crian\u00e7as do EMCANTAR Social &#8211; Foto: Yuji Kodato )<\/em><\/p>\n\n\n\n<p id=\"viewer-dpg3c\">Ap\u00f3s quase dois anos trabalhando com oficinas remotas por causa da pandemia, o EMCANTAR Social retomou em 2022 as atividades presenciais com centenas de crian\u00e7as e adolescentes da periferia de Uberl\u00e2ndia (MG). E retomou expandindo sua atua\u00e7\u00e3o para diversas institui\u00e7\u00f5es sociais, levando arte e transforma\u00e7\u00e3o para regi\u00f5es da cidade onde o acesso aos bens culturais \u00e9 menor.<\/p>\n\n\n\n<p id=\"viewer-9gvhk\">Ao todo, mais de 450 atividades de forma\u00e7\u00e3o foram realizadas ao longo deste ano com crian\u00e7as e jovens de 06 a 16 anos, nos bairros Jardim Calif\u00f3rnia, Cana\u00e3 e S\u00e3o Jorge.<\/p>\n\n\n\n<p id=\"viewer-5pkcj\">Durante as oficinas, que s\u00e3o gratuitas e acontecem semanalmente, o EMCANTAR Social aplica as metodologias \u2018Cultura do Brincar\u2019 e \u2018Viv\u00eancia e Cria\u00e7\u00e3o Art\u00edsticas\u2019, sistematizadas na Pedagogia do Encantamento, fruto de seus mais de 25 anos de trabalho ligado \u00e0 Cultura e \u00e0 Educa\u00e7\u00e3o.<\/p>\n\n\n\n<p id=\"viewer-epcam\">\u201cAtrav\u00e9s das linguagens de artes c\u00eanicas, literatura, m\u00fasica e brincadeiras da cultura popular, associadas a processos de est\u00edmulo, cria\u00e7\u00e3o e produ\u00e7\u00e3o art\u00edsticas, pretendemos colaborar para o desenvolvimento humano dos participantes e seu encantamento com o mundo por meio da arte\u201d, afirma Ana Lopez, diretora executiva do EMCANTAR.<\/p>\n\n\n\n<p id=\"viewer-33o4c\"><strong>Cotidiano<\/strong><\/p>\n\n\n\n<p id=\"viewer-74lr6\">Segundo a arte-educadora, Renata Ribeiro, no dia a dia, o processo das oficinas \u00e9 muito curioso. \u201cIndependentemente dos est\u00edmulos que n\u00f3s levamos para eles, os alunos sempre trazem respostas surpreendentes. Os menores se encantam mais pela cultura popular, j\u00e1 os maiores gostam muito dos est\u00edmulos de cria\u00e7\u00e3o, quando s\u00e3o instigados a protagonizar algo. O nosso principal objetivo \u00e9 proporcionar a eles esse contato com as diversas linguagens art\u00edsticas para que possam experiment\u00e1-las, se descobrirem e se desenvolverem com a ajuda da arte. Eu vejo diariamente a transforma\u00e7\u00e3o que estas oficinas fazem na vida deles\u201d, conta Ribeiro.<\/p>\n\n\n\n<p id=\"viewer-nc7u\">Para Gabriella Evelyn dos Santos, de 15 anos, participante do EMCANTAR Social na institui\u00e7\u00e3o Creches Comunit\u00e1rias Associadas de Uberl\u00e2ndia \u2013 CCAU, a impress\u00e3o \u00e9 que h\u00e1 sempre algo com que se encantar. \u201cEu j\u00e1 tinha ouvido falar do EMCANTAR. Mas, participar da oficina \u00e9 mais: \u00e9 tamb\u00e9m expressar sua voz, levar arte para os outros. Aqui, no mesmo momento em que a gente se junta para ensaiar \u00e9 o mesmo tempo em que a gente brinca\u201d, diz.<\/p>\n\n\n\n<p id=\"viewer-6gfsv\"><strong>Programe-se para as apresenta\u00e7\u00f5es do EMCANTAR Social!<\/strong> <strong>Todos os eventos s\u00e3o gratuitos!<\/strong><\/p>\n\n\n\n<p id=\"viewer-4v3cl\">03\/11 \u00e0s 15h30 &#8211; CEU Shopping Park<\/p>\n\n\n\n<p id=\"viewer-baql1\">04\/11 \u00e0s 19h &#8211; Centro Municipal de Cultura &#8211; Cineteatro Nininha Rocha (retirada de ingressos no dia a partir das 18h)<\/p>\n\n\n\n<p id=\"viewer-1hdop\">10\/11 \u00e0s 19h &#8211; Teatro de Bolso do Mercado Municipal<\/p>\n\n\n\n<p id=\"viewer-1n8fa\">21\/11 \u00e0s 9h &#8211; Instituto SOS Fam\u00edlia &#8211; Unidade Planalto<\/p>\n\n\n\n<p id=\"viewer-4vc3e\">21\/11 \u00e0s 15h \u2013 Comunidade CASA \u2013 Unidade Tubalina<\/p>\n\n\n\n<p id=\"viewer-72d9o\">24\/11 \u00e0s 10h &#8211; Escola Municipal Prof\u00aa Irene Monteiro Jorge<\/p>\n\n\n\n<p id=\"viewer-9kt5p\">30\/11 \u00e0s 9h30 &#8211; Escola Municipal Prof. Milton de Magalh\u00e3es Porto<\/p>\n\n\n\n<p id=\"viewer-c50v4\">01\/12 \u00e0s 15h \u2013 Escola Municipal Prof. Domingos Pimentel de Ulh\u00f4a<\/p>\n\n\n\n<p id=\"viewer-cg5lp\">07\/12 \u00e0s 9h30 &#8211; Escola Estadual Jo\u00e3o Rezende<\/p>\n\n\n\n<p id=\"viewer-96hul\">08\/12 \u00e0s 9h30 &#8211; ONG A\u00e7\u00e3o Moradia<\/p>\n\n\n\n<p id=\"viewer-a028l\">As oficinas do EMCANTAR Social fazem parte dos projetos Manuten\u00e7\u00e3o EMCANTAR (CA 2018.13609.0106), viabilizado pela Lei Estadual de Incentivo \u00e0 Cultura de Minas Gerais, com patroc\u00ednio do Instituto Algar e parceria do Programa Transforma.<\/p>\n\n\n\n<p id=\"viewer-307ml\"><strong>MAIS SOBRE O EMCANTAR &#8211;<\/strong> Fazer arte e encantar pessoas! \u00c9 assim que h\u00e1 25 anos, a Cia. Cultural EMCANTAR combina Cultura e Educa\u00e7\u00e3o, porque acredita que a arte tem o poder de encantar e inspirar as pessoas a vivenciar seus potenciais. Com duas frentes de atua\u00e7\u00e3o \u2013 o Grupo EMCANTAR e o EMCANTAR SOCIAL \u2013 a companhia realiza produ\u00e7\u00f5es art\u00edstico-culturais e projetos sociais de forma\u00e7\u00e3o para inf\u00e2ncia e juventude. Em mais de duas d\u00e9cadas, j\u00e1 reuniu mais de 400 mil pessoas em espet\u00e1culos, 20 mil crian\u00e7as e adolescentes e pessoas da comunidade beneficiados em projetos sociais, mais de 100 projetos desenvolvidos, al\u00e9m de 10 t\u00edtulos e premia\u00e7\u00f5es.<\/p>\n\n\n\n<p id=\"viewer-fprua\"><strong>SOBRE INSTITUTO ALGAR &#8211; <\/strong>H\u00e1 duas d\u00e9cadas, o Instituto Algar se dedica a contribuir com o desenvolvimento de pessoas. De forma colaborativa, unimos esfor\u00e7os e institui\u00e7\u00f5es para desenvolver a comunidade, por meio da educa\u00e7\u00e3o, do esporte, da cultura e do voluntariado. Enxergar o potencial de cada crian\u00e7a, adolescente e jovem dos nossos programas sociais \u00e9 o que nos inspira. Nessa trajet\u00f3ria, mais de meio milh\u00e3o de vidas j\u00e1 foram transformadas. Instituto Algar. H\u00e1 20 anos conectando pessoas \u00e0s oportunidades.<\/p>\n","protected":false},"excerpt":{"rendered":"<p>Eventos come\u00e7am nos dias 03\/11 no CEU Shopping Park, 04\/11 no Cineteatro Nininha Rocha localizado no Centro Municipal de Cultura e 10\/11 no Teatro de Bolso do Mercado. Confira mais<\/p>\n","protected":false},"author":1,"featured_media":5756,"comment_status":"open","ping_status":"open","sticky":false,"template":"","format":"standard","meta":{"footnotes":""},"categories":[1],"tags":[],"class_list":["post-5755","post","type-post","status-publish","format-standard","has-post-thumbnail","hentry","category-noticias"],"_links":{"self":[{"href":"https:\/\/revistahubclub.com.br\/portal\/wp-json\/wp\/v2\/posts\/5755","targetHints":{"allow":["GET"]}}],"collection":[{"href":"https:\/\/revistahubclub.com.br\/portal\/wp-json\/wp\/v2\/posts"}],"about":[{"href":"https:\/\/revistahubclub.com.br\/portal\/wp-json\/wp\/v2\/types\/post"}],"author":[{"embeddable":true,"href":"https:\/\/revistahubclub.com.br\/portal\/wp-json\/wp\/v2\/users\/1"}],"replies":[{"embeddable":true,"href":"https:\/\/revistahubclub.com.br\/portal\/wp-json\/wp\/v2\/comments?post=5755"}],"version-history":[{"count":1,"href":"https:\/\/revistahubclub.com.br\/portal\/wp-json\/wp\/v2\/posts\/5755\/revisions"}],"predecessor-version":[{"id":5757,"href":"https:\/\/revistahubclub.com.br\/portal\/wp-json\/wp\/v2\/posts\/5755\/revisions\/5757"}],"wp:featuredmedia":[{"embeddable":true,"href":"https:\/\/revistahubclub.com.br\/portal\/wp-json\/wp\/v2\/media\/5756"}],"wp:attachment":[{"href":"https:\/\/revistahubclub.com.br\/portal\/wp-json\/wp\/v2\/media?parent=5755"}],"wp:term":[{"taxonomy":"category","embeddable":true,"href":"https:\/\/revistahubclub.com.br\/portal\/wp-json\/wp\/v2\/categories?post=5755"},{"taxonomy":"post_tag","embeddable":true,"href":"https:\/\/revistahubclub.com.br\/portal\/wp-json\/wp\/v2\/tags?post=5755"}],"curies":[{"name":"wp","href":"https:\/\/api.w.org\/{rel}","templated":true}]}}