{"id":5859,"date":"2022-10-25T21:37:00","date_gmt":"2022-10-26T00:37:00","guid":{"rendered":"https:\/\/revistahubclub.com.br\/portal\/?p=5859"},"modified":"2024-12-18T21:38:01","modified_gmt":"2024-12-19T00:38:01","slug":"jovens-do-projeto-artemove-em-preparacao-para-a-vida-e-o-trabalho","status":"publish","type":"post","link":"https:\/\/revistahubclub.com.br\/portal\/2022\/10\/25\/jovens-do-projeto-artemove-em-preparacao-para-a-vida-e-o-trabalho\/","title":{"rendered":"Jovens do Projeto ArteMove em prepara\u00e7\u00e3o para a vida e o trabalho"},"content":{"rendered":"\n<p id=\"viewer-foo\"><em>Forma\u00e7\u00e3o por meio da arte e empreendedorismo acontece em Uberl\u00e2ndia com 120 jovens.<\/em><\/p>\n\n\n\n<p id=\"viewer-8ah82\"><em>( Imagem de divulga\u00e7\u00e3o )<\/em><\/p>\n\n\n\n<p id=\"viewer-e6o5q\">Uma forma\u00e7\u00e3o de jovens com uma vis\u00e3o de vida e atitudes empreendedoras, impulsionada com viv\u00eancias art\u00edstico-culturais para transformar sonhos em realidade. O projeto ArteMove \u2013 Cultura e Empreendedorismo foi pensado para contribuir no desenvolvimento do protagonismo juvenil, preparando os educandos para a vida e a transi\u00e7\u00e3o entre o mundo da educa\u00e7\u00e3o e o mundo do trabalho.<\/p>\n\n\n\n<p id=\"viewer-akjqq\">O projeto \u00e9 fruto dos mais de 14 anos de parceria entre o EMCANTAR Social e o IAMAR \u2013 Instituto Alair Martins, que possuem vasta experi\u00eancia quando o assunto \u00e9 forma\u00e7\u00e3o para o desenvolvimento humano. As organiza\u00e7\u00f5es juntaram duas de suas metodologias neste projeto, que teve in\u00edcio em 2021, com o objetivo de expandir o impacto do eZAPe! Virtudes Empreendedoras, programa educacional do IAMAR que j\u00e1 formou mais de 65 mil jovens no sentido de dot\u00e1-los de uma filosofia de vida que seja funcional para sua emancipa\u00e7\u00e3o pessoal, social e produtiva.<\/p>\n\n\n\n<p id=\"viewer-413q1\">A tecnologia social do IAMAR \u00e9 pautada na Pedagogia da Presen\u00e7a, com uso de exemplos atrav\u00e9s de hist\u00f3rias inspiradoras de vida, e no desenvolvimento de Projetos como elemento pr\u00e1tico para transformar sonhos em realidade. O eZAPe! visa contribuir com a forma\u00e7\u00e3o de um jovem aut\u00f4nomo, solid\u00e1rio e capaz de inserir-se no mundo do trabalho.<\/p>\n\n\n\n<p id=\"viewer-8kf9b\">Na concep\u00e7\u00e3o do EMCANTAR, cultivar virtudes \u00e9 essencial para o desenvolvimento de uma pessoa j\u00e1 que elas se configuram em h\u00e1bitos capazes de levar algu\u00e9m \u00e0 excel\u00eancia, ao que h\u00e1 de melhor na condi\u00e7\u00e3o humana. A Pedagogia do Encantamento conecta-se ao eZAPe! justamente com o fortalecimento do empreendedorismo no seu sentido mais amplo, por meio dos conceitos de equipe, protagonismo, lideran\u00e7a e afetividade. N\u00e3o \u00e9 s\u00f3 empreender no neg\u00f3cio, mas empreender na vida e a arte tem esse poder!<\/p>\n\n\n\n<p id=\"viewer-a0dt8\"><strong>120 alunos vivenciam a experi\u00eancia neste momento<\/strong><\/p>\n\n\n\n<p id=\"viewer-2gm4h\">Em 2022, aproximadamente 120 alunos est\u00e3o vivenciando esta experi\u00eancia em oficinas semanais de duas horas que acontecem na E.E. Lourdes de Carvalho e na Funda\u00e7\u00e3o CDL Uberl\u00e2ndia.<\/p>\n\n\n\n<p id=\"viewer-aj2v6\">De acordo com o coordenador pedag\u00f3gico do projeto, Rafael Michalichem, o trabalho \u00e9 dividido em tr\u00eas etapas ou \u201catos\u201d (para fazer refer\u00eancia \u00e0 arte, elemento chave na educa\u00e7\u00e3o empreendedora do ArteMove).<\/p>\n\n\n\n<p id=\"viewer-adq3f\"><em>\u201cNo 1\u00ba ato, chamado de HABITAR O MUNDO, os alunos s\u00e3o convidados a pensar a sua rela\u00e7\u00e3o com o mundo, mapeando seus valores e percebendo sua identidade. No 2\u00ba ato, chamado de CRIAR NO MUNDO, os alunos s\u00e3o convidados a criar um projeto que tenha efeito no mundo. \u00c9 neste momento que estamos agora trabalhando com os alunos. Eles est\u00e3o planejando seus projetos em equipe. Posteriormente, entraremos no 3\u00ba ato, chamado de COMPARTILHAR COM O MUNDO, quando de fato eles ir\u00e3o organizar a apresenta\u00e7\u00e3o dos projetos na 2\u00aa Feira de Empreendedorismo, que ser\u00e1 aberta ao p\u00fablico e acontecer\u00e1 no dia 30 de novembro na \u00e1rea externa do Centro Cultural de Uberl\u00e2ndia\u201d, adianta Michalichem.<\/em><\/p>\n\n\n\n<p id=\"viewer-bgkkm\">A gerente executiva do IAMAR, Ludmila Fran\u00e7a, acrescenta: \u201cSomando \u00e0 explana\u00e7\u00e3o do conte\u00fado dada pelo Rafael, al\u00e9m dos 3 ATOS, o projeto ArteMove possui outros 2 importantes momentos, que tamb\u00e9m fazem analogia \u00e0 produ\u00e7\u00e3o art\u00edstica \u2013 o Pr\u00f3logo, chamado de ENCONTRO DE SONHOS; e o Ep\u00edlogo, chamado E VOC\u00ca. Estas duas etapas s\u00e3o fundamentais para os participantes estreitarem la\u00e7os, conhecerem os sonhos e desejos individuais e refletirem sobre perspectivas, vis\u00f5es e planos de vida. O coletivo e sua pot\u00eancia para o desenvolvimento humano \u00e9 trabalhado nos 3 ATOS, enquanto nestes dois momentos que abrem e fecham a trilha de conte\u00fados, refor\u00e7amos a individualidade e o potencial de cada pessoa para transformar sua vida. Reitero a cren\u00e7a de todos na organiza\u00e7\u00e3o do projeto de que a Cultura e o Empreendedorismo s\u00e3o capazes de mover Juventudes rumo \u00e0 novas atitudes e uma vis\u00e3o de mundo ampliada!\u201d.<\/p>\n\n\n\n<p id=\"viewer-dttff\"><strong>Confira o calend\u00e1rio de oficinas do Projeto:<\/strong><\/p>\n\n\n\n<ul class=\"wp-block-list\">\n<li>ArteMove na CDL Uberl\u00e2ndia: Sexta-feira das 14h \u00e0s 15h45 e das 16h15 \u00e0s 18h.<\/li>\n\n\n\n<li>ArteMove na E.E. Lourdes de Carvalho: Ter\u00e7a-feira das 19h \u00e0s 20h40. Sexta-feira das 8h40 \u00e0s 10h40.<\/li>\n<\/ul>\n\n\n\n<p id=\"viewer-2klsq\">SOBRE A CIA. CULTURAL EMCANTAR &#8211; Fazer arte e encantar pessoas! \u00c9 assim que h\u00e1 25 anos, a Cia. Cultural EMCANTAR combina Cultura e Educa\u00e7\u00e3o, porque acredita que a arte tem o poder de encantar e inspirar as pessoas a vivenciar seus potenciais. Com duas frentes de atua\u00e7\u00e3o \u2013 o Grupo EMCANTAR e o EMCANTAR SOCIAL \u2013 a companhia realiza produ\u00e7\u00f5es art\u00edstico-culturais e projetos sociais de forma\u00e7\u00e3o para inf\u00e2ncia e juventude. Em mais de duas d\u00e9cadas, j\u00e1 reuniu mais de 400 mil pessoas em espet\u00e1culos, 20 mil crian\u00e7as e adolescentes e pessoas da comunidade beneficiadas em projetos sociais, mais de 100 projetos desenvolvidos, al\u00e9m de 10 t\u00edtulos e premia\u00e7\u00f5es. Pedagogia do Encantamento: https:\/\/www.emcantar.org\/pedagogiadoencantamento<\/p>\n\n\n\n<p id=\"viewer-8kii5\">SOBRE O IAMAR &#8211; Institui\u00e7\u00e3o de natureza educacional, socioambiental e cultural, sem fins lucrativos, qualificada como OSCIP e mantida pelas empresas Martins e Tribanco. Atua desde 2005 com a miss\u00e3o de desenvolver o potencial de adolescentes e jovens para construir vis\u00f5es do futuro e transform\u00e1-las em realidade por meio da Educa\u00e7\u00e3o para o Empreendedorismo, contribuindo para o seu crescimento nos campos pessoal, social e produtivo e na promo\u00e7\u00e3o de uma cultura de preserva\u00e7\u00e3o ambiental. Programa eZAPe! Virtudes Empreendedoras: http:\/\/virtudesqueencaminham.org.br\/zape-programa\/<\/p>\n","protected":false},"excerpt":{"rendered":"<p>Forma\u00e7\u00e3o por meio da arte e empreendedorismo acontece em Uberl\u00e2ndia com 120 jovens. ( Imagem de divulga\u00e7\u00e3o ) Uma forma\u00e7\u00e3o de jovens com uma vis\u00e3o de vida e atitudes empreendedoras,<\/p>\n","protected":false},"author":1,"featured_media":5860,"comment_status":"open","ping_status":"open","sticky":false,"template":"","format":"standard","meta":{"footnotes":""},"categories":[1],"tags":[],"class_list":["post-5859","post","type-post","status-publish","format-standard","has-post-thumbnail","hentry","category-noticias"],"_links":{"self":[{"href":"https:\/\/revistahubclub.com.br\/portal\/wp-json\/wp\/v2\/posts\/5859","targetHints":{"allow":["GET"]}}],"collection":[{"href":"https:\/\/revistahubclub.com.br\/portal\/wp-json\/wp\/v2\/posts"}],"about":[{"href":"https:\/\/revistahubclub.com.br\/portal\/wp-json\/wp\/v2\/types\/post"}],"author":[{"embeddable":true,"href":"https:\/\/revistahubclub.com.br\/portal\/wp-json\/wp\/v2\/users\/1"}],"replies":[{"embeddable":true,"href":"https:\/\/revistahubclub.com.br\/portal\/wp-json\/wp\/v2\/comments?post=5859"}],"version-history":[{"count":1,"href":"https:\/\/revistahubclub.com.br\/portal\/wp-json\/wp\/v2\/posts\/5859\/revisions"}],"predecessor-version":[{"id":5861,"href":"https:\/\/revistahubclub.com.br\/portal\/wp-json\/wp\/v2\/posts\/5859\/revisions\/5861"}],"wp:featuredmedia":[{"embeddable":true,"href":"https:\/\/revistahubclub.com.br\/portal\/wp-json\/wp\/v2\/media\/5860"}],"wp:attachment":[{"href":"https:\/\/revistahubclub.com.br\/portal\/wp-json\/wp\/v2\/media?parent=5859"}],"wp:term":[{"taxonomy":"category","embeddable":true,"href":"https:\/\/revistahubclub.com.br\/portal\/wp-json\/wp\/v2\/categories?post=5859"},{"taxonomy":"post_tag","embeddable":true,"href":"https:\/\/revistahubclub.com.br\/portal\/wp-json\/wp\/v2\/tags?post=5859"}],"curies":[{"name":"wp","href":"https:\/\/api.w.org\/{rel}","templated":true}]}}