{"id":5889,"date":"2022-10-21T21:41:00","date_gmt":"2022-10-22T00:41:00","guid":{"rendered":"https:\/\/revistahubclub.com.br\/portal\/?p=5889"},"modified":"2024-12-18T21:42:03","modified_gmt":"2024-12-19T00:42:03","slug":"projeto-ideias-incontidas-oferece-workshops-de-escrita-e-ilustracao-em-uberlandia","status":"publish","type":"post","link":"https:\/\/revistahubclub.com.br\/portal\/2022\/10\/21\/projeto-ideias-incontidas-oferece-workshops-de-escrita-e-ilustracao-em-uberlandia\/","title":{"rendered":"Projeto Ideias Incontidas oferece workshops de escrita e ilustra\u00e7\u00e3o em Uberl\u00e2ndia"},"content":{"rendered":"\n<p id=\"viewer-foo\"><em>Cerca de 180 crian\u00e7as e adolescentes est\u00e3o participando da forma\u00e7\u00e3o em Uberl\u00e2ndia.<\/em><\/p>\n\n\n\n<p id=\"viewer-1j62r\"><em>* Por Ciclo Assessoria<\/em><\/p>\n\n\n\n<p id=\"viewer-7bjbp\"><em>( Foto de Divulga\u00e7\u00e3o: aluno do projeto Ideias Incontidas produzindo texto )<\/em><\/p>\n\n\n\n<p id=\"viewer-8af9f\">Esta \u00e9 a s\u00e9tima edi\u00e7\u00e3o do projeto Ideias Incontidas que tem como foco a forma\u00e7\u00e3o cultural de crian\u00e7as e adolescentes de 08 a 14 anos, com base na experi\u00eancia e cria\u00e7\u00e3o liter\u00e1rias. O projeto, realizado pelo EMCANTAR Social, j\u00e1 beneficiou mais de 1.000 alunos da rede p\u00fablica de Uberl\u00e2ndia, e neste ano atende 180 crian\u00e7as e adolescentes das institui\u00e7\u00f5es parceiras CCAU, no bairro Cana\u00e3, e ADVEM, no bairro Jardim Calif\u00f3rnia.<\/p>\n\n\n\n<p id=\"viewer-7u2ps\">Al\u00e9m das oficinas semanais, os alunos participam de workshops de cria\u00e7\u00e3o liter\u00e1ria com a escritora Cleusa Bernardes e de ilustra\u00e7\u00e3o com o artista Kain\u00e3 Bragiola.<\/p>\n\n\n\n<p id=\"viewer-40ihj\">Segundo o arte-educador do projeto, Rafael Michalichem, o momento agora \u00e9 de selecionar a enorme quantidade de textos produzidos pelas crian\u00e7as e jovens para montagem de um livro que ser\u00e1 publicado em dezembro como resultado do projeto.<\/p>\n\n\n\n<blockquote class=\"wp-block-quote is-layout-flow wp-block-quote-is-layout-flow\">\n<p>\u201cJ\u00e1 ultrapassamos as 120 p\u00e1ginas de textos selecionados entre as produ\u00e7\u00f5es dos alunos, eles est\u00e3o agora produzindo as ilustra\u00e7\u00f5es e logo estaremos passando pelo processo de diagrama\u00e7\u00e3o do livro\u201d, conta Michalichem.<\/p>\n<\/blockquote>\n\n\n\n<p id=\"viewer-8vqpn\">O projeto Ideias Incontidas ganhou destaque internacional no 1\u00ba Pr\u00eamio de Aprendizagem Solid\u00e1ria \u2013 Experi\u00eancias que Transformam. A premia\u00e7\u00e3o teve como objetivo disseminar o conceito de Aprendizagem Solid\u00e1ria, a partir do mapeamento de boas pr\u00e1ticas no territ\u00f3rio brasileiro.<\/p>\n\n\n\n<p id=\"viewer-f4a62\">\u201cA proposta do projeto Ideias Incontidas \u00e9 aproximar a literatura das crian\u00e7as e adolescentes, ressignificando-a como algo pr\u00f3ximo, atrativo, divertido, buscando n\u00e3o s\u00f3 o desenvolvimento da escrita na forma\u00e7\u00e3o, mas a aquisi\u00e7\u00e3o do gosto pela leitura e pela cria\u00e7\u00e3o liter\u00e1ria. Ao mesmo tempo, o processo de cria\u00e7\u00e3o e publica\u00e7\u00e3o de um livro gera a oportunidade de dar voz aos participantes na sociedade\u201d, ressalta tamb\u00e9m a coordenadora pedag\u00f3gica do projeto, Ana Lopez.<\/p>\n\n\n\n<p id=\"viewer-3ost4\">Ideias Incontidas \u00e9 um projeto que conta com o patroc\u00ednio do Instituto Algar atrav\u00e9s da Lei Rouanet. Confira o calend\u00e1rio de oficinas do projeto Ideias Incontidas:<\/p>\n\n\n\n<ul class=\"wp-block-list\">\n<li>Ter\u00e7as \u2013 CCAU (Rua L\u00eddia, 1316 &#8211; Bairro Cana\u00e3) \u2013 8h \u00e0s 9h30 \/ 9h30 \u00e0s 11h \/ 13h \u00e0s 14h30 \/ 14h30 \u00e0s 16h<\/li>\n\n\n\n<li>Quintas \u2013 ADVEM (Av. Orlandina Ondina, 1353 \u2013 Jardim Calif\u00f3rnia) \u2013 9h15 \u00e0s 11h \/ 13h \u00e0s 15h<\/li>\n<\/ul>\n\n\n\n<p id=\"viewer-eg90f\"><strong>MAIS SOBRE O EMCANTAR<\/strong><\/p>\n\n\n\n<p id=\"viewer-43v12\">Nascido em Araguari (MG), em 1996, a CIA. CULTURAL EMCANTAR se desenvolveu tamb\u00e9m em Uberl\u00e2ndia. Assim, pavimentou no Tri\u00e2ngulo Mineiro uma trajet\u00f3ria corajosa com 7 discos, 3 DVDs, 8 espet\u00e1culos, 1 filme, al\u00e9m de diversos livros, experimentos audiovisuais e milhares de oficinas. Em mais de 25 anos, atingiu meio milh\u00e3o de \u201cemcantados\u201d e conquistou 10 premia\u00e7\u00f5es. J\u00e1 passaram por S\u00e3o Paulo, Bras\u00edlia, Goi\u00e1s, Belo Horizonte e muitas outras cidades pelo Brasil, al\u00e9m de terem feito uma visita a Washington D.C., nos Estados Unidos. No palco, os artistas misturam as linguagens da m\u00fasica e do teatro em espet\u00e1culos voltados para a inf\u00e2ncia e para a fam\u00edlia. O bra\u00e7o da Companhia chamado EMCANTAR SOCIAL, soma mais de 10 mil crian\u00e7as e adolescentes beneficiados em cerca de 100 projetos regulares desenvolvidos em regi\u00f5es de baixo aparelhamento social e cultural. As a\u00e7\u00f5es envolvem linguagens da m\u00fasica, teatro, literatura, audiovisual, al\u00e9m de brincadeiras cantadas da cultura popular, j\u00e1 tendo resultado na publica\u00e7\u00e3o de 7 livros, 2 DVDs, 1 CD e mais de 30 espet\u00e1culos de autoria coletiva.<\/p>\n\n\n\n<p id=\"viewer-foud0\">https:\/\/www.emcantar.org \/ https:\/\/www.youtube.com\/user\/EMCANTAR \/ https:\/\/soundcloud.com\/grupo-emcantar \/ https:\/\/www.instagram.com\/emcantar \/ https:\/\/www.facebook.com\/emcantar<\/p>\n\n\n\n<p id=\"viewer-nrv1\"><strong>SOBRE INSTITUTO ALGAR<\/strong><\/p>\n\n\n\n<p id=\"viewer-cq3q6\">H\u00e1 duas d\u00e9cadas, o Instituto Algar se dedica a contribuir com o desenvolvimento de pessoas. De forma colaborativa, unimos esfor\u00e7os e institui\u00e7\u00f5es para desenvolver a comunidade, por meio da educa\u00e7\u00e3o, do esporte, da cultura e do voluntariado. Enxergar o potencial de cada crian\u00e7a, adolescente e jovem dos nossos programas sociais \u00e9 o que nos inspira. Nessa trajet\u00f3ria, mais de meio milh\u00e3o de vidas j\u00e1 foram transformadas. Instituto Algar. H\u00e1 20 anos conectando pessoas \u00e0s oportunidades.<\/p>\n","protected":false},"excerpt":{"rendered":"<p>Cerca de 180 crian\u00e7as e adolescentes est\u00e3o participando da forma\u00e7\u00e3o em Uberl\u00e2ndia. * Por Ciclo Assessoria ( Foto de Divulga\u00e7\u00e3o: aluno do projeto Ideias Incontidas produzindo texto ) Esta \u00e9<\/p>\n","protected":false},"author":1,"featured_media":5890,"comment_status":"open","ping_status":"open","sticky":false,"template":"","format":"standard","meta":{"footnotes":""},"categories":[1],"tags":[],"class_list":["post-5889","post","type-post","status-publish","format-standard","has-post-thumbnail","hentry","category-noticias"],"_links":{"self":[{"href":"https:\/\/revistahubclub.com.br\/portal\/wp-json\/wp\/v2\/posts\/5889","targetHints":{"allow":["GET"]}}],"collection":[{"href":"https:\/\/revistahubclub.com.br\/portal\/wp-json\/wp\/v2\/posts"}],"about":[{"href":"https:\/\/revistahubclub.com.br\/portal\/wp-json\/wp\/v2\/types\/post"}],"author":[{"embeddable":true,"href":"https:\/\/revistahubclub.com.br\/portal\/wp-json\/wp\/v2\/users\/1"}],"replies":[{"embeddable":true,"href":"https:\/\/revistahubclub.com.br\/portal\/wp-json\/wp\/v2\/comments?post=5889"}],"version-history":[{"count":1,"href":"https:\/\/revistahubclub.com.br\/portal\/wp-json\/wp\/v2\/posts\/5889\/revisions"}],"predecessor-version":[{"id":5891,"href":"https:\/\/revistahubclub.com.br\/portal\/wp-json\/wp\/v2\/posts\/5889\/revisions\/5891"}],"wp:featuredmedia":[{"embeddable":true,"href":"https:\/\/revistahubclub.com.br\/portal\/wp-json\/wp\/v2\/media\/5890"}],"wp:attachment":[{"href":"https:\/\/revistahubclub.com.br\/portal\/wp-json\/wp\/v2\/media?parent=5889"}],"wp:term":[{"taxonomy":"category","embeddable":true,"href":"https:\/\/revistahubclub.com.br\/portal\/wp-json\/wp\/v2\/categories?post=5889"},{"taxonomy":"post_tag","embeddable":true,"href":"https:\/\/revistahubclub.com.br\/portal\/wp-json\/wp\/v2\/tags?post=5889"}],"curies":[{"name":"wp","href":"https:\/\/api.w.org\/{rel}","templated":true}]}}