{"id":5896,"date":"2022-10-20T21:42:00","date_gmt":"2022-10-21T00:42:00","guid":{"rendered":"https:\/\/revistahubclub.com.br\/portal\/?p=5896"},"modified":"2024-12-18T21:44:22","modified_gmt":"2024-12-19T00:44:22","slug":"video-confira-como-foi-o-lancamento-da-revista-hub-club-vi-e-da-hub-canais-midia-e-network","status":"publish","type":"post","link":"https:\/\/revistahubclub.com.br\/portal\/2022\/10\/20\/video-confira-como-foi-o-lancamento-da-revista-hub-club-vi-e-da-hub-canais-midia-e-network\/","title":{"rendered":"V\u00cdDEO: confira como foi o lan\u00e7amento da revista Hub Club VI e da Hub Canais, M\u00eddia e Network"},"content":{"rendered":"\n<p id=\"viewer-foo\"><em>Evento ocorreu na ter\u00e7a (18) na Casa Peroni, nova parceira, que conta com espa\u00e7o para eventos e tamb\u00e9m sala de podcast\/videocast!<\/em><\/p>\n\n\n\n<p id=\"viewer-eeehp\">Assista abaixo ao v\u00eddeo com o resumo do evento e depoimentos de parceiros e convidados.<\/p>\n\n\n\n<figure class=\"wp-block-video\"><video controls preload=\"auto\" src=\"https:\/\/video.wixstatic.com\/video\/cf07ad_45676315ee734cf9900eb23968dc9995\/480p\/mp4\/file.mp4\"><\/video><\/figure>\n\n\n\n<p id=\"viewer-1c56n\"><em>( V\u00eddeo: Mauro Marques )<\/em><\/p>\n\n\n\n<p id=\"viewer-4o3as\"><strong>Leia tamb\u00e9m:<\/strong><\/p>\n\n\n\n<ul class=\"wp-block-list\">\n<li><a href=\"https:\/\/www.hubceliocardoso.com.br\/post\/revista-hub-club-%C3%A9-lan%C3%A7ada-com-celebra%C3%A7%C3%A3o-de-parceria-e-est%C3%BAdio-de-podcast-inovador-veja-fotos\" target=\"_blank\" rel=\"noreferrer noopener\"><u>Revista Hub Club \u00e9 lan\u00e7ada com celebra\u00e7\u00e3o de parceria e est\u00fadio de podcast inovador; veja fotos<\/u><\/a><\/li>\n\n\n\n<li>Veja a edi\u00e7\u00e3o VI em formato digital &#8211; <a href=\"https:\/\/online.fliphtml5.com\/bjmfo\/zpwm\/\" target=\"_blank\" rel=\"noreferrer noopener\">Revista Hub Outubro Digital<\/a><\/li>\n<\/ul>\n\n\n\n<p id=\"viewer-ft7h6\"><strong>Revista<\/strong><\/p>\n\n\n\n<p id=\"viewer-dd0rs\">A Hub Club VI, que conta com vers\u00e3o h\u00edbrida (impressa e digital), tem como capa principal o desenvolvimento da Zona Sul em Uberl\u00e2ndia, com o exemplo da Villa G\u00e1vea, um importante empreendimento para o munic\u00edpio. Nesta edi\u00e7\u00e3o, os leitores tamb\u00e9m ver\u00e3o mais conte\u00fados falando de loteamentos que valorizam o meio ambiente e urbanismo, bem como empresas ligadas ao setor da constru\u00e7\u00e3o civil e imobili\u00e1rias de alto padr\u00e3o, al\u00e9m de arquitetura e design. Tem ainda especial voltado aos profissionais do Direito com reportagens exclusivas, balan\u00e7o da gest\u00e3o do atual prefeito de Uberl\u00e2ndia e artigos de economia, cultura, lazer, gastronomia, sa\u00fade, bichos e dicas das mais diversas.<\/p>\n\n\n\n<p id=\"viewer-1hqpg\">A revista tem uma vers\u00e3o oficial com a capa voltada para o World Trade Center e outras 10 vers\u00f5es com capas personalizadas para ativa\u00e7\u00e3o de marcas de clientes, que foram entregues aos convidados durante o evento de lan\u00e7amento em parceria da Hub Canais com a Casa Peroni.<\/p>\n\n\n\n<p id=\"viewer-cr55k\">A pr\u00f3xima revista circular\u00e1 em dezembro! O tema central ser\u00e1 investimentos em todos os setores.<\/p>\n\n\n\n<p id=\"viewer-9k9od\"><strong>Casa Peroni e &#8220;Hub Canais, M\u00eddia e Network&#8221;<\/strong><\/p>\n\n\n\n<p id=\"viewer-6t5d3\">Pensando em inovar e unir for\u00e7as de mercado, a &#8220;Hub Canais, M\u00eddia e Network&#8221; tem a partir de agora um espa\u00e7o reservado dentro da Casa Peroni. O local, que \u00e9 ideal para a realiza\u00e7\u00e3o de eventos empresariais, sociais e entretenimento, est\u00e1 no cora\u00e7\u00e3o da cidade e cont\u00e9m sala com 5 cen\u00e1rios para grava\u00e7\u00e3o de podcasts\/videocasts.<\/p>\n\n\n\n<p id=\"viewer-8nt16\">Segundo C\u00e9lio Cardoso, o Celinho, este \u00e9 o primeiro est\u00fadio de podcast comercial e institucional da cidade, cuja estrutura servir\u00e1 tanto para grava\u00e7\u00e3o pr\u00f3pria da Hub Canais, quanto estar\u00e1 dispon\u00edvel para loca\u00e7\u00e3o.<\/p>\n\n\n\n<blockquote class=\"wp-block-quote is-layout-flow wp-block-quote-is-layout-flow\">\n<p>&#8220;Vamos ter o podcast &#8216;Hub Cast&#8217;, que \u00e9 uma proposta nossa para levar informa\u00e7\u00f5es de qualidade dentro do marketing de conte\u00fado e que integra a Hub Canais. Vamos ainda abrir este espa\u00e7o para loca\u00e7\u00e3o tamb\u00e9m, j\u00e1 que a estrutura foi toda pensada em atender esta tend\u00eancia oferecendo a oportunidade comercial e institucional de divulga\u00e7\u00e3o para futuros parceiros&#8221;, destacou.<\/p>\n<\/blockquote>\n\n\n\n<p id=\"viewer-6njc1\">Para quem n\u00e3o conhece, a Casa Peroni j\u00e1 foi local de festa para a Hub, quando ocorreu o evento &#8220;Buteco do Celinho&#8221; em agosto deste ano. Entre os diferenciais do espa\u00e7o est\u00e3o:<\/p>\n\n\n\n<p id=\"viewer-8p7sk\">&#8211; Capacidade para at\u00e9 400 pessoas &#8211; \u00c1rea aberta 100% coberta<\/p>\n\n\n\n<p id=\"viewer-9qled\">&#8211; Mobili\u00e1rio j\u00e1 incluso<\/p>\n\n\n\n<p id=\"viewer-c1gl2\">&#8211; Seguran\u00e7a<\/p>\n\n\n\n<p id=\"viewer-fp4pq\">&#8211; Gest\u00e3o de terceiros<\/p>\n\n\n\n<p id=\"viewer-br857\">&#8211; Parceria com os melhores buffets<\/p>\n\n\n\n<p id=\"viewer-e7m56\">&#8211; Flexibilidade nas negocia\u00e7\u00f5es<\/p>\n\n\n\n<p id=\"viewer-9j759\">&#8211; Melhor custo-benef\u00edcio<\/p>\n","protected":false},"excerpt":{"rendered":"<p>Evento ocorreu na ter\u00e7a (18) na Casa Peroni, nova parceira, que conta com espa\u00e7o para eventos e tamb\u00e9m sala de podcast\/videocast! Assista abaixo ao v\u00eddeo com o resumo do evento<\/p>\n","protected":false},"author":1,"featured_media":0,"comment_status":"open","ping_status":"open","sticky":false,"template":"","format":"standard","meta":{"footnotes":""},"categories":[1],"tags":[],"class_list":["post-5896","post","type-post","status-publish","format-standard","hentry","category-noticias"],"_links":{"self":[{"href":"https:\/\/revistahubclub.com.br\/portal\/wp-json\/wp\/v2\/posts\/5896","targetHints":{"allow":["GET"]}}],"collection":[{"href":"https:\/\/revistahubclub.com.br\/portal\/wp-json\/wp\/v2\/posts"}],"about":[{"href":"https:\/\/revistahubclub.com.br\/portal\/wp-json\/wp\/v2\/types\/post"}],"author":[{"embeddable":true,"href":"https:\/\/revistahubclub.com.br\/portal\/wp-json\/wp\/v2\/users\/1"}],"replies":[{"embeddable":true,"href":"https:\/\/revistahubclub.com.br\/portal\/wp-json\/wp\/v2\/comments?post=5896"}],"version-history":[{"count":1,"href":"https:\/\/revistahubclub.com.br\/portal\/wp-json\/wp\/v2\/posts\/5896\/revisions"}],"predecessor-version":[{"id":5898,"href":"https:\/\/revistahubclub.com.br\/portal\/wp-json\/wp\/v2\/posts\/5896\/revisions\/5898"}],"wp:attachment":[{"href":"https:\/\/revistahubclub.com.br\/portal\/wp-json\/wp\/v2\/media?parent=5896"}],"wp:term":[{"taxonomy":"category","embeddable":true,"href":"https:\/\/revistahubclub.com.br\/portal\/wp-json\/wp\/v2\/categories?post=5896"},{"taxonomy":"post_tag","embeddable":true,"href":"https:\/\/revistahubclub.com.br\/portal\/wp-json\/wp\/v2\/tags?post=5896"}],"curies":[{"name":"wp","href":"https:\/\/api.w.org\/{rel}","templated":true}]}}