{"id":595,"date":"2024-09-26T16:24:31","date_gmt":"2024-09-26T19:24:31","guid":{"rendered":"https:\/\/revistahubclub.com.br\/portal\/?p=595"},"modified":"2024-12-11T16:25:11","modified_gmt":"2024-12-11T19:25:11","slug":"regiao-do-cerrado-mineiro-desembarca-na-italia-para-promover-cafe-com-selo-de-denominacao-de-origem","status":"publish","type":"post","link":"https:\/\/revistahubclub.com.br\/portal\/2024\/09\/26\/regiao-do-cerrado-mineiro-desembarca-na-italia-para-promover-cafe-com-selo-de-denominacao-de-origem\/","title":{"rendered":"Regi\u00e3o do Cerrado Mineiro desembarca na It\u00e1lia para promover caf\u00e9 com selo de Denomina\u00e7\u00e3o de Origem"},"content":{"rendered":"\n<p id=\"viewer-33y3l33\"><em>Iniciativa de Road Show acontece entre 1\u00ba e 8 de outubro em tr\u00eas cidades italianas para fortalecer a marca<\/em><\/p>\n\n\n\n<p id=\"viewer-wc62t35\">&nbsp;<\/p>\n\n\n\n<p id=\"viewer-b6eix37\">A Federa\u00e7\u00e3o dos Cafeicultores do Cerrado realizar\u00e1, entre os dias 1\u00ba e 8 de outubro, um road show para promover o selo de Denomina\u00e7\u00e3o de Origem (DO) da Regi\u00e3o do Cerrado Mineiro (RCM) em tr\u00eas importantes cidades italianas: Mil\u00e3o, Floren\u00e7a e Roma.<\/p>\n\n\n\n<p id=\"viewer-061fy39\">A iniciativa faz parte da campanha \u201cA Verdade \u00e9 Rastre\u00e1vel\u201d, que busca destacar a autenticidade e rastreabilidade do caf\u00e9 produzido na regi\u00e3o. A a\u00e7\u00e3o conta com o apoio das cooperativas do sistema Carmocer, Carpec, Coocacer Araguari, Coopadap, Expocacer e MonteCCer, al\u00e9m de sete associa\u00e7\u00f5es: ACA, Acarpa, Amoca, Appcer, Assocaf\u00e9, Assogotardo e GRE Caf\u00e9 \u2013 Regi\u00e3o de Arax\u00e1.<\/p>\n\n\n\n<p id=\"viewer-bi5jc41\">Representada por seu presidente, Gl\u00e1ucio de Castro, o diretor executivo, Juliano Tarabal, e o coordenador da DO, Tiago Furlaneto, a comitiva contar\u00e1 ainda com a participa\u00e7\u00e3o de produtores, representantes de cooperativas e do Sebrae. O objetivo \u00e9 apresentar o processo de certifica\u00e7\u00e3o da DO para empresas italianas envolvidas na industrializa\u00e7\u00e3o, importa\u00e7\u00e3o e comercializa\u00e7\u00e3o de caf\u00e9, fortalecendo a presen\u00e7a da marca Cerrado Mineiro no mercado europeu.<\/p>\n\n\n\n<p id=\"viewer-bous6123\"><strong>Foco estrat\u00e9gico na It\u00e1lia<\/strong><\/p>\n\n\n\n<p id=\"viewer-hmzdi45\">A escolha da It\u00e1lia para a realiza\u00e7\u00e3o do road show n\u00e3o \u00e9 por acaso. O pa\u00eds \u00e9 um dos maiores importadores de caf\u00e9 brasileiro, especialmente do Cerrado Mineiro, e tamb\u00e9m um dos principais consumidores de produtos com Denomina\u00e7\u00e3o de Origem, fator que agrega valor ao caf\u00e9 da regi\u00e3o. &#8220;Queremos mostrar para os italianos o que torna o caf\u00e9 do Cerrado Mineiro \u00fanico: sua rastreabilidade e autenticidade&#8221;, afirma o presidente da Federa\u00e7\u00e3o dos Cafeicultores do Cerrado, Gl\u00e1ucio de Castro.<\/p>\n\n\n\n<p id=\"viewer-sdwaf47\">O tour come\u00e7a no dia 1\u00ba de outubro, em Mil\u00e3o, em uma a\u00e7\u00e3o simb\u00f3lica para comemorar o Dia Internacional do Caf\u00e9. A illycaff\u00e8, uma das maiores empresas de caf\u00e9 na It\u00e1lia, promover\u00e1 uma ativa\u00e7\u00e3o especial em uma das mais famosas esta\u00e7\u00f5es de metr\u00f4 da cidade, destacando o caf\u00e9 do Cerrado Mineiro com o selo de origem e a pr\u00e1tica da agricultura regenerativa. No mesmo dia, haver\u00e1 uma prova de caf\u00e9 (cupping) na cafeteria Cafezal Specialty Coffee, oferecendo aos consumidores italianos uma experi\u00eancia sensorial com o aut\u00eantico caf\u00e9 da regi\u00e3o. No dia seguinte, outro evento ser\u00e1 realizado na mesma cafeteria, desta vez para compradores.&nbsp;<\/p>\n\n\n\n<p id=\"viewer-ze8h549\">A programa\u00e7\u00e3o segue em Floren\u00e7a, no dia 3 de outubro, com um evento para torrefadores na cafeteria Ditta Artigianale e se encerra em Roma, no dia 8, com um encontro na Embaixada do Brasil voltado para a ind\u00fastria de torrefa\u00e7\u00e3o, com a participa\u00e7\u00e3o de Vanusia Nogueira, diretora executiva da Organiza\u00e7\u00e3o Internacional do Caf\u00e9 (OIC) e de Andrea Illy, presidente da illycaff\u00e8.<\/p>\n\n\n\n<p id=\"viewer-30rzs51\"><strong>&nbsp;<\/strong><\/p>\n\n\n\n<p id=\"viewer-5uqbq53\"><strong>Estrat\u00e9gia de internacionaliza\u00e7\u00e3o<\/strong><\/p>\n\n\n\n<p id=\"viewer-i7sbs55\">A campanha de internacionaliza\u00e7\u00e3o da marca RCM visa aumentar a demanda por caf\u00e9s com Denomina\u00e7\u00e3o de Origem, promovendo n\u00e3o apenas o produto, mas tamb\u00e9m os produtores, cooperativas e demais players envolvidos no sistema RCM. A rastreabilidade, principal diferencial do caf\u00e9 do Cerrado Mineiro, \u00e9 uma garantia de origem que atende \u00e0s expectativas do consumidor europeu, cada vez mais preocupados com a sustentabilidade e autenticidade dos produtos que consome.<\/p>\n\n\n\n<p id=\"viewer-bwq3n57\">Segundo Juliano Tarabal, a Federa\u00e7\u00e3o dos Cafeicultores do Cerrado busca, com essas a\u00e7\u00f5es, ampliar o reconhecimento da Denomina\u00e7\u00e3o de Origem Cerrado Mineiro no mercado italiano e abrir novas oportunidades de neg\u00f3cios para os produtores da Regi\u00e3o.&nbsp;\u201cMapeamos mais de 700 empresas no mundo que utilizam a origem Cerrado Mineiro e o mercado italiano \u00e9 um dos principais. Escolhemos a It\u00e1lia para iniciar uma s\u00e9rie de eventos internacionais, com o objetivo de detalhar como funciona o processo de Denomina\u00e7\u00e3o de Origem (DO), apresentando a produ\u00e7\u00e3o, normas, benef\u00edcios, as caracter\u00edsticas do terroir, al\u00e9m de informar os principais n\u00fameros, cooperativas e armaz\u00e9ns credenciados e a hist\u00f3ria dos produtores. Nossa expectativa \u00e9 que o road show gere novas parcerias comerciais, ampliando ainda mais o crescimento da marca RCM no mercado global\u201d, destaca Juliano Tarabal.&nbsp;<\/p>\n\n\n\n<p id=\"viewer-k3pvi149\"><strong>Sobre a RCM<\/strong><\/p>\n\n\n\n<p id=\"viewer-xotrn61\">A Regi\u00e3o do Cerrado Mineiro abrange 55 munic\u00edpios e uma \u00e1rea cultivada de aproximadamente 250 mil hectares, produzindo em m\u00e9dia seis milh\u00f5es de sacas de 60 kg por ano. Esse volume representa 25,4% da produ\u00e7\u00e3o de caf\u00e9 em Minas Gerais e 12,7% da produ\u00e7\u00e3o nacional.<\/p>\n","protected":false},"excerpt":{"rendered":"<p>Iniciativa de Road Show acontece entre 1\u00ba e 8 de outubro em tr\u00eas cidades italianas para fortalecer a marca &nbsp; A Federa\u00e7\u00e3o dos Cafeicultores do Cerrado realizar\u00e1, entre os dias<\/p>\n","protected":false},"author":1,"featured_media":596,"comment_status":"open","ping_status":"open","sticky":false,"template":"","format":"standard","meta":{"footnotes":""},"categories":[1],"tags":[],"class_list":["post-595","post","type-post","status-publish","format-standard","has-post-thumbnail","hentry","category-noticias"],"_links":{"self":[{"href":"https:\/\/revistahubclub.com.br\/portal\/wp-json\/wp\/v2\/posts\/595","targetHints":{"allow":["GET"]}}],"collection":[{"href":"https:\/\/revistahubclub.com.br\/portal\/wp-json\/wp\/v2\/posts"}],"about":[{"href":"https:\/\/revistahubclub.com.br\/portal\/wp-json\/wp\/v2\/types\/post"}],"author":[{"embeddable":true,"href":"https:\/\/revistahubclub.com.br\/portal\/wp-json\/wp\/v2\/users\/1"}],"replies":[{"embeddable":true,"href":"https:\/\/revistahubclub.com.br\/portal\/wp-json\/wp\/v2\/comments?post=595"}],"version-history":[{"count":1,"href":"https:\/\/revistahubclub.com.br\/portal\/wp-json\/wp\/v2\/posts\/595\/revisions"}],"predecessor-version":[{"id":597,"href":"https:\/\/revistahubclub.com.br\/portal\/wp-json\/wp\/v2\/posts\/595\/revisions\/597"}],"wp:featuredmedia":[{"embeddable":true,"href":"https:\/\/revistahubclub.com.br\/portal\/wp-json\/wp\/v2\/media\/596"}],"wp:attachment":[{"href":"https:\/\/revistahubclub.com.br\/portal\/wp-json\/wp\/v2\/media?parent=595"}],"wp:term":[{"taxonomy":"category","embeddable":true,"href":"https:\/\/revistahubclub.com.br\/portal\/wp-json\/wp\/v2\/categories?post=595"},{"taxonomy":"post_tag","embeddable":true,"href":"https:\/\/revistahubclub.com.br\/portal\/wp-json\/wp\/v2\/tags?post=595"}],"curies":[{"name":"wp","href":"https:\/\/api.w.org\/{rel}","templated":true}]}}