{"id":6023,"date":"2022-10-13T21:52:00","date_gmt":"2022-10-14T00:52:00","guid":{"rendered":"https:\/\/revistahubclub.com.br\/portal\/?p=6023"},"modified":"2024-12-18T21:52:45","modified_gmt":"2024-12-19T00:52:45","slug":"e-possivel-clarear-as-manchas-de-melasma","status":"publish","type":"post","link":"https:\/\/revistahubclub.com.br\/portal\/2022\/10\/13\/e-possivel-clarear-as-manchas-de-melasma\/","title":{"rendered":"\u00c9 poss\u00edvel clarear as manchas de melasma?"},"content":{"rendered":"\n<p id=\"viewer-2cbsn\"><em>Associar procedimentos dermatol\u00f3gicos \u00e0s rotinas e cuidados em casa auxiliam a ter o resultado t\u00e3o esperado<\/em><\/p>\n\n\n\n<p id=\"viewer-cdjf4\">O melasma incomoda muitas pessoas. Quem tem as manchas escuras na pele, cuja causa ainda n\u00e3o \u00e9 totalmente esclarecida, apresenta dificuldades de se olhar no espelho e, em alguns casos, evita ficar com a pele natural perto de outras pessoas.<\/p>\n\n\n\n<p id=\"viewer-gbrm\">Segundo a m\u00e9dica Thassiana Guedes, da Cl\u00ednica Audatti, o melasma \u00e9 uma condi\u00e7\u00e3o cr\u00f4nica, que se caracteriza pelo surgimento de manchas escurecidas na pele, mais comum na face, principalmente nas bochechas, mas que tamb\u00e9m pode ser de ocorr\u00eancia extrafacial, com acometimento dos bra\u00e7os, pesco\u00e7o e colo. Ela afeta principalmente as mulheres, mas tamb\u00e9m pode aparecer nos homens. Muitas vezes, as pessoas com melasma podem agravar a condi\u00e7\u00e3o com um tratamento ou procedimento inadequado, realizado por conta pr\u00f3pria.<\/p>\n\n\n\n<p id=\"viewer-aca7c\">A m\u00e9dica explica que o melasma envolve uma s\u00e9rie de altera\u00e7\u00f5es que v\u00e3o desde a camada mais superficial at\u00e9 a mais profunda da pele. Ent\u00e3o, entender como est\u00e1 a pele de cada paciente, faz toda a diferen\u00e7a, j\u00e1 que o tratamento deve ser individualizado.<\/p>\n\n\n\n<p id=\"viewer-1pa2\">N\u00e3o h\u00e1 uma causa definida, mas muitas vezes esta condi\u00e7\u00e3o est\u00e1 relacionada ao uso de p\u00edlulas anticoncepcionais, \u00e0 gesta\u00e7\u00e3o e, principalmente, \u00e0 exposi\u00e7\u00e3o solar. Al\u00e9m disso, a predisposi\u00e7\u00e3o gen\u00e9tica tamb\u00e9m influencia no surgimento desta condi\u00e7\u00e3o.<\/p>\n\n\n\n<p id=\"viewer-coqjt\">\u201cO que a medicina j\u00e1 sabe explicar sobre o melasma? A gente entende que o melasma n\u00e3o \u00e9 s\u00f3 uma desordem que leva a nossa pele a produzir mais pigmento. Existe todo um comprometimento das camadas da pele. O paciente com essa condi\u00e7\u00e3o tem uma superf\u00edcie da pele mais perme\u00e1vel, mais sens\u00edvel, al\u00e9m de fibras el\u00e1sticas alteradas, aumento de vasculariza\u00e7\u00e3o, com prolifera\u00e7\u00e3o de vasos, entre tantos fatores\u201d, explica Thassiana.<\/p>\n\n\n\n<p id=\"viewer-egsoq\"><strong>Como melhorar as manchas na pele<\/strong><\/p>\n\n\n\n<p id=\"viewer-ens3e\">Como tratar essa pele, j\u00e1 que s\u00e3o tantas as camadas envolvidas? Estudos mostram que para apresentar mais resultados, \u00e9 necess\u00e1rio estimular a produ\u00e7\u00e3o de col\u00e1geno, melhorar a qualidade da pele e diminuir a prolifera\u00e7\u00e3o de vasos no local. As pessoas com melasma devem sempre se proteger do sol, utilizando protetor solar, roupas, chap\u00e9us, bon\u00e9s, \u00f3culos escuros, sombrinhas e guarda-s\u00f3is. Todas as medidas que evitem a exposi\u00e7\u00e3o solar da regi\u00e3o acometida e do restante do corpo devem ser tomadas.<\/p>\n\n\n\n<p id=\"viewer-fpjp\">De acordo com Thassiana Guedes, atualmente existem v\u00e1rios tratamentos, consagrados e respeitados no mundo todo, como tecnologias a laser, utiliza\u00e7\u00e3o de produtos como o \u00e1cido tranex\u00e2mico, seja por drug delivery, injet\u00e1vel ou at\u00e9 mesmo oral, al\u00e9m de outros ativos clareadores que podem diminuir a mancha a curto e m\u00e9dio prazo.<\/p>\n\n\n\n<p id=\"viewer-atafj\">\u201cVale destacar que n\u00e3o existe tratamento milagroso. Quando as manchas s\u00e3o mais superficiais, \u00e9 mais f\u00e1cil remover. Quando o melasma est\u00e1 mais profundo, ele requer mais tempo de interven\u00e7\u00e3o e procedimentos. O importante \u00e9 insistir no tratamento. Pode ser que nas primeiras semanas, no primeiro m\u00eas, o paciente n\u00e3o tenha aquele resultado que sonha. Mas se mantiver o tratamento utilizando o protetor solar corretamente e os cremes clareadores necess\u00e1rios para o rosto, ter\u00e1 uma maior chance de sucesso. E quando a gente percebe que o tratamento em casa n\u00e3o consegue dar aquele resultado desejado, vale a pena investir em procedimentos realizados nas cl\u00ednicas de dermatologia\u201d, esclarece.<\/p>\n\n\n\n<p id=\"viewer-9tbql\">Para o tratamento do melasma s\u00e3o indicados peelings que v\u00e3o promover uma renova\u00e7\u00e3o celular e tem a\u00e7\u00e3o clareadora, al\u00e9m de tecnologias como laser de thulium, laser Q-switched, entre outros.<\/p>\n\n\n\n<p id=\"viewer-9e0im\">\u201cSabemos que o segredo de um bom tratamento \u00e9 associar esses procedimentos dermatol\u00f3gicos \u00e0s rotinas e cuidados que precisa ter em casa. Al\u00e9m disso, \u00e9 fundamental a consulta dermatol\u00f3gica, para avaliarmos se seus h\u00e1bitos di\u00e1rios, de sono ou medicamentos em uso podem estar favorecendo o aparecimento dessas manchas ou dificultando o tratamento. \u00c0s vezes trocar a caminhada de manh\u00e3 por uma caminhada a noite faz toda diferen\u00e7a. Intensificar o uso do filtro solar, reaplic\u00e1-lo ao longo do dia, ter o cuidado de passar toda noite o creme clareador. S\u00e3o coisas pequenas, mas que d\u00e3o grande resultado na pele, deixando-a mais bonita e com uma melhora progressiva\u201d, destaca a m\u00e9dica.<\/p>\n\n\n\n<p id=\"viewer-260f2\">O melasma sempre tende a voltar, pois, segundo Thassiana, n\u00e3o existe nenhum tratamento, medica\u00e7\u00e3o oral, creme clareador ou procedimento milagroso que v\u00e1 trazer a cura, j\u00e1 que se trata de uma condi\u00e7\u00e3o cr\u00f4nica. \u201cO importante \u00e9 fazer um diagn\u00f3stico correto, e ajustar a rotina de cuidados. Cada um tem sua individualidade, por isso cada paciente reage de uma maneira ao tratamento. Procure o seu dermatologista e converse com ele. Troque ideias sobre os cremes, sobre os procedimentos, discuta o seu caso. Fa\u00e7a uma rotina de skincare adequada e a\u00ed sim voc\u00ea vai ter um bom desempenho no tratamento. O melasma ainda n\u00e3o tem cura, mas \u00e9 poss\u00edvel ter qualidade de vida e uma pele mais bonita\u201d, finaliza.<\/p>\n","protected":false},"excerpt":{"rendered":"<p>Associar procedimentos dermatol\u00f3gicos \u00e0s rotinas e cuidados em casa auxiliam a ter o resultado t\u00e3o esperado O melasma incomoda muitas pessoas. Quem tem as manchas escuras na pele, cuja causa<\/p>\n","protected":false},"author":1,"featured_media":6024,"comment_status":"open","ping_status":"open","sticky":false,"template":"","format":"standard","meta":{"footnotes":""},"categories":[1],"tags":[],"class_list":["post-6023","post","type-post","status-publish","format-standard","has-post-thumbnail","hentry","category-noticias"],"_links":{"self":[{"href":"https:\/\/revistahubclub.com.br\/portal\/wp-json\/wp\/v2\/posts\/6023","targetHints":{"allow":["GET"]}}],"collection":[{"href":"https:\/\/revistahubclub.com.br\/portal\/wp-json\/wp\/v2\/posts"}],"about":[{"href":"https:\/\/revistahubclub.com.br\/portal\/wp-json\/wp\/v2\/types\/post"}],"author":[{"embeddable":true,"href":"https:\/\/revistahubclub.com.br\/portal\/wp-json\/wp\/v2\/users\/1"}],"replies":[{"embeddable":true,"href":"https:\/\/revistahubclub.com.br\/portal\/wp-json\/wp\/v2\/comments?post=6023"}],"version-history":[{"count":1,"href":"https:\/\/revistahubclub.com.br\/portal\/wp-json\/wp\/v2\/posts\/6023\/revisions"}],"predecessor-version":[{"id":6025,"href":"https:\/\/revistahubclub.com.br\/portal\/wp-json\/wp\/v2\/posts\/6023\/revisions\/6025"}],"wp:featuredmedia":[{"embeddable":true,"href":"https:\/\/revistahubclub.com.br\/portal\/wp-json\/wp\/v2\/media\/6024"}],"wp:attachment":[{"href":"https:\/\/revistahubclub.com.br\/portal\/wp-json\/wp\/v2\/media?parent=6023"}],"wp:term":[{"taxonomy":"category","embeddable":true,"href":"https:\/\/revistahubclub.com.br\/portal\/wp-json\/wp\/v2\/categories?post=6023"},{"taxonomy":"post_tag","embeddable":true,"href":"https:\/\/revistahubclub.com.br\/portal\/wp-json\/wp\/v2\/tags?post=6023"}],"curies":[{"name":"wp","href":"https:\/\/api.w.org\/{rel}","templated":true}]}}