{"id":6093,"date":"2022-10-03T10:57:00","date_gmt":"2022-10-03T13:57:00","guid":{"rendered":"https:\/\/revistahubclub.com.br\/portal\/?p=6093"},"modified":"2024-12-19T10:57:51","modified_gmt":"2024-12-19T13:57:51","slug":"outubro-comeca-com-mais-de-40-turmas-de-cursos-profissionalizantes-gratuitos-em-uberlandia","status":"publish","type":"post","link":"https:\/\/revistahubclub.com.br\/portal\/2022\/10\/03\/outubro-comeca-com-mais-de-40-turmas-de-cursos-profissionalizantes-gratuitos-em-uberlandia\/","title":{"rendered":"Outubro come\u00e7a com mais de 40 turmas de Cursos Profissionalizantes gratuitos em Uberl\u00e2ndia"},"content":{"rendered":"\n<p id=\"viewer-foo\"><em>Capacita\u00e7\u00f5es ocorrer\u00e3o em oito locais que s\u00e3o administrados pela Secretaria Municipal de Desenvolvimento Social, Trabalho e Habita\u00e7\u00e3o.<\/em><\/p>\n\n\n\n<p id=\"viewer-a1g6l\"><em>*Por Prefeitura de Uberl\u00e2ndia<\/em><\/p>\n\n\n\n<p id=\"viewer-29bk0\"><em>( Foto: Danilo Henriques \/ Secretaria de Governo e Comunica\u00e7\u00e3o \/ PMU )<\/em><\/p>\n\n\n\n<p id=\"viewer-1h47q\">Para as pessoas que buscam aperfei\u00e7oamento, o m\u00eas de outubro tem mais de 40 novas turmas de <strong>cursos profissionalizantes<\/strong>, disponibilizadas pela Prefeitura de Uberl\u00e2ndia, por meio da Secretaria Municipal de Desenvolvimento Social, Trabalho e Habita\u00e7\u00e3o (Sedesth). S\u00e3o <strong>ofertadas v\u00e1rias capacita\u00e7\u00f5es gratuitas, distribu\u00eddas nos oito equipamentos sociais do munic\u00edpio<\/strong>.<\/p>\n\n\n\n<p id=\"viewer-c09b0\">As<strong> inscri\u00e7\u00f5es est\u00e3o abertas<\/strong> permanentemente e devem ser feitas no local de realiza\u00e7\u00e3o do curso. As oportunidades acontecer\u00e3o nos Centros Profissionalizantes dos bairros Morumbi, Lagoinha, Campo Alegre, Luizote de Freitas, Tocantins, Planalto, na Esta\u00e7\u00e3o da Juventude e no Complexo Social do Bairro Maravilha.<\/p>\n\n\n\n<p id=\"viewer-7r7rt\">Os interessados poder\u00e3o se inscrever em capacita\u00e7\u00f5es como Design Gr\u00e1fico, Preparo de Bem-Casados (doces), Manicure e Pedicure, Mini Pizza, Excel, T\u00e9cnicas Avan\u00e7adas de Maquiagem, entre outros (<em>confira mais detalhes na listagem abaixo<\/em>). As capacita\u00e7\u00f5es ocorrer\u00e3o, a depender da modalidade escolhida, nos per\u00edodos da manh\u00e3 ou tarde.<\/p>\n\n\n\n<p id=\"viewer-3iqmc\"><strong>Inscri\u00e7\u00f5es<\/strong><\/p>\n\n\n\n<p id=\"viewer-cq6ro\">Para se inscrever, basta ir at\u00e9 um dos centros profissionalizantes e apresentar documento de identidade com foto e CPF originais e comprovantes de endere\u00e7o e de renda familiar. Os interessados devem ter idade m\u00ednima de 16 anos, n\u00edvel de escolaridade compat\u00edvel com a especificidade de cada curso e renda familiar de, no m\u00e1ximo, tr\u00eas sal\u00e1rios m\u00ednimos.<\/p>\n\n\n\n<p id=\"viewer-54of6\"><strong>Centro Profissionalizante Morumbi<\/strong><\/p>\n\n\n\n<p id=\"viewer-a0a16\">Av. Jos\u00e9 Maria Ribeiro, 897 \u2013 Bairro Morumbi \u2013 Fone: 3232-3060 <em>Cursos Oferecidos:<\/em> \u00b7 Preparo de Bem-casados<\/p>\n\n\n\n<p id=\"viewer-3hafv\">Per\u00edodo: 3 a 5 de outubro<\/p>\n\n\n\n<p id=\"viewer-97u1\">Hor\u00e1rios: 13h \u00e0s 17h<\/p>\n\n\n\n<p id=\"viewer-9q8l5\">Dias: segunda a quarta-feira<\/p>\n\n\n\n<p id=\"viewer-fbq30\">\u00b7 Manicure e Pedicure<\/p>\n\n\n\n<p id=\"viewer-bo9a1\">Per\u00edodo: 3 a 7 de outubro<\/p>\n\n\n\n<p id=\"viewer-41tno\">Hor\u00e1rios: 13h \u00e0s 17h<\/p>\n\n\n\n<p id=\"viewer-8g2v9\">Dias: segunda a sexta-feira<\/p>\n\n\n\n<p id=\"viewer-585ou\">\u2022 Boas Pr\u00e1ticas de Manipula\u00e7\u00e3o de Alimentos<\/p>\n\n\n\n<p id=\"viewer-9vsse\">Per\u00edodo: 10 a 21 de outubro<\/p>\n\n\n\n<p id=\"viewer-e52i6\">Hor\u00e1rios: 13h \u00e0s 17h<\/p>\n\n\n\n<p id=\"viewer-33llp\">Dias: segunda a sexta-feira<\/p>\n\n\n\n<p id=\"viewer-d2pn0\">\u2022 Mini Pizza<\/p>\n\n\n\n<p id=\"viewer-eacdu\">Per\u00edodo: 17 a 19 de outubro<\/p>\n\n\n\n<p id=\"viewer-70qpu\">Hor\u00e1rios: 13h \u00e0s 17h<\/p>\n\n\n\n<p id=\"viewer-ok8h\">Dias: segunda a quarta-feira<\/p>\n\n\n\n<p id=\"viewer-au8nj\">\u2022 Excel<\/p>\n\n\n\n<p id=\"viewer-8phbl\">Per\u00edodo: 24 de outubro a 8 de novembro<\/p>\n\n\n\n<p id=\"viewer-20bu1\">Hor\u00e1rios: 14h \u00e0s 17h<\/p>\n\n\n\n<p id=\"viewer-c740t\">Dias: segunda a sexta-feira<\/p>\n\n\n\n<p id=\"viewer-1119m\">\u2022 T\u00e9cnicas Avan\u00e7adas de Maquiagem<\/p>\n\n\n\n<p id=\"viewer-80flf\">Per\u00edodo: 24 de outubro a 1 de novembro<\/p>\n\n\n\n<p id=\"viewer-4jrlv\">Hor\u00e1rios: 13h30 \u00e0s 17h30<\/p>\n\n\n\n<p id=\"viewer-2qq6u\">Dias: segunda a sexta-feira<\/p>\n\n\n\n<p id=\"viewer-7avo5\"><strong>Centro Profissionalizante Lagoinha<\/strong><\/p>\n\n\n\n<p id=\"viewer-cijb3\">Rua S\u00e3o Francisco de Assis, 1070 \u2013 Bairro Lagoinha \u2013 Fone: 3226-6968<\/p>\n\n\n\n<p id=\"viewer-8mch5\"><em>Cursos Oferecidos:<\/em><\/p>\n\n\n\n<p id=\"viewer-b7294\">\u00b7 Design de Sobrancelha<\/p>\n\n\n\n<p id=\"viewer-54a3a\">Per\u00edodo: 3 a 7 de outubro<\/p>\n\n\n\n<p id=\"viewer-f10e2\">Hor\u00e1rios: 13h \u00e0s 17h<\/p>\n\n\n\n<p id=\"viewer-7271c\">Dias: segunda a sexta-feira<\/p>\n\n\n\n<p id=\"viewer-9ahjt\">\u2022 Inform\u00e1tica Profissional<\/p>\n\n\n\n<p id=\"viewer-5hei2\">Per\u00edodo: 3 de outubro a 11 de novembro<\/p>\n\n\n\n<p id=\"viewer-a51lu\">Hor\u00e1rios: 13h00 \u00e0s 14h40<\/p>\n\n\n\n<p id=\"viewer-7moil\">14h40 \u00e0s 16h20<\/p>\n\n\n\n<p id=\"viewer-fupgi\">16h20 \u00e0s 18h00<\/p>\n\n\n\n<p id=\"viewer-2kpm9\">Dias: segunda a sexta-feira<\/p>\n\n\n\n<p id=\"viewer-9022f\">\u00b7 Preparo de Doces Para Festa<\/p>\n\n\n\n<p id=\"viewer-9l3ec\">Per\u00edodo: 10 a 13 de outubro<\/p>\n\n\n\n<p id=\"viewer-83rbu\">Hor\u00e1rios: 13h \u00e0s 17h<\/p>\n\n\n\n<p id=\"viewer-7ein1\">Dias: segunda a quarta-feira<\/p>\n\n\n\n<p id=\"viewer-b2rs\">\u00b7 Depila\u00e7\u00e3o com Linha<\/p>\n\n\n\n<p id=\"viewer-f2bfj\">Per\u00edodo: 10 a 14 de outubro<\/p>\n\n\n\n<p id=\"viewer-3mj03\">Hor\u00e1rios: 13h \u00e0s 17h<\/p>\n\n\n\n<p id=\"viewer-ddtb7\">Dias: segunda a sexta-feira<\/p>\n\n\n\n<p id=\"viewer-bls29\">\u2022 Som e Acess\u00f3rios \u2013 Tarde<\/p>\n\n\n\n<p id=\"viewer-h43t\">Per\u00edodo: 10 de outubro a 9 de novembro<\/p>\n\n\n\n<p id=\"viewer-66rcn\">Hor\u00e1rios: 13h30 \u00e0s 17h30<\/p>\n\n\n\n<p id=\"viewer-aqo9k\">Dias: segunda a sexta-feira<\/p>\n\n\n\n<p id=\"viewer-9s24o\">\u2022 Som e Acess\u00f3rios \u2013 Noite<\/p>\n\n\n\n<p id=\"viewer-3oskt\">Per\u00edodo: 10 de outubro a 9 de novembro<\/p>\n\n\n\n<p id=\"viewer-45p0a\">Hor\u00e1rios: 18h \u00e0s 22h<\/p>\n\n\n\n<p id=\"viewer-3jfg7\">Dias: segunda a sexta-feira<\/p>\n\n\n\n<p id=\"viewer-e7884\">\u2022 Espetinho Criativo<\/p>\n\n\n\n<p id=\"viewer-ep036\">Per\u00edodo: 17 a 19 de outubro<\/p>\n\n\n\n<p id=\"viewer-4h102\">Hor\u00e1rios: 13h \u00e0s 17h<\/p>\n\n\n\n<p id=\"viewer-8pseh\">Dias: segunda a sexta-feira<\/p>\n\n\n\n<p id=\"viewer-48sl3\">\u2022 Higieniza\u00e7\u00e3o Facial<\/p>\n\n\n\n<p id=\"viewer-dhhb5\">Per\u00edodo: 24 a 26 de outubro<\/p>\n\n\n\n<p id=\"viewer-fbb44\">Hor\u00e1rios: 13h \u00e0s 17h<\/p>\n\n\n\n<p id=\"viewer-bshui\">Dias: segunda a quarta-feira<\/p>\n\n\n\n<p id=\"viewer-dhcff\">\u2022 Auxiliar Administrativo<\/p>\n\n\n\n<p id=\"viewer-64u22\">Per\u00edodo: 24 de outubro a 8 de novembro<\/p>\n\n\n\n<p id=\"viewer-21l48\">Hor\u00e1rios: 13h \u00e0s 16h<\/p>\n\n\n\n<p id=\"viewer-8ekrc\">Dias: segunda a quarta-feira<\/p>\n\n\n\n<p id=\"viewer-acm0n\"><strong>Centro Profissionalizante Campo Alegre<\/strong><\/p>\n\n\n\n<p id=\"viewer-cl0uh\">Av. Cordilheira dos Andes, 1015 \u2013 Bairro Campo Alegre \u2013 Fone: 3227-3767<\/p>\n\n\n\n<p id=\"viewer-7cvim\"><em>Cursos Oferecidos:<\/em><\/p>\n\n\n\n<p id=\"viewer-c2bva\">\u00b7 Geladinha Gourmet<\/p>\n\n\n\n<p id=\"viewer-dvrm7\">Per\u00edodo: 10 a 13 de outubro<\/p>\n\n\n\n<p id=\"viewer-b91k5\">Hor\u00e1rios: 13h \u00e0s 17h<\/p>\n\n\n\n<p id=\"viewer-91chk\">Dias: segunda a quarta-feira<\/p>\n\n\n\n<p id=\"viewer-noht\">\u00b7 Ferramentas de Marketing Digital<\/p>\n\n\n\n<p id=\"viewer-2uphf\">Per\u00edodo: 17 a 24 de outubro<\/p>\n\n\n\n<p id=\"viewer-b3b4\">Hor\u00e1rios: 13h \u00e0s 17h<\/p>\n\n\n\n<p id=\"viewer-foia1\">Dias: segunda a sexta-feira<\/p>\n\n\n\n<p id=\"viewer-flkd4\">\u00b7 Design de Sobrancelha<\/p>\n\n\n\n<p id=\"viewer-bbfqv\">Per\u00edodo: 24 a 27 de outubro<\/p>\n\n\n\n<p id=\"viewer-cd5vr\">Hor\u00e1rios: 13h \u00e0s 17h<\/p>\n\n\n\n<p id=\"viewer-8hli7\">Dias: segunda a quinta-feira<\/p>\n\n\n\n<p id=\"viewer-a9spm\">\u00b7 Sandu\u00edche<\/p>\n\n\n\n<p id=\"viewer-146p8\">Per\u00edodo: 24 a 26 de outubro<\/p>\n\n\n\n<p id=\"viewer-7g50q\">Hor\u00e1rios: 13h \u00e0s 17h<\/p>\n\n\n\n<p id=\"viewer-eku9r\">Dias: segunda a quarta-feira<\/p>\n\n\n\n<p id=\"viewer-7j1jc\">\u00b7 Excel<\/p>\n\n\n\n<p id=\"viewer-fv5ln\">Per\u00edodo: 31 de outubro a 14 de novembro<\/p>\n\n\n\n<p id=\"viewer-as60q\">Hor\u00e1rios: 14h \u00e0s 17h<\/p>\n\n\n\n<p id=\"viewer-1dsh0\">Dias: segunda a sexta-feira<\/p>\n\n\n\n<p id=\"viewer-f332e\">\u00b7 Depila\u00e7\u00e3o com Linha<\/p>\n\n\n\n<p id=\"viewer-cjj6r\">Per\u00edodo: 31 de outubro a 4 de novembro<\/p>\n\n\n\n<p id=\"viewer-7unfg\">Hor\u00e1rios: 14h \u00e0s 17h<\/p>\n\n\n\n<p id=\"viewer-38qcr\">Dias: segunda a sexta-feira<\/p>\n\n\n\n<p id=\"viewer-3n3el\"><strong>Centro Profissionalizante Luizote<\/strong><\/p>\n\n\n\n<p id=\"viewer-aopku\">Rua Ant\u00f4nio Rufino Borges, 165 \u2013 Bairro Luizote \u2013 Fone: 3228-7520<\/p>\n\n\n\n<p id=\"viewer-4nfad\"><em>Cursos Oferecidos:<\/em><\/p>\n\n\n\n<p id=\"viewer-577kb\">\u00b7 Depila\u00e7\u00e3o com Linha<\/p>\n\n\n\n<p id=\"viewer-7jkc6\">Per\u00edodo: 10 a 14 de outubro<\/p>\n\n\n\n<p id=\"viewer-9p2js\">Hor\u00e1rios: 13h \u00e0s 17h<\/p>\n\n\n\n<p id=\"viewer-e1ume\">Dias: segunda a sexta-feira<\/p>\n\n\n\n<p id=\"viewer-997sn\">\u00b7 Extens\u00e3o de C\u00edlios<\/p>\n\n\n\n<p id=\"viewer-f2oaq\">Per\u00edodo: 17 a 20 de outubro<\/p>\n\n\n\n<p id=\"viewer-b9ngr\">Hor\u00e1rios: 13h \u00e0s 17h<\/p>\n\n\n\n<p id=\"viewer-fjdc4\">Dias: segunda a quinta-feira<\/p>\n\n\n\n<p id=\"viewer-8ke4n\">\u00b7 Forma\u00e7\u00e3o de Vendedores<\/p>\n\n\n\n<p id=\"viewer-7pcqq\">Per\u00edodo: 17 a 27 de outubro<\/p>\n\n\n\n<p id=\"viewer-1dfqj\">Hor\u00e1rios: 14h \u00e0s 17h<\/p>\n\n\n\n<p id=\"viewer-d1gj6\">Dias: segunda a sexta-feira<\/p>\n\n\n\n<p id=\"viewer-3fij9\">\u00b7 Penteados<\/p>\n\n\n\n<p id=\"viewer-61rvj\">Per\u00edodo: 24 de outubro a 7 de novembro<\/p>\n\n\n\n<p id=\"viewer-4oi6k\">Hor\u00e1rios: 13h \u00e0s 17h<\/p>\n\n\n\n<p id=\"viewer-q57c\">Dias: segunda a sexta-feira<\/p>\n\n\n\n<p id=\"viewer-atdki\">\u00b7 Atendente de Telemarketing<\/p>\n\n\n\n<p id=\"viewer-4bhqp\">Per\u00edodo: 31 de outubro a 4 de novembro<\/p>\n\n\n\n<p id=\"viewer-1vpa6\">Hor\u00e1rios: 13h \u00e0s 17h<\/p>\n\n\n\n<p id=\"viewer-dnqeo\">Dias: segunda a sexta-feira<\/p>\n\n\n\n<p id=\"viewer-3gmd7\"><strong>Centro Profissionalizante Tocantins<\/strong><\/p>\n\n\n\n<p id=\"viewer-4ebkg\">Rua Renato Jos\u00e9 Luiz, 90 \u2013 Bairro Tocantins \u2013 Fone: 3217-9462<\/p>\n\n\n\n<p id=\"viewer-adu5i\"><em>Cursos Oferecidos:<\/em><\/p>\n\n\n\n<p id=\"viewer-9ripr\">\u00b7 Empreendedorismo e Vendas<\/p>\n\n\n\n<p id=\"viewer-3qf4c\">Per\u00edodo: 10 a 13 de outubro<\/p>\n\n\n\n<p id=\"viewer-6ump4\">Hor\u00e1rios: 13h \u00e0s 17h<\/p>\n\n\n\n<p id=\"viewer-6rnu3\">Dias: segunda-feira a quinta-feira<\/p>\n\n\n\n<p id=\"viewer-3bcl4\">\u2022 Quitandas Tradicionais<\/p>\n\n\n\n<p id=\"viewer-72aqq\">Per\u00edodo: 17 a 21 de outubro<\/p>\n\n\n\n<p id=\"viewer-dgdp6\">Hor\u00e1rios: 13h \u00e0s 17h<\/p>\n\n\n\n<p id=\"viewer-9vjkv\">Dias: segunda-feira a sexta-feira<\/p>\n\n\n\n<p id=\"viewer-4bgc3\">\u2022 Manicure e Pedicure<\/p>\n\n\n\n<p id=\"viewer-ajf0m\">Per\u00edodo: 17 a 21 de outubro<\/p>\n\n\n\n<p id=\"viewer-7g90c\">Hor\u00e1rios: 13h \u00e0s 17h<\/p>\n\n\n\n<p id=\"viewer-dj78o\">Dias: segunda-feira a sexta-feira<\/p>\n\n\n\n<p id=\"viewer-94co3\">\u2022 Excel<\/p>\n\n\n\n<p id=\"viewer-f5d6a\">Per\u00edodo: 17 a 31 de outubro<\/p>\n\n\n\n<p id=\"viewer-dqn9u\">Hor\u00e1rios: 14h \u00e0s 17h<\/p>\n\n\n\n<p id=\"viewer-1ngjq\">Dias: segunda-feira a sexta-feira<\/p>\n\n\n\n<p id=\"viewer-5c4sq\">\u2022 B\u00e1sico de Acabamento e Costura<\/p>\n\n\n\n<p id=\"viewer-56an6\">Per\u00edodo: 17 a 27 de outubro<\/p>\n\n\n\n<p id=\"viewer-bdrja\">Hor\u00e1rios: 13h \u00e0s 17h<\/p>\n\n\n\n<p id=\"viewer-edmg6\">Dias: segunda-feira a sexta-feira<\/p>\n\n\n\n<p id=\"viewer-1a43o\">\u2022 Bolo no Pote<\/p>\n\n\n\n<p id=\"viewer-26b5l\">Per\u00edodo: 24 a 26 de outubro<\/p>\n\n\n\n<p id=\"viewer-cpn4c\">Hor\u00e1rios: 13h \u00e0s 17h<\/p>\n\n\n\n<p id=\"viewer-b4cv3\">Dias: segunda-feira a quarta-feira<\/p>\n\n\n\n<p id=\"viewer-6rjm1\">\u2022 Depila\u00e7\u00e3o com linha<\/p>\n\n\n\n<p id=\"viewer-bmhha\">Per\u00edodo: 31 de outubro a 4 de novembro<\/p>\n\n\n\n<p id=\"viewer-9hbqo\">Hor\u00e1rios: 13h \u00e0s 17h<\/p>\n\n\n\n<p id=\"viewer-9agtq\">Dias: segunda-feira a sexta-feira<\/p>\n\n\n\n<p id=\"viewer-cvr5v\"><strong>Centro Profissionalizante Planalto<\/strong><\/p>\n\n\n\n<p id=\"viewer-6tuv8\">Rua do Jardineiro,360 \u2013 Bairro Planalto \u2013 Fone: 3257-3795<\/p>\n\n\n\n<p id=\"viewer-9c6as\"><em>Cursos Oferecidos:<\/em><\/p>\n\n\n\n<p id=\"viewer-176m2\">\u00b7 Design Gr\u00e1fico<\/p>\n\n\n\n<p id=\"viewer-ejs71\">Per\u00edodo: 3 de outubro a 1 de novembro<\/p>\n\n\n\n<p id=\"viewer-edijg\">Hor\u00e1rios: 14h \u00e0s 17h<\/p>\n\n\n\n<p id=\"viewer-e0g1o\">Dias: segunda a sexta-feira<\/p>\n\n\n\n<p id=\"viewer-jcv\">\u00b7 Mec\u00e2nica Automotiva \u2013 Manh\u00e3<\/p>\n\n\n\n<p id=\"viewer-eqeu5\">Per\u00edodo: 10 de outubro a 16 de dezembro<\/p>\n\n\n\n<p id=\"viewer-7u9r\">Hor\u00e1rios: 8h \u00e0s 12h<\/p>\n\n\n\n<p id=\"viewer-9rf2f\">Dias: segunda a sexta-feira<\/p>\n\n\n\n<p id=\"viewer-932i4\">\u00b7 Inform\u00e1tica \u2013 Noite<\/p>\n\n\n\n<p id=\"viewer-9b5i8\">Per\u00edodo: 10 de outubro a 24 de novembro<\/p>\n\n\n\n<p id=\"viewer-3ertt\">Hor\u00e1rios: 18h \u00e0s 19h40<\/p>\n\n\n\n<p id=\"viewer-7cndg\">19h40 \u00e0s 21h20<\/p>\n\n\n\n<p id=\"viewer-7hone\">Dias: segunda a sexta-feira<\/p>\n\n\n\n<p id=\"viewer-75mn8\">\u00b7 Auxiliar Administrativo<\/p>\n\n\n\n<p id=\"viewer-onfm\">Per\u00edodo: 10 a 21 de outubro<\/p>\n\n\n\n<p id=\"viewer-35quu\">Hor\u00e1rios: 13h \u00e0s 16h<\/p>\n\n\n\n<p id=\"viewer-7c2ca\">Dias: segunda a sexta-feira<\/p>\n\n\n\n<p id=\"viewer-96ab2\">\u2022 Mec\u00e2nica de Motos \u2013 Tarde<\/p>\n\n\n\n<p id=\"viewer-7vh8t\">Per\u00edodo: 10 de outubro a 9 de novembro<\/p>\n\n\n\n<p id=\"viewer-23lc1\">Hor\u00e1rios: 13h30 \u00e0s 17h30<\/p>\n\n\n\n<p id=\"viewer-93cgo\">Dias: segunda a sexta-feira<\/p>\n\n\n\n<p id=\"viewer-ass3a\">\u2022 Mec\u00e2nica de Motos \u2013 Noite<\/p>\n\n\n\n<p id=\"viewer-c7h4r\">Per\u00edodo: 10 de outubro a 9 de novembro<\/p>\n\n\n\n<p id=\"viewer-2pk7k\">Hor\u00e1rios: 18h \u00e0s 22h<\/p>\n\n\n\n<p id=\"viewer-bqs1d\">Dias: segunda a sexta-feira<\/p>\n\n\n\n<p id=\"viewer-4uasv\">\u2022 Rotinas de Departamento Pessoal<\/p>\n\n\n\n<p id=\"viewer-7ids2\">Per\u00edodo: 24 de outubro a 4 de novembro<\/p>\n\n\n\n<p id=\"viewer-9ruk9\">Hor\u00e1rios: 13h \u00e0s 17h<\/p>\n\n\n\n<p id=\"viewer-1t0md\">Dias: segunda a sexta-feira<\/p>\n\n\n\n<p id=\"viewer-9tngq\"><strong>Esta\u00e7\u00e3o da Juventude<\/strong><\/p>\n\n\n\n<p id=\"viewer-ckvno\">Av. Europa, 175 \u2013 Bairro Tibery \u2013 Fone: 3222-6599<\/p>\n\n\n\n<p id=\"viewer-64cl8\"><em>Cursos Oferecidos:<\/em><\/p>\n\n\n\n<p id=\"viewer-9451b\">\u2022 Design Gr\u00e1fico<\/p>\n\n\n\n<p id=\"viewer-c75nr\">Per\u00edodo: 10 de outubro a 9 de novembro<\/p>\n\n\n\n<p id=\"viewer-7rluf\">Hor\u00e1rios: 14h \u00e0s 17h<\/p>\n\n\n\n<p id=\"viewer-vdeb\">Dias: segunda a sexta-feira<\/p>\n\n\n\n<p id=\"viewer-602g9\">\u2022 Ferramentas de Marketing Digital<\/p>\n\n\n\n<p id=\"viewer-50o7d\">Per\u00edodo: 3 a 10 de outubro<\/p>\n\n\n\n<p id=\"viewer-9698h\">Hor\u00e1rios: 13h \u00e0s 17h<\/p>\n\n\n\n<p id=\"viewer-du0r8\">Dias: segunda a sexta-feira<\/p>\n\n\n\n<p id=\"viewer-2d6c6\">\u2022 Atendente de Telemarketing<\/p>\n\n\n\n<p id=\"viewer-3cn6b\">Per\u00edodo: 17 a 21 de outubro<\/p>\n\n\n\n<p id=\"viewer-5hp6n\">Hor\u00e1rios: 13h \u00e0s 17h<\/p>\n\n\n\n<p id=\"viewer-2d1mk\">Dias: segunda a sexta-feira<\/p>\n\n\n\n<p id=\"viewer-6okpe\"><strong>Complexo Social do Bairro Maravilha \u2013 Pra\u00e7a da Juventude<\/strong><\/p>\n\n\n\n<p id=\"viewer-9raor\">R. Fernanda Oliveira Prado esquina com Rua Mario Borges \u2013 Maravilha \u2013 Fone: 3225-3895<\/p>\n\n\n\n<p id=\"viewer-bs8cr\"><em>Cursos Oferecidos:<\/em><\/p>\n\n\n\n<p id=\"viewer-vfij\">\u2022 E- Commerce: Vendendo no Comercio Eletr\u00f4nico<\/p>\n\n\n\n<p id=\"viewer-53mta\">Per\u00edodo: 10 a 24 de outubro<\/p>\n\n\n\n<p id=\"viewer-5tjcl\">Hor\u00e1rios: 13h \u00e0s 17h<\/p>\n\n\n\n<p id=\"viewer-cn5hj\">Dias: segunda a sexta-feira<\/p>\n","protected":false},"excerpt":{"rendered":"<p>Capacita\u00e7\u00f5es ocorrer\u00e3o em oito locais que s\u00e3o administrados pela Secretaria Municipal de Desenvolvimento Social, Trabalho e Habita\u00e7\u00e3o. *Por Prefeitura de Uberl\u00e2ndia ( Foto: Danilo Henriques \/ Secretaria de Governo e<\/p>\n","protected":false},"author":1,"featured_media":6094,"comment_status":"open","ping_status":"open","sticky":false,"template":"","format":"standard","meta":{"footnotes":""},"categories":[1],"tags":[],"class_list":["post-6093","post","type-post","status-publish","format-standard","has-post-thumbnail","hentry","category-noticias"],"_links":{"self":[{"href":"https:\/\/revistahubclub.com.br\/portal\/wp-json\/wp\/v2\/posts\/6093","targetHints":{"allow":["GET"]}}],"collection":[{"href":"https:\/\/revistahubclub.com.br\/portal\/wp-json\/wp\/v2\/posts"}],"about":[{"href":"https:\/\/revistahubclub.com.br\/portal\/wp-json\/wp\/v2\/types\/post"}],"author":[{"embeddable":true,"href":"https:\/\/revistahubclub.com.br\/portal\/wp-json\/wp\/v2\/users\/1"}],"replies":[{"embeddable":true,"href":"https:\/\/revistahubclub.com.br\/portal\/wp-json\/wp\/v2\/comments?post=6093"}],"version-history":[{"count":1,"href":"https:\/\/revistahubclub.com.br\/portal\/wp-json\/wp\/v2\/posts\/6093\/revisions"}],"predecessor-version":[{"id":6095,"href":"https:\/\/revistahubclub.com.br\/portal\/wp-json\/wp\/v2\/posts\/6093\/revisions\/6095"}],"wp:featuredmedia":[{"embeddable":true,"href":"https:\/\/revistahubclub.com.br\/portal\/wp-json\/wp\/v2\/media\/6094"}],"wp:attachment":[{"href":"https:\/\/revistahubclub.com.br\/portal\/wp-json\/wp\/v2\/media?parent=6093"}],"wp:term":[{"taxonomy":"category","embeddable":true,"href":"https:\/\/revistahubclub.com.br\/portal\/wp-json\/wp\/v2\/categories?post=6093"},{"taxonomy":"post_tag","embeddable":true,"href":"https:\/\/revistahubclub.com.br\/portal\/wp-json\/wp\/v2\/tags?post=6093"}],"curies":[{"name":"wp","href":"https:\/\/api.w.org\/{rel}","templated":true}]}}