{"id":6099,"date":"2022-10-03T10:58:00","date_gmt":"2022-10-03T13:58:00","guid":{"rendered":"https:\/\/revistahubclub.com.br\/portal\/?p=6099"},"modified":"2024-12-19T10:59:04","modified_gmt":"2024-12-19T13:59:04","slug":"dedo-de-verso-estimula-criancas-e-jovens-a-expressar-visoes-de-mundo-atraves-da-voz","status":"publish","type":"post","link":"https:\/\/revistahubclub.com.br\/portal\/2022\/10\/03\/dedo-de-verso-estimula-criancas-e-jovens-a-expressar-visoes-de-mundo-atraves-da-voz\/","title":{"rendered":"Dedo de Verso estimula crian\u00e7as e jovens a expressar vis\u00f5es de mundo atrav\u00e9s da voz"},"content":{"rendered":"\n<p id=\"viewer-foo\"><em>Na quarta edi\u00e7\u00e3o, projeto atende mais de 100 crian\u00e7as e adolescentes de Uberl\u00e2ndia.<\/em><\/p>\n\n\n\n<p id=\"viewer-8r9on\"><em>*Por Ciclo Assessoria<\/em><\/p>\n\n\n\n<p id=\"viewer-dam6p\"><em>( Imagem de divulga\u00e7\u00e3o: Est\u00eanio Eduardo durante oficina do projeto Dedo de Verso )<\/em><\/p>\n\n\n\n<p id=\"viewer-a46s9\">Idealizado e proposto pelo m\u00fasico e escritor Enzo Banzo, o projeto Dedo de Verso trabalha com a literatura para al\u00e9m do texto escrito, compreendendo o uso da palavra pela voz, na fala e no canto, e possibilitando assim que o participante possa se projetar como sujeito de uma express\u00e3o art\u00edstica e vis\u00e3o de mundo.<\/p>\n\n\n\n<p id=\"viewer-7fkfc\">Em 2022, o projeto est\u00e1 oferecendo oficinas gratuitas a mais de 100 crian\u00e7as e adolescentes das institui\u00e7\u00f5es parceiras Lar Esp\u00edrita Maria Lobato de Freitas (bairro Laranjeiras), ABC do Gl\u00f3ria (bairro S\u00e3o Jorge) e Comunidade Casa Tubalina (bairro Tubalina).<\/p>\n\n\n\n<p id=\"viewer-te3s\"><em>\u201cO diferencial das oficinas, em rela\u00e7\u00e3o ao ensino de Literatura na educa\u00e7\u00e3o formal, \u00e9 que s\u00e3o voltadas para a cria\u00e7\u00e3o liter\u00e1ria em poesia e narrativa, e n\u00e3o somente para o estudo das obras da historiografia liter\u00e1ria. Trata-se de um processo de est\u00edmulo na perspectiva da Literatura como linguagem art\u00edstica universal que pode ser exercida por todos. Al\u00e9m disso, o projeto aborda a performance liter\u00e1ria na fala e no canto, na qual o poema ganha voz e vida, apontando para a transversalidade art\u00edstica e promovendo di\u00e1logos com as linguagens teatral e musical\u201d, explica Enzo Banzo.<\/em><\/p>\n\n\n\n<p id=\"viewer-7pldh\">Ao longo do processo de forma\u00e7\u00e3o, os alunos est\u00e3o participando, tamb\u00e9m, de workshops com escritores e arte-educadores da \u00e1rea, enriquecendo o processo de forma\u00e7\u00e3o e aprofundando temas e t\u00e9cnicas.<\/p>\n\n\n\n<p id=\"viewer-b8imf\">E como resultado, ser\u00e3o realizados no m\u00eas de novembro dois saraus com poesias, can\u00e7\u00f5es e narrativas criadas ao longo do projeto. \u201cOs saraus acontecer\u00e3o em espa\u00e7os culturais centrais e perif\u00e9ricos, o que possibilitar\u00e1 tamb\u00e9m aos alunos o contato com espa\u00e7os distantes de sua realidade cotidiana\u201d, completa Banzo.<\/p>\n\n\n\n<p id=\"viewer-ercjv\"><strong>O impacto na vida dos participantes<\/strong><\/p>\n\n\n\n<p id=\"viewer-oi1g\">Est\u00eanio Eduardo, de 16 anos, \u00e9 um dos participantes da quarta edi\u00e7\u00e3o do projeto Dedo de Verso. Ele conta que adora teatro e sonha em estar nos palcos, como ator ou dan\u00e7arino. E que quando soube que o projeto aconteceria no Lar Maria Lobato, pr\u00f3xima da sua casa no bairro Laranjeiras, n\u00e3o teve d\u00favidas e quis se inscrever. \u201cEu adoro participar do projeto, por causa das brincadeiras, da arte e da m\u00fasica. Acho que \u00e9 uma oportunidade que estou tendo de desenvolver meu lado art\u00edstico\u201d, disse.<\/p>\n\n\n\n<p id=\"viewer-c7h6a\">Jos\u00e9 Henrique, de 14 anos, conta que gosta de aprender coisas novas e participando do projeto est\u00e1 sempre aprendendo e socializando com outras crian\u00e7as e adolescentes. \u201c\u00c9 muito bom, os professores s\u00e3o muito legais e fazer as coisas juntos \u00e9 muito bom\u201d, comentou.<\/p>\n\n\n\n<p id=\"viewer-62vr\"><strong>Hist\u00f3ria do projeto<\/strong><\/p>\n\n\n\n<p id=\"viewer-a4nub\">Na sua 1\u00aa edi\u00e7\u00e3o, em 2017, Dedo de Verso ofereceu oficinas que se conclu\u00edram em apresenta\u00e7\u00f5es em formato de sarau.<\/p>\n\n\n\n<p id=\"viewer-9b9nj\">Na 2\u00aa edi\u00e7\u00e3o, em 2020, produziu, de forma online durante a pandemia, os conte\u00fados de seu primeiro \u00e1lbum, dispon\u00edvel gratuitamente nas plataformas digitais de streaming, e lan\u00e7ado em 2021.<\/p>\n\n\n\n<p id=\"viewer-92bg8\">Na 3\u00aa edi\u00e7\u00e3o, em 2021, os participantes do projeto produziram can\u00e7\u00f5es de forma online, que ser\u00e3o lan\u00e7adas no novo \u00e1lbum. As grava\u00e7\u00f5es est\u00e3o em fase de finaliza\u00e7\u00e3o, e contam com participa\u00e7\u00f5es do Grupo EMCANTAR, Luiz Salgado, Kain\u00e3 Bragiola, al\u00e9m do pr\u00f3prio Enzo Banzo.<\/p>\n\n\n\n<p id=\"viewer-1ajk1\">Na 4\u00aa edi\u00e7\u00e3o, em 2022, o projeto retomou o formato presencial de oficinas e como resultado vai realizar dois saraus em novembro de 2022, e gravar seis can\u00e7\u00f5es em est\u00fadio, para public\u00e1-las no ambiente digital em 2023.<\/p>\n\n\n\n<p id=\"viewer-48id9\">O projeto Dedo de Verso \u2013 em sua 4\u00aa edi\u00e7\u00e3o &#8211; \u00e9 realizado pelo m\u00fasico e compositor Enzo Banzo em parceria com Programa Transforma e patrocinado pelo Instituto Algar, por meio da Lei Estadual de Incentivo \u00e0 Cultura de Minas Gerais e Governo de Minas, CA 2018.13605.0138.<\/p>\n\n\n\n<p id=\"viewer-7bdbo\"><strong>Confira o cronograma de oficinas:<\/strong><\/p>\n\n\n\n<p id=\"viewer-5f298\">Segundas: Comunidade Casa Tubalina, 13:00 \u00e0s 14:30h e 14:30 \u00e0s 16:00h<\/p>\n\n\n\n<p id=\"viewer-fhrna\">Ter\u00e7as: Lar Maria Lobato \u2013 9:00 \u00e0s 10:30h e 13:30 \u00e0s 15:00h<\/p>\n\n\n\n<p id=\"viewer-1t4u9\">Quintas: ABC do Gl\u00f3ria \u2013 9:00 \u00e0s 11:00 e 13:00 \u00e0s 15:00h<\/p>\n\n\n\n<p id=\"viewer-4nqko\">*Neste m\u00eas, haver\u00e1 workshops de letras de can\u00e7\u00e3o nos dias 03, 04, 06, 17, 18, 20 e 31\/10\/22.<\/p>\n\n\n\n<p id=\"viewer-46pfp\"><strong>Conhe\u00e7a o Dedo de Verso<\/strong><\/p>\n\n\n\n<p id=\"viewer-37dcr\"><strong>&#8211; <\/strong>https:\/\/www.youtube.com\/watch?v=VRP4aLO4UTQ<\/p>\n\n\n\n<p id=\"viewer-d2g5u\">&#8211; <a target=\"_blank\" href=\"https:\/\/www.youtube.com\/watch?v=wS9h86xjnrM&amp;list=PLvG3R_HznKejb_JF7dDc00a0mFHIY7VVk\" rel=\"noreferrer noopener\"><u>Playlist Completa do \u00c1lbum Dedo de Verso (2021)<\/u><\/a> &#8211; <a target=\"_blank\" href=\"https:\/\/www.youtube.com\/watch?v=iUIUaiK8POg\" rel=\"noreferrer noopener\"><u>Sarau Dedo de Verso (2017)<\/u><\/a><\/p>\n\n\n\n<p id=\"viewer-c70p2\">&#8211; Instagram &#8211; @dedodeverso<\/p>\n\n\n\n<p id=\"viewer-qe07\"><strong>Sobre o Instituto Algar<\/strong><\/p>\n\n\n\n<p id=\"viewer-bsh4l\">H\u00e1 duas d\u00e9cadas, o Instituto Algar se dedica a contribuir com o desenvolvimento de pessoas. De forma colaborativa, unimos esfor\u00e7os e institui\u00e7\u00f5es para desenvolver a comunidade, por meio da educa\u00e7\u00e3o, do esporte, da cultura e do voluntariado. Enxergar o potencial de cada crian\u00e7a, adolescente e jovem dos nossos programas sociais \u00e9 o que nos inspira. Nessa trajet\u00f3ria, mais de meio milh\u00e3o de vidas j\u00e1 foram transformadas. Instituto Algar. H\u00e1 20 anos conectando pessoas \u00e0s oportunidades.<\/p>\n","protected":false},"excerpt":{"rendered":"<p>Na quarta edi\u00e7\u00e3o, projeto atende mais de 100 crian\u00e7as e adolescentes de Uberl\u00e2ndia. *Por Ciclo Assessoria ( Imagem de divulga\u00e7\u00e3o: Est\u00eanio Eduardo durante oficina do projeto Dedo de Verso )<\/p>\n","protected":false},"author":1,"featured_media":6100,"comment_status":"open","ping_status":"open","sticky":false,"template":"","format":"standard","meta":{"footnotes":""},"categories":[1],"tags":[],"class_list":["post-6099","post","type-post","status-publish","format-standard","has-post-thumbnail","hentry","category-noticias"],"_links":{"self":[{"href":"https:\/\/revistahubclub.com.br\/portal\/wp-json\/wp\/v2\/posts\/6099","targetHints":{"allow":["GET"]}}],"collection":[{"href":"https:\/\/revistahubclub.com.br\/portal\/wp-json\/wp\/v2\/posts"}],"about":[{"href":"https:\/\/revistahubclub.com.br\/portal\/wp-json\/wp\/v2\/types\/post"}],"author":[{"embeddable":true,"href":"https:\/\/revistahubclub.com.br\/portal\/wp-json\/wp\/v2\/users\/1"}],"replies":[{"embeddable":true,"href":"https:\/\/revistahubclub.com.br\/portal\/wp-json\/wp\/v2\/comments?post=6099"}],"version-history":[{"count":1,"href":"https:\/\/revistahubclub.com.br\/portal\/wp-json\/wp\/v2\/posts\/6099\/revisions"}],"predecessor-version":[{"id":6101,"href":"https:\/\/revistahubclub.com.br\/portal\/wp-json\/wp\/v2\/posts\/6099\/revisions\/6101"}],"wp:featuredmedia":[{"embeddable":true,"href":"https:\/\/revistahubclub.com.br\/portal\/wp-json\/wp\/v2\/media\/6100"}],"wp:attachment":[{"href":"https:\/\/revistahubclub.com.br\/portal\/wp-json\/wp\/v2\/media?parent=6099"}],"wp:term":[{"taxonomy":"category","embeddable":true,"href":"https:\/\/revistahubclub.com.br\/portal\/wp-json\/wp\/v2\/categories?post=6099"},{"taxonomy":"post_tag","embeddable":true,"href":"https:\/\/revistahubclub.com.br\/portal\/wp-json\/wp\/v2\/tags?post=6099"}],"curies":[{"name":"wp","href":"https:\/\/api.w.org\/{rel}","templated":true}]}}