{"id":6111,"date":"2022-09-29T11:00:00","date_gmt":"2022-09-29T14:00:00","guid":{"rendered":"https:\/\/revistahubclub.com.br\/portal\/?p=6111"},"modified":"2024-12-19T11:00:50","modified_gmt":"2024-12-19T14:00:50","slug":"cafeicultores-da-regiao-do-cerrado-mineiro-investem-em-projetos-para-preservacao-do-bioma-cerrado","status":"publish","type":"post","link":"https:\/\/revistahubclub.com.br\/portal\/2022\/09\/29\/cafeicultores-da-regiao-do-cerrado-mineiro-investem-em-projetos-para-preservacao-do-bioma-cerrado\/","title":{"rendered":"Cafeicultores da Regi\u00e3o do Cerrado Mineiro investem em projetos para preserva\u00e7\u00e3o do bioma Cerrado"},"content":{"rendered":"\n<p id=\"viewer-jumc\"><em>O Ecossistema tem papel importante na manuten\u00e7\u00e3o do equil\u00edbrio de uma vasta regi\u00e3o do pa\u00eds, com atividades na agricultura, pecu\u00e1ria e produ\u00e7\u00e3o de energia<\/em><\/p>\n\n\n\n<p id=\"viewer-4k6pi\">No m\u00eas em que se comemora o Dia Nacional do Cerrado, a Regi\u00e3o do Cerrado Mineiro (RCM) segue com as a\u00e7\u00f5es que visam preservar e proteger o segundo maior bioma da Am\u00e9rica do Sul.<\/p>\n\n\n\n<p id=\"viewer-5efq3\">Com o objetivo de preservar o bioma, os cafeicultores da Regi\u00e3o do Cerrado Mineiro, atualmente com 4.500 cafeicultores associados em 55 munic\u00edpios, por meio das organiza\u00e7\u00f5es que comp\u00f5em a Federa\u00e7\u00e3o dos cafeicultores do Cerrado investem em projetos de conserva\u00e7\u00e3o do ecossistema atrav\u00e9s de pr\u00e1ticas climaticamente inteligentes, como o Viveiro de Atitude e o Cons\u00f3rcio Cerrado das \u00c1guas (CCA).<\/p>\n\n\n\n<p id=\"viewer-noo1\"><strong>Viveiro de Atitude<\/strong><\/p>\n\n\n\n<p id=\"viewer-c443r\">Projeto socioambiental idealizado pelas fazendas associadas \u00e0 Cooperativa dos Cafeicultores do Cerrado de Monte Carmelo (Monteccer) que tem o objetivo de criar iniciativas e projetos para conserva\u00e7\u00e3o do bioma. Na estrutura do viveiro, localizado nas depend\u00eancias da cooperativa da Monteccer, s\u00e3o produzidas mudas de \u00e1rvores nativas para serem comercializadas e plantadas nas fazendas e tamb\u00e9m na cidade. S\u00e3o mais de 100 esp\u00e9cies nativas e uma produ\u00e7\u00e3o de at\u00e9 60 mil mudas por ano, vendidas por R$ 5 a unidade, dispon\u00edveis para toda a comunidade. Cerca de 100% da receita do projeto \u00e9 doada \u00e0 entidades sociais de Monte Carmelo que trabalham com crian\u00e7as e idosos.<\/p>\n\n\n\n<p id=\"viewer-126lc\"><strong>Cons\u00f3rcio Cerrado das \u00c1guas (CCA)<\/strong><\/p>\n\n\n\n<p id=\"viewer-be52k\">Criado em 2015, em Patroc\u00ednio (MG), o Cons\u00f3rcio Cerrado das \u00c1guas (CCA) tem como objetivo conscientizar produtores da regi\u00e3o sobre a import\u00e2ncia de seus ativos ambientais, garantindo sua preserva\u00e7\u00e3o a longo prazo tendo um foco especial na produ\u00e7\u00e3o de \u00e1gua.<\/p>\n\n\n\n<p id=\"viewer-37bqn\">Com as estrat\u00e9gias tra\u00e7adas, desde 2019 no projeto-piloto na bacia do c\u00f3rrego Feio em Patroc\u00ednio, e desde 2021 na bacia do Ribeir\u00e3o Grande, em Serra do Salitre, somando 77 propriedades rurais, a plataforma alcan\u00e7ou 477 hectares de vegeta\u00e7\u00e3o nativa e de \u00e1gua produtiva.<\/p>\n\n\n\n<p id=\"viewer-6bkmb\">Antes do in\u00edcio do programa, o impacto da agricultura ao meio ambiente representava 25,65% e, hoje, frente \u00e0s novas pr\u00e1ticas, est\u00e1 em 9,44%, demonstrando o aumento da preserva\u00e7\u00e3o ambiental e tamb\u00e9m a preocupa\u00e7\u00e3o dos produtores na ado\u00e7\u00e3o de pr\u00e1ticas que garantam a produ\u00e7\u00e3o e o cuidado com os recursos naturais, com foco em sua perenidade.<\/p>\n\n\n\n<p id=\"viewer-b9h3c\">\u201cPara 2023, as metas s\u00e3o aumentar para 30 mil os hectares com estrat\u00e9gias climaticamente inteligente e plantar 200 mil mudas nas \u00e1reas correspondentes \u00e0s 184 propriedades que a plataforma deseja atuar, tanto nos munic\u00edpios que j\u00e1 recebem sua metodologia quanto para os demais existentes em seu plano de a\u00e7\u00e3o\u201d, explica a secret\u00e1ria executiva do Cons\u00f3rcio Cerrado das \u00c1guas, Fabiane Sebaio.<\/p>\n\n\n\n<p id=\"viewer-2s5qv\">Segundo a produtora rural Vera Pazotto, de Serra do Salitre, as estrat\u00e9gias trazem um novo significado para a cafeicultura, tornando-se mais um aliado na conserva\u00e7\u00e3o e preserva\u00e7\u00e3o dos recursos necess\u00e1rios para a produ\u00e7\u00e3o de forma consciente. \u201cO Cons\u00f3rcio fornece variedades de mudas de \u00e1rvores com o objetivo de crescerem, sombrearem e protegerem o solo. Sempre tive muita preocupa\u00e7\u00e3o, cuidado e respeito pelo meio ambiente. Sou muito grata pela oportunidade de atuar na cafeicultura protegendo, recuperando e preservando os recursos dispon\u00edveis&#8221;, conta.<\/p>\n\n\n\n<p id=\"viewer-61cg1\">O CCA possui como membros associados as empresas Nescaf\u00e9, Expocaccer, Nespresso, Lavazza, Cooxup\u00e9, CofCo, Volcaf\u00e9, Stockler, al\u00e9m das institui\u00e7\u00f5es apoiadoras como Federa\u00e7\u00e3o dos Cafeicultores do Cerrado, CerVivo, Daterra, Imaflora e Instituto Internacional de Educa\u00e7\u00e3o do Brasil (IEB).<\/p>\n\n\n\n<p id=\"viewer-4dmq6\">De acordo com o superintendente da Federa\u00e7\u00e3o dos Cafeicultores do Cerrado, Juliano Tarabal, estes programas demonstram a consci\u00eancia dos cafeicultores do Cerrado Mineiro com a\u00e7\u00f5es para a sustentabilidade dos recursos naturais e, consequentemente, para a longevidade do cultivo do caf\u00e9.<\/p>\n\n\n\n<p id=\"viewer-esn88\">Ainda segundo Tarabal, outros projetos como a implementa\u00e7\u00e3o da certifica\u00e7\u00e3o em Agricultura Regenerativa est\u00e3o sendo desenvolvidos na Regi\u00e3o pela Cooperativa Expocaccer, dentre eles, a iniciativa do cafeicultor Fernando Beloni que teve a primeira propriedade certificada nesta modalidade entre todas as fazendas no mundo.<\/p>\n\n\n\n<p id=\"viewer-4ubof\">\u201cDestacamos tamb\u00e9m a implementa\u00e7\u00e3o de uma estrat\u00e9gia ESG que vem sendo liderada tamb\u00e9m pela Expocaccer, que agora est\u00e1 disseminando a metodologia junto as demais cooperativas do Sistema. Este conjunto de a\u00e7\u00f5es associadas a outras pr\u00e1ticas, como uma cafeicultura com maior uso de biol\u00f3gicos, fazem parte do Plano estrat\u00e9gico da Regi\u00e3o do Cerrado Mineiro para esta d\u00e9cada, com iniciativas que possam contribuir para a sustentabilidade da cafeicultura em meio as mudan\u00e7as clim\u00e1ticas entre outros desafios como a produ\u00e7\u00e3o de \u00e1gua e o controle de pragas e doen\u00e7as e manuten\u00e7\u00e3o da fertilidade dos solos\u201d, conclui Tarabal.<\/p>\n","protected":false},"excerpt":{"rendered":"<p>O Ecossistema tem papel importante na manuten\u00e7\u00e3o do equil\u00edbrio de uma vasta regi\u00e3o do pa\u00eds, com atividades na agricultura, pecu\u00e1ria e produ\u00e7\u00e3o de energia No m\u00eas em que se comemora<\/p>\n","protected":false},"author":1,"featured_media":6112,"comment_status":"open","ping_status":"open","sticky":false,"template":"","format":"standard","meta":{"footnotes":""},"categories":[1],"tags":[],"class_list":["post-6111","post","type-post","status-publish","format-standard","has-post-thumbnail","hentry","category-noticias"],"_links":{"self":[{"href":"https:\/\/revistahubclub.com.br\/portal\/wp-json\/wp\/v2\/posts\/6111","targetHints":{"allow":["GET"]}}],"collection":[{"href":"https:\/\/revistahubclub.com.br\/portal\/wp-json\/wp\/v2\/posts"}],"about":[{"href":"https:\/\/revistahubclub.com.br\/portal\/wp-json\/wp\/v2\/types\/post"}],"author":[{"embeddable":true,"href":"https:\/\/revistahubclub.com.br\/portal\/wp-json\/wp\/v2\/users\/1"}],"replies":[{"embeddable":true,"href":"https:\/\/revistahubclub.com.br\/portal\/wp-json\/wp\/v2\/comments?post=6111"}],"version-history":[{"count":1,"href":"https:\/\/revistahubclub.com.br\/portal\/wp-json\/wp\/v2\/posts\/6111\/revisions"}],"predecessor-version":[{"id":6113,"href":"https:\/\/revistahubclub.com.br\/portal\/wp-json\/wp\/v2\/posts\/6111\/revisions\/6113"}],"wp:featuredmedia":[{"embeddable":true,"href":"https:\/\/revistahubclub.com.br\/portal\/wp-json\/wp\/v2\/media\/6112"}],"wp:attachment":[{"href":"https:\/\/revistahubclub.com.br\/portal\/wp-json\/wp\/v2\/media?parent=6111"}],"wp:term":[{"taxonomy":"category","embeddable":true,"href":"https:\/\/revistahubclub.com.br\/portal\/wp-json\/wp\/v2\/categories?post=6111"},{"taxonomy":"post_tag","embeddable":true,"href":"https:\/\/revistahubclub.com.br\/portal\/wp-json\/wp\/v2\/tags?post=6111"}],"curies":[{"name":"wp","href":"https:\/\/api.w.org\/{rel}","templated":true}]}}