{"id":6129,"date":"2022-09-27T11:03:00","date_gmt":"2022-09-27T14:03:00","guid":{"rendered":"https:\/\/revistahubclub.com.br\/portal\/?p=6129"},"modified":"2024-12-19T11:03:53","modified_gmt":"2024-12-19T14:03:53","slug":"parque-do-sabia-em-uberlandia-passa-a-contar-com-passeios-gratuitos-em-bicicletas-adaptadas","status":"publish","type":"post","link":"https:\/\/revistahubclub.com.br\/portal\/2022\/09\/27\/parque-do-sabia-em-uberlandia-passa-a-contar-com-passeios-gratuitos-em-bicicletas-adaptadas\/","title":{"rendered":"Parque do Sabi\u00e1 em Uberl\u00e2ndia passa a contar com passeios gratuitos em bicicletas adaptadas"},"content":{"rendered":"\n<p id=\"viewer-foo\"><em>Projeto &#8220;Bike do bem&#8221; \u00e9 voltado para pessoas com defici\u00eancia ou mobilidade reduzida. Os passeios s\u00e3o de ter\u00e7a a s\u00e1bado com a presen\u00e7a de um condutor capacitado; saiba os hor\u00e1rios e como fazer agendamento.<\/em><\/p>\n\n\n\n<p id=\"viewer-f1gng\"><em>( Imagem de divulga\u00e7\u00e3o do site da Prefeitura de Uberl\u00e2ndia )<\/em><\/p>\n\n\n\n<p id=\"viewer-8to7b\"><em>*Por Prefeitura de Uberl\u00e2ndia<\/em><\/p>\n\n\n\n<p id=\"viewer-f62c8\">A partir desta ter\u00e7a-feira (27), o Parque do Sabi\u00e1 passa a contar com uma novidade: a \u201cBike do Bem\u201d, projeto que oferece passeios gratuitos em bicicletas adaptadas para pessoas com defici\u00eancia ou mobilidade reduzida. A iniciativa \u00e9 uma parceria entre a Funda\u00e7\u00e3o Uberlandense do Turismo, Esporte e Lazer (Futel) com o Instituto Sa\u00fade e Equil\u00edbrio e representa uma amplia\u00e7\u00e3o do Projeto \u201cUDIBike Parques\u201d, que disponibiliza bicicletas de uso coletivo a frequentadores do principal cart\u00e3o postal de Uberl\u00e2ndia.<\/p>\n\n\n\n<p id=\"viewer-tu9k\">O agendamento para os passeios pode ser feito pelo WhatsApp (34) 9.8400-8110, das 10h \u00e0s 16h. Os passeios s\u00e3o realizados de ter\u00e7a a sexta-feira, das 10h \u00e0s 16h, e aos s\u00e1bados, das 9h \u00e0s 12h, com a presen\u00e7a de um condutor capacitado.<\/p>\n\n\n\n<p id=\"viewer-cb9p3\">\u201cA Prefeitura de Uberl\u00e2ndia trabalha incansavelmente para oferecer cada vez mais conforto e oportunidades a pessoas com defici\u00eancia ou mobilidade reduzida. A \u2018Bike do Bem\u2019 \u00e9 mais um exemplo disso e com certeza ser\u00e1 um grande sucesso. Convido a todos os interessados para que aproveitem essa oportunidade, pois os passeios s\u00e3o divertidos, relaxantes e contam com as lindas paisagens do Parque do Sabi\u00e1 ao longo de todo o percurso\u201d, comentou o diretor geral da Futel, Edson Zanatta.<\/p>\n","protected":false},"excerpt":{"rendered":"<p>Projeto &#8220;Bike do bem&#8221; \u00e9 voltado para pessoas com defici\u00eancia ou mobilidade reduzida. Os passeios s\u00e3o de ter\u00e7a a s\u00e1bado com a presen\u00e7a de um condutor capacitado; saiba os hor\u00e1rios<\/p>\n","protected":false},"author":1,"featured_media":6130,"comment_status":"open","ping_status":"open","sticky":false,"template":"","format":"standard","meta":{"footnotes":""},"categories":[1],"tags":[],"class_list":["post-6129","post","type-post","status-publish","format-standard","has-post-thumbnail","hentry","category-noticias"],"_links":{"self":[{"href":"https:\/\/revistahubclub.com.br\/portal\/wp-json\/wp\/v2\/posts\/6129","targetHints":{"allow":["GET"]}}],"collection":[{"href":"https:\/\/revistahubclub.com.br\/portal\/wp-json\/wp\/v2\/posts"}],"about":[{"href":"https:\/\/revistahubclub.com.br\/portal\/wp-json\/wp\/v2\/types\/post"}],"author":[{"embeddable":true,"href":"https:\/\/revistahubclub.com.br\/portal\/wp-json\/wp\/v2\/users\/1"}],"replies":[{"embeddable":true,"href":"https:\/\/revistahubclub.com.br\/portal\/wp-json\/wp\/v2\/comments?post=6129"}],"version-history":[{"count":1,"href":"https:\/\/revistahubclub.com.br\/portal\/wp-json\/wp\/v2\/posts\/6129\/revisions"}],"predecessor-version":[{"id":6131,"href":"https:\/\/revistahubclub.com.br\/portal\/wp-json\/wp\/v2\/posts\/6129\/revisions\/6131"}],"wp:featuredmedia":[{"embeddable":true,"href":"https:\/\/revistahubclub.com.br\/portal\/wp-json\/wp\/v2\/media\/6130"}],"wp:attachment":[{"href":"https:\/\/revistahubclub.com.br\/portal\/wp-json\/wp\/v2\/media?parent=6129"}],"wp:term":[{"taxonomy":"category","embeddable":true,"href":"https:\/\/revistahubclub.com.br\/portal\/wp-json\/wp\/v2\/categories?post=6129"},{"taxonomy":"post_tag","embeddable":true,"href":"https:\/\/revistahubclub.com.br\/portal\/wp-json\/wp\/v2\/tags?post=6129"}],"curies":[{"name":"wp","href":"https:\/\/api.w.org\/{rel}","templated":true}]}}