{"id":6141,"date":"2022-09-23T11:05:00","date_gmt":"2022-09-23T14:05:00","guid":{"rendered":"https:\/\/revistahubclub.com.br\/portal\/?p=6141"},"modified":"2024-12-19T11:06:08","modified_gmt":"2024-12-19T14:06:08","slug":"encontro-nacional-reune-cafeicultores-para-apresentar-oportunidades-e-desafios-do-setor","status":"publish","type":"post","link":"https:\/\/revistahubclub.com.br\/portal\/2022\/09\/23\/encontro-nacional-reune-cafeicultores-para-apresentar-oportunidades-e-desafios-do-setor\/","title":{"rendered":"Encontro Nacional re\u00fane cafeicultores para apresentar oportunidades e desafios do setor"},"content":{"rendered":"\n<p id=\"viewer-foo\"><em>Produtores de caf\u00e9 das principais regi\u00f5es cafeeiras do Brasil estar\u00e3o presentes no Encoffee \u2013 Encontro de Gest\u00e3o dos Cafeicultores, nos dias 27 e 28 de setembro, no Pal\u00e1cio de Cristal, em Uberl\u00e2ndia (MG).<\/em><\/p>\n\n\n\n<p id=\"viewer-9cr62\"><em>*Por Comunicativas<\/em><\/p>\n\n\n\n<p id=\"viewer-9rjen\"><em>( Imagem de divulga\u00e7\u00e3o )<\/em><\/p>\n\n\n\n<p id=\"viewer-b8aqn\">Durante dois dias, produtores rurais, cooperativas, empres\u00e1rios e representantes do setor cafeeiro estar\u00e3o reunidos no Tri\u00e2ngulo Mineiro para trocar experi\u00eancias e conhecer os novos rumos da cafeicultura brasileira. Especialistas e nomes reconhecidos no mercado v\u00e3o analisar os poss\u00edveis cen\u00e1rios do setor, tra\u00e7ar perspectivas, estoque, mercado, mudan\u00e7as clim\u00e1ticas, pol\u00edtica, economia e novos mercados.<\/p>\n\n\n\n<p id=\"viewer-5q6ju\">\u201cO Encoffee \u00e9 um evento completo. Ele proporciona conhecimento t\u00e9cnico e gerencial a cafeicultores de todo o pa\u00eds. Centenas de cafeicultores e profissionais que atuam neste importante setor produtivo ter\u00e3o a oportunidade de ter acesso a um conte\u00fado totalmente atualizado que dar\u00e3o suporte \u00e0 tomada de decis\u00e3o\u201d conta Luciana Martins, Diretora Executiva do Grupo Conecta.<\/p>\n\n\n\n<p id=\"viewer-dmjp8\">A programa\u00e7\u00e3o oferece aos cafeicultores uma s\u00e9rie de palestras voltadas \u00e0s quest\u00f5es de dentro e fora da porteira. Como por exemplo, um antigo e atual problema do setor \u2013 o clima. Um time especialista vai debater as mudan\u00e7as clim\u00e1ticas, as consequ\u00eancias nos cafezais e a import\u00e2ncia de aplicar uma eficiente gest\u00e3o de risco na propriedade.<\/p>\n\n\n\n<p id=\"viewer-4cqf5\">A agenda tamb\u00e9m contempla as tend\u00eancias do mercado do caf\u00e9, estoque e expectativas de pre\u00e7os, novas fronteiras, cen\u00e1rios para 2022\/23 e o mercado de caf\u00e9 diante dos novos rumos da pol\u00edtica e economia nacional e internacional. A sustentabilidade tamb\u00e9m estar\u00e1 presente no evento, com um imersivo debate sobre os sistemas regenerativos como propulsores de uma nova agricultura.<\/p>\n\n\n\n<p id=\"viewer-663lf\">Na agenda, nomes como Carlos Augusto, Presidente da Cooxup\u00e9, Jos\u00e9 Marcos, Presidente da Minasul, Sim\u00e3o Pedro, Superintendente da Expocaccer, e Professor Dr. Jos\u00e9 Laercio Favarin,. O Encoffee tamb\u00e9m receber\u00e1 o Leonardo Montesanto, palestrante e fundador da Coffee ++, o palestrante Gustavo Cobra, especialista em treinamentos corporativos, que vai tratar do tema \u201cMindset, o segredo do sucesso\u201d, al\u00e9m de Dani Amaral, que falar\u00e1 sobre \u201cOs cinco passos para o sucesso\u201d.<\/p>\n\n\n\n<p id=\"viewer-sp34\">\u201cNos dois dias de palestras t\u00e9cnicas, os congressistas poder\u00e3o ouvir pesquisadores, professores e especialistas de empresas do setor cafeeiro nacional. Acredito que essa edi\u00e7\u00e3o vem para ampliar o modo do produtor enxergar a gest\u00e3o do neg\u00f3cio e com isso aprimorar a qualidade da cafeicultura brasileira. \u201d, conta Danilo Bomfim, s\u00f3cio-diretor do Grupo Conecta.<\/p>\n\n\n\n<p id=\"viewer-7qtr6\">O Brasil \u00e9 o maior produtor e exportador mundial de caf\u00e9 verde. Apesar da pandemia, os pre\u00e7os seguem em alta e o pa\u00eds vem registrando recordes nas exporta\u00e7\u00f5es. Os principais compradores do caf\u00e9 brasileiro s\u00e3o os Estados Unidos, Alemanha, It\u00e1lia e B\u00e9lgica.<\/p>\n\n\n\n<p id=\"viewer-209s8\">O Encontro de Gest\u00e3o dos Cafeicultores \u00e9 promovido pelo Grupo Conecta e as inscri\u00e7\u00f5es j\u00e1 est\u00e3o abertas no <a target=\"_blank\" href=\"https:\/\/gpoconecta.com.br\/encoffee\/\" rel=\"noreferrer noopener\"><u>site.<\/u><\/a><\/p>\n","protected":false},"excerpt":{"rendered":"<p>Produtores de caf\u00e9 das principais regi\u00f5es cafeeiras do Brasil estar\u00e3o presentes no Encoffee \u2013 Encontro de Gest\u00e3o dos Cafeicultores, nos dias 27 e 28 de setembro, no Pal\u00e1cio de Cristal,<\/p>\n","protected":false},"author":1,"featured_media":6142,"comment_status":"open","ping_status":"open","sticky":false,"template":"","format":"standard","meta":{"footnotes":""},"categories":[1],"tags":[],"class_list":["post-6141","post","type-post","status-publish","format-standard","has-post-thumbnail","hentry","category-noticias"],"_links":{"self":[{"href":"https:\/\/revistahubclub.com.br\/portal\/wp-json\/wp\/v2\/posts\/6141","targetHints":{"allow":["GET"]}}],"collection":[{"href":"https:\/\/revistahubclub.com.br\/portal\/wp-json\/wp\/v2\/posts"}],"about":[{"href":"https:\/\/revistahubclub.com.br\/portal\/wp-json\/wp\/v2\/types\/post"}],"author":[{"embeddable":true,"href":"https:\/\/revistahubclub.com.br\/portal\/wp-json\/wp\/v2\/users\/1"}],"replies":[{"embeddable":true,"href":"https:\/\/revistahubclub.com.br\/portal\/wp-json\/wp\/v2\/comments?post=6141"}],"version-history":[{"count":1,"href":"https:\/\/revistahubclub.com.br\/portal\/wp-json\/wp\/v2\/posts\/6141\/revisions"}],"predecessor-version":[{"id":6143,"href":"https:\/\/revistahubclub.com.br\/portal\/wp-json\/wp\/v2\/posts\/6141\/revisions\/6143"}],"wp:featuredmedia":[{"embeddable":true,"href":"https:\/\/revistahubclub.com.br\/portal\/wp-json\/wp\/v2\/media\/6142"}],"wp:attachment":[{"href":"https:\/\/revistahubclub.com.br\/portal\/wp-json\/wp\/v2\/media?parent=6141"}],"wp:term":[{"taxonomy":"category","embeddable":true,"href":"https:\/\/revistahubclub.com.br\/portal\/wp-json\/wp\/v2\/categories?post=6141"},{"taxonomy":"post_tag","embeddable":true,"href":"https:\/\/revistahubclub.com.br\/portal\/wp-json\/wp\/v2\/tags?post=6141"}],"curies":[{"name":"wp","href":"https:\/\/api.w.org\/{rel}","templated":true}]}}