{"id":6150,"date":"2022-09-21T11:07:00","date_gmt":"2022-09-21T14:07:00","guid":{"rendered":"https:\/\/revistahubclub.com.br\/portal\/?p=6150"},"modified":"2024-12-19T11:07:38","modified_gmt":"2024-12-19T14:07:38","slug":"brasal-incorporacoes-lanca-empreendimento-com-vgv-de-r-73-milhoes","status":"publish","type":"post","link":"https:\/\/revistahubclub.com.br\/portal\/2022\/09\/21\/brasal-incorporacoes-lanca-empreendimento-com-vgv-de-r-73-milhoes\/","title":{"rendered":"Brasal Incorpora\u00e7\u00f5es lan\u00e7a empreendimento com VGV de R$ 73 milh\u00f5es"},"content":{"rendered":"\n<p id=\"viewer-5rj5c\"><em>\u00cdris Brasal \u00e9 o sexto lan\u00e7amento vertical da marca na cidade<\/em><\/p>\n\n\n\n<p id=\"viewer-38fa9\">Atendendo a uma crescente demanda por moradias verticais com alto padr\u00e3o de acabamento e conforto, a Brasal Incorpora\u00e7\u00f5es, pioneira neste segmento, lan\u00e7a seu sexto empreendimento em Uberl\u00e2ndia. O \u00cdris Brasal ser\u00e1 constru\u00eddo no bairro Jardim Sul, pr\u00f3ximo ao Chess, tamb\u00e9m da Brasal e lan\u00e7ado recentemente. O empreendimento, cujo VGV \u00e9 de R$ 73 milh\u00f5es, vai realizar o sonho de mais 70 fam\u00edlias.<\/p>\n\n\n\n<p id=\"viewer-94lha\">O Iris Brasal ser\u00e1 constru\u00eddo em um terreno de 2.964 m\u00b2 com 70 unidades distribu\u00eddas em 21 pavimentos. A torre \u00e9 constitu\u00edda de apartamento com tr\u00eas plantas: Tipo Garden, com quatro unidades de 196 m\u00b2, sendo 49,22 m\u00b2 de \u00e1rea descoberta, al\u00e9m de duas unidades com tr\u00eas vagas e duas unidades com duas vagas; Tipo, apartamento padr\u00e3o, com 64 unidades, sendo quatro unidades por pavimento, 147m\u00b2 com 3 su\u00edtes e duas vagas de garagem e tamb\u00e9m as Coberturas Lineares, que ocupam um \u00fanico pavimento no topo do edif\u00edcio. Neste formato, ser\u00e3o duas unidades de 304 m\u00b2, sendo 23,78 m\u00b2 de \u00e1rea descoberta e tr\u00eas vagas de garagem.<\/p>\n\n\n\n<p id=\"viewer-441tc\">O condom\u00ednio traz uma completa infraestrutura de entretenimento para toda a fam\u00edlia, como sal\u00e3o de festas, snack point, cinema, sal\u00e3o de jogos, piscinas climatizadas com uma raia de 25 metros e paisagismo completo.<\/p>\n\n\n\n<p id=\"viewer-fq4a9\">Projeto tecnol\u00f3gico e sustent\u00e1vel<\/p>\n\n\n\n<p id=\"viewer-daugd\">Investir em projetos inovadores que ofere\u00e7am solu\u00e7\u00f5es que reduzam os custos do condom\u00ednio \u00e9 premissa da Brasal quando o assunto \u00e9 sustentabilidade e tecnologia. Nesse sentido, o \u00cdris Brasal contar\u00e1 com leitor biom\u00e9trico na portaria, elevador com biometria, torneira com fechamento autom\u00e1tico nas \u00e1reas comuns, sistema de reuso de \u00e1gua pluvial, l\u00e2mpadas frias nas garagens, sensor de presen\u00e7a nos halls, ar-condicionado de baixo consumo, sistema de irriga\u00e7\u00e3o automatizado, sistema de CFTV, sistema de automa\u00e7\u00e3o BMS (Building Management System), bem como descarte exclusivo de baterias e pilhas.<\/p>\n\n\n\n<p id=\"viewer-7v2a8\">De olho nas principais tend\u00eancias e inova\u00e7\u00f5es para oferecer mais alternativas para os consumidores que j\u00e1 adotam o modelo de ve\u00edculo ecol\u00f3gico, o \u00cdris Brasal tamb\u00e9m contar\u00e1 com uma vaga equipada com carregador el\u00e9trico doada ao condom\u00ednio, al\u00e9m de infraestrutura para que o cliente instale o equipamento em sua vaga privativa. O empreendimento tamb\u00e9m contar\u00e1 com biciclet\u00e1rio equipado com bancada de manuten\u00e7\u00e3o e \u00e1rea para lavagem das bikes.<\/p>\n\n\n\n<p id=\"viewer-2k6ul\">O diretor regional da Brasal, Sebasti\u00e3o Longuinho, destaca que o mercado segue aquecido. \u201cHoje, o cliente valoriza ainda mais a moradia que oferece conforto e qualidade, com itens de lazer, seguran\u00e7a e que s\u00e3o sustent\u00e1veis. Seguimos firmes em nosso prop\u00f3sito de expans\u00e3o na cidade. Esse \u00e9 o segundo lan\u00e7amento neste ano e estamos satisfeitos com os resultados. J\u00e1 vendemos 20% do \u00cdris Brasal\u201d, conclui.<\/p>\n\n\n\n<p id=\"viewer-5l59r\">A entrega do \u00cdris Brasal est\u00e1 prevista para julho de 2025.<\/p>\n","protected":false},"excerpt":{"rendered":"<p>\u00cdris Brasal \u00e9 o sexto lan\u00e7amento vertical da marca na cidade Atendendo a uma crescente demanda por moradias verticais com alto padr\u00e3o de acabamento e conforto, a Brasal Incorpora\u00e7\u00f5es, pioneira<\/p>\n","protected":false},"author":1,"featured_media":6151,"comment_status":"open","ping_status":"open","sticky":false,"template":"","format":"standard","meta":{"footnotes":""},"categories":[1],"tags":[],"class_list":["post-6150","post","type-post","status-publish","format-standard","has-post-thumbnail","hentry","category-noticias"],"_links":{"self":[{"href":"https:\/\/revistahubclub.com.br\/portal\/wp-json\/wp\/v2\/posts\/6150","targetHints":{"allow":["GET"]}}],"collection":[{"href":"https:\/\/revistahubclub.com.br\/portal\/wp-json\/wp\/v2\/posts"}],"about":[{"href":"https:\/\/revistahubclub.com.br\/portal\/wp-json\/wp\/v2\/types\/post"}],"author":[{"embeddable":true,"href":"https:\/\/revistahubclub.com.br\/portal\/wp-json\/wp\/v2\/users\/1"}],"replies":[{"embeddable":true,"href":"https:\/\/revistahubclub.com.br\/portal\/wp-json\/wp\/v2\/comments?post=6150"}],"version-history":[{"count":1,"href":"https:\/\/revistahubclub.com.br\/portal\/wp-json\/wp\/v2\/posts\/6150\/revisions"}],"predecessor-version":[{"id":6152,"href":"https:\/\/revistahubclub.com.br\/portal\/wp-json\/wp\/v2\/posts\/6150\/revisions\/6152"}],"wp:featuredmedia":[{"embeddable":true,"href":"https:\/\/revistahubclub.com.br\/portal\/wp-json\/wp\/v2\/media\/6151"}],"wp:attachment":[{"href":"https:\/\/revistahubclub.com.br\/portal\/wp-json\/wp\/v2\/media?parent=6150"}],"wp:term":[{"taxonomy":"category","embeddable":true,"href":"https:\/\/revistahubclub.com.br\/portal\/wp-json\/wp\/v2\/categories?post=6150"},{"taxonomy":"post_tag","embeddable":true,"href":"https:\/\/revistahubclub.com.br\/portal\/wp-json\/wp\/v2\/tags?post=6150"}],"curies":[{"name":"wp","href":"https:\/\/api.w.org\/{rel}","templated":true}]}}