{"id":6159,"date":"2022-09-16T11:08:00","date_gmt":"2022-09-16T14:08:00","guid":{"rendered":"https:\/\/revistahubclub.com.br\/portal\/?p=6159"},"modified":"2024-12-19T11:08:51","modified_gmt":"2024-12-19T14:08:51","slug":"fundacao-cdl-uberlandia-participa-do-1o-mega-feirao-de-empregos-da-prefeitura-de-uberlandia","status":"publish","type":"post","link":"https:\/\/revistahubclub.com.br\/portal\/2022\/09\/16\/fundacao-cdl-uberlandia-participa-do-1o-mega-feirao-de-empregos-da-prefeitura-de-uberlandia\/","title":{"rendered":"Funda\u00e7\u00e3o CDL Uberl\u00e2ndia participa do 1\u00ba Mega Feir\u00e3o de Empregos da Prefeitura de Uberl\u00e2ndia"},"content":{"rendered":"\n<p id=\"viewer-nbhi\">O <strong><u>1\u00ba Mega Feir\u00e3o de Empregos<\/u><\/strong><strong>, <\/strong>promovido pela Prefeitura de Uberl\u00e2ndia, acontece amanh\u00e3, 17, a<strong> <\/strong>partir das 8h, na Arena Sabiazinho.<strong><\/strong><\/p>\n\n\n\n<p id=\"viewer-82pvn\">S\u00e3o mais de 5 mil vagas em diversas \u00e1reas de atua\u00e7\u00e3o. A <strong><u>Funda\u00e7\u00e3o CDL<\/u><\/strong> \u00e9 parceira da iniciativa e estar\u00e1 no evento, realizando triagens e direcionamentos para mais de 200 vagas.<\/p>\n\n\n\n<p id=\"viewer-cbj7m\">Os interessados t\u00eam at\u00e9 \u00e0s 17h de hoje para realizar <strong><u>o pr\u00e9-cadastro<\/u><\/strong> pelo <strong><u>site do Feir\u00e3o<\/u><\/strong> (https:\/\/feiraotrabalhador.uberlandia.mg.gov.br\/requerente) ou em um dos pontos de apoio, instalados na pra\u00e7a Tubal Vilela e nos Terminais Central, Santa Luzia e Umuarama.<\/p>\n\n\n\n<p id=\"viewer-89s5r\">Os participantes devem levar documento de identifica\u00e7\u00e3o com foto, carteira de trabalho e curr\u00edculo. Aqueles que n\u00e3o possu\u00edrem curr\u00edculo, contar\u00e3o com o apoio do SINE (Sistema Nacional de Emprego) para confec\u00e7\u00e3o do documento no local.<\/p>\n\n\n\n<p id=\"viewer-4u7bs\">Para custear o deslocamento, os candidatos receber\u00e3o no evento, um cart\u00e3o avulso do transporte p\u00fablico com direito a dois passes.<\/p>\n","protected":false},"excerpt":{"rendered":"<p>O 1\u00ba Mega Feir\u00e3o de Empregos, promovido pela Prefeitura de Uberl\u00e2ndia, acontece amanh\u00e3, 17, a partir das 8h, na Arena Sabiazinho. S\u00e3o mais de 5 mil vagas em diversas \u00e1reas<\/p>\n","protected":false},"author":1,"featured_media":6085,"comment_status":"open","ping_status":"open","sticky":false,"template":"","format":"standard","meta":{"footnotes":""},"categories":[1],"tags":[],"class_list":["post-6159","post","type-post","status-publish","format-standard","has-post-thumbnail","hentry","category-noticias"],"_links":{"self":[{"href":"https:\/\/revistahubclub.com.br\/portal\/wp-json\/wp\/v2\/posts\/6159","targetHints":{"allow":["GET"]}}],"collection":[{"href":"https:\/\/revistahubclub.com.br\/portal\/wp-json\/wp\/v2\/posts"}],"about":[{"href":"https:\/\/revistahubclub.com.br\/portal\/wp-json\/wp\/v2\/types\/post"}],"author":[{"embeddable":true,"href":"https:\/\/revistahubclub.com.br\/portal\/wp-json\/wp\/v2\/users\/1"}],"replies":[{"embeddable":true,"href":"https:\/\/revistahubclub.com.br\/portal\/wp-json\/wp\/v2\/comments?post=6159"}],"version-history":[{"count":1,"href":"https:\/\/revistahubclub.com.br\/portal\/wp-json\/wp\/v2\/posts\/6159\/revisions"}],"predecessor-version":[{"id":6160,"href":"https:\/\/revistahubclub.com.br\/portal\/wp-json\/wp\/v2\/posts\/6159\/revisions\/6160"}],"wp:featuredmedia":[{"embeddable":true,"href":"https:\/\/revistahubclub.com.br\/portal\/wp-json\/wp\/v2\/media\/6085"}],"wp:attachment":[{"href":"https:\/\/revistahubclub.com.br\/portal\/wp-json\/wp\/v2\/media?parent=6159"}],"wp:term":[{"taxonomy":"category","embeddable":true,"href":"https:\/\/revistahubclub.com.br\/portal\/wp-json\/wp\/v2\/categories?post=6159"},{"taxonomy":"post_tag","embeddable":true,"href":"https:\/\/revistahubclub.com.br\/portal\/wp-json\/wp\/v2\/tags?post=6159"}],"curies":[{"name":"wp","href":"https:\/\/api.w.org\/{rel}","templated":true}]}}