{"id":6175,"date":"2022-09-13T11:11:00","date_gmt":"2022-09-13T14:11:00","guid":{"rendered":"https:\/\/revistahubclub.com.br\/portal\/?p=6175"},"modified":"2024-12-19T11:11:34","modified_gmt":"2024-12-19T14:11:34","slug":"inscricoes-para-a-corrida-alferes-run-em-uberlandia-estao-no-fim","status":"publish","type":"post","link":"https:\/\/revistahubclub.com.br\/portal\/2022\/09\/13\/inscricoes-para-a-corrida-alferes-run-em-uberlandia-estao-no-fim\/","title":{"rendered":"Inscri\u00e7\u00f5es para a Corrida Alferes Run em Uberl\u00e2ndia est\u00e3o no fim"},"content":{"rendered":"\n<p id=\"viewer-foo\"><em>Os interessados t\u00eam at\u00e9 quarta-feira (14) para garantir a inscri\u00e7\u00e3o. A prova de 7 Km integra o Circuito de Corridas Futel 2022 e ser\u00e1 realizada no pr\u00f3ximo domingo (18).<\/em><\/p>\n\n\n\n<p id=\"viewer-e4q23\"><em>*Com informa\u00e7\u00f5es da Prefeitura de Uberl\u00e2ndia<\/em><\/p>\n\n\n\n<p id=\"viewer-57i38\"><em>( Foto de divulga\u00e7\u00e3o do site da Prefeitura )<\/em><\/p>\n\n\n\n<p id=\"viewer-1t7bl\">Termina na quarta-feira (14) o per\u00edodo de inscri\u00e7\u00f5es para a Corrida Alferes Run, terceira etapa do Circuito de Corridas da Funda\u00e7\u00e3o Uberlandense do Turismo, Esporte e Lazer (Futel) em 2022. A prova \u00e9 realizada pela 9\u00aa Regi\u00e3o de Pol\u00edcia Militar (RPM), com apoio da Futel, e ser\u00e1 realizada no pr\u00f3ximo domingo (18), com largada no estacionamento do Uberl\u00e2ndia Shopping, \u00e0s 8h.<\/p>\n\n\n\n<p id=\"viewer-361o6\"><strong>Prova<\/strong><\/p>\n\n\n\n<p id=\"viewer-7uq04\">A prova ter\u00e1 percurso de 7 km, acompanhada por uma ambul\u00e2ncia e com apoio da Pol\u00edcia Militar e da Secretaria Municipal de Tr\u00e2nsito e Transportes (Settran). A competi\u00e7\u00e3o premiar\u00e1 com trof\u00e9us os cinco primeiros colocados no geral (masculino e feminino) e na categoria militar (masculino e feminino) e com mini-trof\u00e9us os tr\u00eas primeiros colocados nas 12 faixas et\u00e1rias e na categoria especial (que contempla pessoas com defici\u00eancia). Al\u00e9m disso, todos os corredores que conclu\u00edrem a prova receber\u00e3o medalhas de participa\u00e7\u00e3o. Categorias: divididas de acordo com a faixa et\u00e1ria, de 16 anos at\u00e9 acima dos 70.<\/p>\n\n\n\n<p id=\"viewer-8bhm2\"><strong>Inscri\u00e7\u00f5es &#8211; <\/strong>As inscri\u00e7\u00f5es podem ser feitas pelo <a target=\"_blank\" href=\"http:\/\/www.timeaction.com.br\/\" rel=\"noreferrer noopener\"><u>site<\/u><\/a> ou no centro de treinamento Danilo Faria, que fica na Rua Patrulheiro Osmar Tavares, n\u00ba 380, no Bairro Santa M\u00f4nica.<\/p>\n\n\n\n<p id=\"viewer-1m54\"><strong>Entrega de Kits &#8211; <\/strong>A entrega do kit atleta, com chip de cronometragem, camiseta e n\u00famero de peito, ser\u00e1 feita no s\u00e1bado (17), na loja da Adidas, no Uberl\u00e2ndia Shopping, em hor\u00e1rio a ser definido. \u201cA Alferes Run \u00e9 uma corrida tradicional, muito bem organizada e que j\u00e1 est\u00e1 com boa parte de suas vagas preenchidas. A expectativa \u00e9 de uma prova bem disputada, com a participa\u00e7\u00e3o de centenas de pessoas das mais diversas faixas et\u00e1rias\u201d, destacou o coordenador de corridas da Futel, o profissional de educa\u00e7\u00e3o f\u00edsica Robson Medeiros.<\/p>\n","protected":false},"excerpt":{"rendered":"<p>Os interessados t\u00eam at\u00e9 quarta-feira (14) para garantir a inscri\u00e7\u00e3o. A prova de 7 Km integra o Circuito de Corridas Futel 2022 e ser\u00e1 realizada no pr\u00f3ximo domingo (18). *Com<\/p>\n","protected":false},"author":1,"featured_media":6176,"comment_status":"open","ping_status":"open","sticky":false,"template":"","format":"standard","meta":{"footnotes":""},"categories":[1],"tags":[],"class_list":["post-6175","post","type-post","status-publish","format-standard","has-post-thumbnail","hentry","category-noticias"],"_links":{"self":[{"href":"https:\/\/revistahubclub.com.br\/portal\/wp-json\/wp\/v2\/posts\/6175","targetHints":{"allow":["GET"]}}],"collection":[{"href":"https:\/\/revistahubclub.com.br\/portal\/wp-json\/wp\/v2\/posts"}],"about":[{"href":"https:\/\/revistahubclub.com.br\/portal\/wp-json\/wp\/v2\/types\/post"}],"author":[{"embeddable":true,"href":"https:\/\/revistahubclub.com.br\/portal\/wp-json\/wp\/v2\/users\/1"}],"replies":[{"embeddable":true,"href":"https:\/\/revistahubclub.com.br\/portal\/wp-json\/wp\/v2\/comments?post=6175"}],"version-history":[{"count":1,"href":"https:\/\/revistahubclub.com.br\/portal\/wp-json\/wp\/v2\/posts\/6175\/revisions"}],"predecessor-version":[{"id":6177,"href":"https:\/\/revistahubclub.com.br\/portal\/wp-json\/wp\/v2\/posts\/6175\/revisions\/6177"}],"wp:featuredmedia":[{"embeddable":true,"href":"https:\/\/revistahubclub.com.br\/portal\/wp-json\/wp\/v2\/media\/6176"}],"wp:attachment":[{"href":"https:\/\/revistahubclub.com.br\/portal\/wp-json\/wp\/v2\/media?parent=6175"}],"wp:term":[{"taxonomy":"category","embeddable":true,"href":"https:\/\/revistahubclub.com.br\/portal\/wp-json\/wp\/v2\/categories?post=6175"},{"taxonomy":"post_tag","embeddable":true,"href":"https:\/\/revistahubclub.com.br\/portal\/wp-json\/wp\/v2\/tags?post=6175"}],"curies":[{"name":"wp","href":"https:\/\/api.w.org\/{rel}","templated":true}]}}