{"id":6181,"date":"2022-09-12T11:12:00","date_gmt":"2022-09-12T14:12:00","guid":{"rendered":"https:\/\/revistahubclub.com.br\/portal\/?p=6181"},"modified":"2024-12-19T11:12:31","modified_gmt":"2024-12-19T14:12:31","slug":"fundinho-festival-retoma-as-atividades-em-alto-estilo-e-recebe-7-mil-pessoas","status":"publish","type":"post","link":"https:\/\/revistahubclub.com.br\/portal\/2022\/09\/12\/fundinho-festival-retoma-as-atividades-em-alto-estilo-e-recebe-7-mil-pessoas\/","title":{"rendered":"Fundinho Festival retoma as atividades em alto estilo e recebe 7 mil pessoas"},"content":{"rendered":"\n<p id=\"viewer-b4h9h\"><em>Pra\u00e7a Coronel Carneiro foi palco de 12 horas de programa\u00e7\u00e3o musical gratuita<\/em><\/p>\n\n\n\n<p id=\"viewer-ei00\"><\/p>\n\n\n\n<p id=\"viewer-fcc9i\">Uberl\u00e2ndia recebeu no dia tr\u00eas de setembro, a sexta edi\u00e7\u00e3o do Fundinho Festival, evento gratuito que apresentou o melhor do jazz e blues com bandas de Arax\u00e1, Piracicaba, Ribeir\u00e3o Preto, Rio de Janeiro e Uberl\u00e2ndia. Nesta edi\u00e7\u00e3o, o Festival foi realizado na Pra\u00e7a Coronel Carneiro, em comemora\u00e7\u00e3o ao centen\u00e1rio da Casa da Cultura e encerrou tamb\u00e9m as comemora\u00e7\u00f5es dos 134 anos de Uberl\u00e2ndia.<\/p>\n\n\n\n<p id=\"viewer-dmdgr\">O Fundinho Festival, apresentado pelo SISTEMA MARTINS, por meio do Programa Municipal de Incentivo \u00e0 Cultura (PMIC), foi sucesso de p\u00fablico, tendo recebido cerca de 7 mil visitantes ao longo das 12 horas de programa\u00e7\u00e3o musical.<\/p>\n\n\n\n<p id=\"viewer-3vged\">\u201cO PMIC \u00e9 uma pol\u00edtica p\u00fablica importante para poder proporcionar \u00e0 popula\u00e7\u00e3o acesso \u00e0 cultura de qualidade. E o Fundinho Festival \u00e9 um evento que j\u00e1 \u00e9 tradicional aqui na cidade e que d\u00e1 acesso a estilos e nuances musicais. Poder apoiar este evento novamente, que s\u00f3 vem a engrandecer a cena da Cultura na cidade, \u00e9 gratificante\u201d, conta M\u00f4nica Debs, Secret\u00e1ria Municipal de Cultura.<\/p>\n\n\n\n<p id=\"viewer-6fljh\">\u201cFoi muito positiva a avalia\u00e7\u00e3o dos presentes, conseguimos transformar a pra\u00e7a em um espa\u00e7o seguro, confort\u00e1vel e aconchegante. Muitas fam\u00edlias estiveram conosco desde a primeira apresenta\u00e7\u00e3o\u201d, ressalta o coordenador do Festival, Marcelo Mamede.<\/p>\n\n\n\n<p id=\"viewer-5sf2v\">O evento contou tamb\u00e9m com o patroc\u00ednio da Flamboyant e das Cervejarias Benedith e Uberbrau, com apoio do Gabarito Sistema de Ensino e realiza\u00e7\u00e3o da Moinho Cultural e Aproxima Patroc\u00ednios e Incentivos.<\/p>\n\n\n\n<p id=\"viewer-4dd7m\"><strong>Atra\u00e7\u00f5es<\/strong><\/p>\n\n\n\n<p id=\"viewer-9tl94\">Foram 12 horas de programa\u00e7\u00e3o musical com oito atra\u00e7\u00f5es in\u00e9ditas: Uberland Street Band, B\u00caJAZZ STREET BAND, Mississippi Devils, Manga Rosa Quarteto, Stonehenge Blues Rock, Du Rompa Hammond Trio, Victor Biglione e merece uma agulha, com discotecagem em vinil na abertura do evento e nos intervalos entre as bandas.<\/p>\n\n\n\n<p id=\"viewer-1mbes\">As apresenta\u00e7\u00f5es come\u00e7aram pontualmente no hor\u00e1rio marcado, \u00e0s 10h, mantendo a tradi\u00e7\u00e3o do festival, de respeitar m\u00fasicos e p\u00fablico. Outra novidade desta edi\u00e7\u00e3o foram as tr\u00eas atra\u00e7\u00f5es que t\u00eam como refer\u00eancia as bandas de marcha de Nova Orleans que se apresentaram em meio ao p\u00fablico.<\/p>\n\n\n\n<p id=\"viewer-61pbi\">Para Ludmila Fran\u00e7a, gerente executiva do IAMAR (Instituto Alair Martins), &#8220;ver a pra\u00e7a cheia e vibrante, com milhares de pessoas reunidas pela boa m\u00fasica e ainda encerrando as celebra\u00e7\u00f5es do centen\u00e1rio da Casa da Cultura encheu nossos cora\u00e7\u00f5es de alegria e orgulho. Para n\u00f3s do SIM &#8211; Sistema Martins esta edi\u00e7\u00e3o do Fundinho Festival foi ainda mais especial e emocionante, pois sentimos no cora\u00e7\u00e3o a presen\u00e7a do diretor geral Fl\u00e1vio Lucio Borges Martins, que faleceu em mar\u00e7o, e era grande apoiador e entusiasta do jazz e blues. Foi uma edi\u00e7\u00e3o memor\u00e1vel\u201d, destacou.<\/p>\n\n\n\n<p id=\"viewer-6pffs\">Al\u00e9m de todas as atra\u00e7\u00f5es in\u00e9ditas e muita m\u00fasica de qualidade, o p\u00fabico apreciou as del\u00edcias da Vila Gastron\u00f4mica, que contou com diversas op\u00e7\u00f5es de alimenta\u00e7\u00e3o e bebidas preparadas pelos parceiros: Altamira Sushi, Bali Burguer, Rafael Franz, Senhor Pastel, Cervejarias Benedith e Uberbrau, Grand Cru e Zim Destilaria, Feira Vin\u00edlica e Exposi\u00e7\u00e3o de Cer\u00e2mica e Antiguidades.<\/p>\n\n\n\n<p id=\"viewer-1fiuk\">O publicit\u00e1rio Lissandro Ijanc marcou presen\u00e7a no Festival e destacou a diversidade e organiza\u00e7\u00e3o. \u201cGostei muito do local. Permaneceu o clima familiar, com pessoas de todas as idades, pra\u00e7a de alimenta\u00e7\u00e3o mais diversificada e a curadoria excelente\u201d, destacou. <strong>Fundinho<\/strong><\/p>\n","protected":false},"excerpt":{"rendered":"<p>Pra\u00e7a Coronel Carneiro foi palco de 12 horas de programa\u00e7\u00e3o musical gratuita Uberl\u00e2ndia recebeu no dia tr\u00eas de setembro, a sexta edi\u00e7\u00e3o do Fundinho Festival, evento gratuito que apresentou o<\/p>\n","protected":false},"author":1,"featured_media":6182,"comment_status":"open","ping_status":"open","sticky":false,"template":"","format":"standard","meta":{"footnotes":""},"categories":[1],"tags":[],"class_list":["post-6181","post","type-post","status-publish","format-standard","has-post-thumbnail","hentry","category-noticias"],"_links":{"self":[{"href":"https:\/\/revistahubclub.com.br\/portal\/wp-json\/wp\/v2\/posts\/6181","targetHints":{"allow":["GET"]}}],"collection":[{"href":"https:\/\/revistahubclub.com.br\/portal\/wp-json\/wp\/v2\/posts"}],"about":[{"href":"https:\/\/revistahubclub.com.br\/portal\/wp-json\/wp\/v2\/types\/post"}],"author":[{"embeddable":true,"href":"https:\/\/revistahubclub.com.br\/portal\/wp-json\/wp\/v2\/users\/1"}],"replies":[{"embeddable":true,"href":"https:\/\/revistahubclub.com.br\/portal\/wp-json\/wp\/v2\/comments?post=6181"}],"version-history":[{"count":1,"href":"https:\/\/revistahubclub.com.br\/portal\/wp-json\/wp\/v2\/posts\/6181\/revisions"}],"predecessor-version":[{"id":6183,"href":"https:\/\/revistahubclub.com.br\/portal\/wp-json\/wp\/v2\/posts\/6181\/revisions\/6183"}],"wp:featuredmedia":[{"embeddable":true,"href":"https:\/\/revistahubclub.com.br\/portal\/wp-json\/wp\/v2\/media\/6182"}],"wp:attachment":[{"href":"https:\/\/revistahubclub.com.br\/portal\/wp-json\/wp\/v2\/media?parent=6181"}],"wp:term":[{"taxonomy":"category","embeddable":true,"href":"https:\/\/revistahubclub.com.br\/portal\/wp-json\/wp\/v2\/categories?post=6181"},{"taxonomy":"post_tag","embeddable":true,"href":"https:\/\/revistahubclub.com.br\/portal\/wp-json\/wp\/v2\/tags?post=6181"}],"curies":[{"name":"wp","href":"https:\/\/api.w.org\/{rel}","templated":true}]}}