{"id":6184,"date":"2022-09-12T11:12:00","date_gmt":"2022-09-12T14:12:00","guid":{"rendered":"https:\/\/revistahubclub.com.br\/portal\/?p=6184"},"modified":"2024-12-19T11:13:04","modified_gmt":"2024-12-19T14:13:04","slug":"varejoexperience-evento-acontece-gratuitamente-no-dia-23-09-para-empresas","status":"publish","type":"post","link":"https:\/\/revistahubclub.com.br\/portal\/2022\/09\/12\/varejoexperience-evento-acontece-gratuitamente-no-dia-23-09-para-empresas\/","title":{"rendered":"Varejo+Experience: evento acontece gratuitamente no dia 23\/09 para empresas"},"content":{"rendered":"\n<p id=\"viewer-foo\"><em>O evento \u00e9 uma a\u00e7\u00e3o de entidades que t\u00eam prop\u00f3sito de apoiar as micro e pequenas empresas de Uberl\u00e2ndia e oferecem oportunidade para que os gestores se capacitem para fortalecerem o neg\u00f3cio.<\/em><\/p>\n\n\n\n<p id=\"viewer-86g0e\"><em>Por Aciub<\/em><\/p>\n\n\n\n<p id=\"viewer-47i8g\">Uma manh\u00e3 para empreendedores saberem mais sobre as novas tend\u00eancias de vendas e como melhorar a experi\u00eancia do cliente e aprimorar os resultados. Assim ser\u00e1 o Varejo+Experience, que acontece no dia 23 de setembro, \u00e0s 8h30, no Center Convention Uberl\u00e2ndia.<\/p>\n\n\n\n<p id=\"viewer-e6fj8\">Uma iniciativa da Aciub em parceria com o Sebrae, o evento \u00e9 gratuito e aberto a empreendedores interessados em entender mais sobre temas que v\u00e3o ajudar a alavancar seus neg\u00f3cios. Ser\u00e3o palestras com representantes de grandes marcas como Americanas, Mercado Livre, iFood e Frst Falconi e, para participar, basta acessar aciub.com.br\/inscricoes<\/p>\n\n\n\n<p id=\"viewer-3r908\">O evento Varejo+Experience \u00e9 uma a\u00e7\u00e3o das entidades que t\u00eam o prop\u00f3sito de apoiar as micro e pequenas empresas de Uberl\u00e2ndia e oferecem por meio do evento, uma oportunidade para que os gestores se capacitem para fortalecerem o neg\u00f3cio.<\/p>\n\n\n\n<p id=\"viewer-a22cm\">Dentre os temas que ser\u00e3o abordados est\u00e3o a experi\u00eancia do cliente e o aumento de vendas em marketplaces.<\/p>\n\n\n\n<p id=\"viewer-4sjev\"><strong>Confira a programa\u00e7\u00e3o completa:<\/strong> <strong>&#8211; <\/strong>8h30: Credenciamento &#8211; 9h: Abertura &#8211; A experi\u00eancia do cliente: com representante do iFood; &#8211; Omnichannel: com representante da Americanas; &#8211; Conectivar e programa Empreender: com representante do Sebrae, Aciub e FRST Falconi; &#8211; Aumento das vendas em marketplace: com representante do Mercado Livre; &#8211; Como criar estrat\u00e9gias \u00e1geis com foco em resultados: com representante do Sebrae. &#8211; 12h: Encerramento.<\/p>\n\n\n\n<p id=\"viewer-dsoq\"><strong><em>Servi\u00e7o<\/em><\/strong><\/p>\n\n\n\n<p id=\"viewer-c9e16\">Varejo+Experience<\/p>\n\n\n\n<p id=\"viewer-pfno\">Data: 23 de setembro, sexta-feira.<\/p>\n\n\n\n<p id=\"viewer-6qnb3\">Hor\u00e1rio: das 8h30 \u00e0s 12h<\/p>\n\n\n\n<p id=\"viewer-1d04g\">Local: Center Convention Uberl\u00e2ndia<\/p>\n\n\n\n<p id=\"viewer-dmlnd\">Inscri\u00e7\u00f5es: <a target=\"_blank\" href=\"http:\/\/aciub.com.br\/inscricoes\" rel=\"noreferrer noopener\"><u>aciub.com.br\/inscricoes<\/u><\/a><\/p>\n\n\n\n<figure class=\"wp-block-image\"><img decoding=\"async\" src=\"https:\/\/static.wixstatic.com\/media\/cf07ad_cbfe4d5311944a6ea52e757024624134~mv2.jpg\/v1\/fill\/w_592,h_246,al_c,q_80,usm_0.66_1.00_0.01,enc_auto\/cf07ad_cbfe4d5311944a6ea52e757024624134~mv2.jpg\" alt=\"\"\/><\/figure>\n","protected":false},"excerpt":{"rendered":"<p>O evento \u00e9 uma a\u00e7\u00e3o de entidades que t\u00eam prop\u00f3sito de apoiar as micro e pequenas empresas de Uberl\u00e2ndia e oferecem oportunidade para que os gestores se capacitem para fortalecerem<\/p>\n","protected":false},"author":1,"featured_media":6185,"comment_status":"open","ping_status":"open","sticky":false,"template":"","format":"standard","meta":{"footnotes":""},"categories":[1],"tags":[],"class_list":["post-6184","post","type-post","status-publish","format-standard","has-post-thumbnail","hentry","category-noticias"],"_links":{"self":[{"href":"https:\/\/revistahubclub.com.br\/portal\/wp-json\/wp\/v2\/posts\/6184","targetHints":{"allow":["GET"]}}],"collection":[{"href":"https:\/\/revistahubclub.com.br\/portal\/wp-json\/wp\/v2\/posts"}],"about":[{"href":"https:\/\/revistahubclub.com.br\/portal\/wp-json\/wp\/v2\/types\/post"}],"author":[{"embeddable":true,"href":"https:\/\/revistahubclub.com.br\/portal\/wp-json\/wp\/v2\/users\/1"}],"replies":[{"embeddable":true,"href":"https:\/\/revistahubclub.com.br\/portal\/wp-json\/wp\/v2\/comments?post=6184"}],"version-history":[{"count":1,"href":"https:\/\/revistahubclub.com.br\/portal\/wp-json\/wp\/v2\/posts\/6184\/revisions"}],"predecessor-version":[{"id":6186,"href":"https:\/\/revistahubclub.com.br\/portal\/wp-json\/wp\/v2\/posts\/6184\/revisions\/6186"}],"wp:featuredmedia":[{"embeddable":true,"href":"https:\/\/revistahubclub.com.br\/portal\/wp-json\/wp\/v2\/media\/6185"}],"wp:attachment":[{"href":"https:\/\/revistahubclub.com.br\/portal\/wp-json\/wp\/v2\/media?parent=6184"}],"wp:term":[{"taxonomy":"category","embeddable":true,"href":"https:\/\/revistahubclub.com.br\/portal\/wp-json\/wp\/v2\/categories?post=6184"},{"taxonomy":"post_tag","embeddable":true,"href":"https:\/\/revistahubclub.com.br\/portal\/wp-json\/wp\/v2\/tags?post=6184"}],"curies":[{"name":"wp","href":"https:\/\/api.w.org\/{rel}","templated":true}]}}