{"id":6199,"date":"2022-09-08T11:15:00","date_gmt":"2022-09-08T14:15:00","guid":{"rendered":"https:\/\/revistahubclub.com.br\/portal\/?p=6199"},"modified":"2024-12-19T11:15:34","modified_gmt":"2024-12-19T14:15:34","slug":"inscricoes-para-10a-edicao-do-premio-regiao-do-cerrado-mineiro-vao-ate-16-de-setembro","status":"publish","type":"post","link":"https:\/\/revistahubclub.com.br\/portal\/2022\/09\/08\/inscricoes-para-10a-edicao-do-premio-regiao-do-cerrado-mineiro-vao-ate-16-de-setembro\/","title":{"rendered":"Inscri\u00e7\u00f5es para 10\u00aa edi\u00e7\u00e3o do Pr\u00eamio Regi\u00e3o do Cerrado Mineiro v\u00e3o at\u00e9 16 de setembro"},"content":{"rendered":"\n<p id=\"viewer-62h4t\"><em>Pr\u00eamio reconhece os melhores caf\u00e9s dos 55 munic\u00edpios que comp\u00f5em a regi\u00e3o e nesta edi\u00e7\u00e3o tamb\u00e9m celebra os 50 anos da cafeicultura do Cerrado Mineiro<\/em><\/p>\n\n\n\n<p id=\"viewer-6ekbt\"><\/p>\n\n\n\n<p id=\"viewer-1pml6\">Seguem abertas at\u00e9 o dia 16 de setembro as inscri\u00e7\u00f5es para a 10\u00aa edi\u00e7\u00e3o do Pr\u00eamio Regi\u00e3o do Cerrado Mineiro, promovido pela Federa\u00e7\u00e3o dos Cafeicultores do Cerrado, com apoio do Sebrae Minas. A iniciativa visa valorizar o trabalho dos cafeicultores na produ\u00e7\u00e3o de caf\u00e9s de alta qualidade, com responsabilidade e rastreabilidade, bem como celebrar a safra.<\/p>\n\n\n\n<p id=\"viewer-a5ndp\">As inscri\u00e7\u00f5es podem ser feitas nas seis cooperativas que fazem parte da Federa\u00e7\u00e3o, localizadas nas cidades polo e o regulamento pode ser acessado pelo endere\u00e7o eletr\u00f4nico: <a target=\"_blank\" href=\"http:\/\/www.cerradomineiro.org\/premio\" rel=\"noreferrer noopener\">www.cerradomineiro.org\/premio<\/a><strong>.<\/strong><strong><u> <\/u><\/strong>Na edi\u00e7\u00e3o anterior, foram 348 inscri\u00e7\u00f5es e, para este ano, a expectativa dos organizadores \u00e9 superar esse n\u00famero.<\/p>\n\n\n\n<p id=\"viewer-c3vm6\"><\/p>\n\n\n\n<p id=\"viewer-6fmfk\">Uma das novidades desta edi\u00e7\u00e3o \u00e9 que o Pr\u00eamio vai valorizar tamb\u00e9m as mulheres, cada vez mais atuantes no segmento do caf\u00e9. As tr\u00eas melhores amostras produzidas por mulheres ou as tr\u00eas melhores produtoras ser\u00e3o reconhecidas com o Trof\u00e9u Mulher de Atitude.<\/p>\n\n\n\n<p id=\"viewer-29sr3\">Outra inova\u00e7\u00e3o est\u00e1 relacionada ao aspecto social. Anualmente, cerca de 10% do valor arrecadado com o leil\u00e3o \u00e9 destinado a projetos que beneficiam a sociedade. Nesta d\u00e9cima edi\u00e7\u00e3o, 70% dos recursos ser\u00e3o destinados ao Trof\u00e9u Escola de Atitude e os 30% restantes para as obras do primeiro Hospital de Amor de Minas Gerais, iniciadas pelo Hospital do C\u00e2ncer de Patroc\u00ednio \u201cDr. Jos\u00e9 Figueiredo\u201d.<\/p>\n\n\n\n<p id=\"viewer-9kbgg\">O modelo de neg\u00f3cios do Pr\u00eamio permanece com as inova\u00e7\u00f5es apresentadas na \u00faltima edi\u00e7\u00e3o, sendo tr\u00eas modalidades: reserva de mercado brasileiro, leil\u00e3o e safra premiada. Na edi\u00e7\u00e3o de 2021, o leil\u00e3o dos vencedores movimentou cerca de R$ 1 milh\u00e3o<strong> <\/strong>e a saca de caf\u00e9 mais cara foi vendida a R$ 55 mil.<\/p>\n\n\n\n<p id=\"viewer-32t07\">De acordo com o superintendente da Federa\u00e7\u00e3o dos Cafeicultores do Cerrado, Juliano Tarabal, o pr\u00eamio \u00e9 uma oportunidade \u00edmpar para os cafeitcultorres da regi\u00e3o terem os seus trabalhos valorizados.<\/p>\n\n\n\n<p id=\"viewer-foc14\">\u201cEsse Pr\u00eamio reconhece e valoriza os melhores caf\u00e9s dos 55 munic\u00edpios que comp\u00f5em a Regi\u00e3o do Cerrado Mineiro. E nesse ano, a celebra\u00e7\u00e3o \u00e9 ainda mais especial: s\u00e3o 50 anos de produ\u00e7\u00e3o de caf\u00e9 no Cerrado Mineiro, que teve in\u00edcio em 1972, 30 anos da federa\u00e7\u00e3o e dez anos de Pr\u00eamio. Temos v\u00e1rios motivos para comemorar\u201d, destaca.<\/p>\n\n\n\n<p id=\"viewer-6fvuj\">O Pr\u00eamio Regi\u00e3o do Cerrado Mineiro tem a realiza\u00e7\u00e3o das cooperativas Carmocer, Carpec, Coagril, Coocacer Araguari, Coopadap, Expocaccer e MonteCCer, integrando ainda as seis associa\u00e7\u00f5es: ACARPA, ACA, Assogotardo, Assocaf\u00e9, Amoca e Appcer como apoiadoras.<\/p>\n\n\n\n<p id=\"viewer-4jrro\"><\/p>\n\n\n\n<p id=\"viewer-jl4u\"><strong>10\u00ba edi\u00e7\u00e3o<\/strong><\/p>\n\n\n\n<p id=\"viewer-b39nb\">O Pr\u00eamio \u00e9 dividido em tr\u00eas categorias: Caf\u00e9 Natural, Cereja Descascado e Fermenta\u00e7\u00e3o Induzida, e o produtor poder\u00e1 inscrever at\u00e9 duas amostras, sendo uma na categoria Natural ou Cereja Descascado, adicionando mais uma amostra na categoria Fermenta\u00e7\u00e3o Induzida.<\/p>\n\n\n\n<p id=\"viewer-286kl\"><\/p>\n\n\n\n<p id=\"viewer-ccrtk\">Ser\u00e3o premiados produtores do primeiro ao terceiro lugar para cada uma das categorias, tendo como competidores os melhores caf\u00e9s finalistas de cada cooperativa. Os vencedores ir\u00e3o receber R$ 5 mil pelo primeiro lugar, R$ 3 mil pelo segundo e R$ 2 mil pela terceira posi\u00e7\u00e3o. A cerim\u00f4nia de divulga\u00e7\u00e3o dos caf\u00e9s premiados ser\u00e1 realizada no dia 30 de novembro, em Uberl\u00e2ndia. \u201cO pr\u00eamio avalia a qualidade. Para isso, existe uma escala de 0 a 100 pontos para analisar os caf\u00e9s especiais, sendo que acima de 80 pontos, o produto \u00e9 considerado especial. Temos uma equipe t\u00e9cnica formada por jurados, que s\u00e3o \u00e1rbitros competentes para analisar a qualidade desses caf\u00e9s. S\u00e3o duas etapas: uma classificat\u00f3ria e uma etapa de ranqueamento na qual s\u00e3o elencados os 60 melhores da regi\u00e3o, que v\u00e3o para a grande final do pr\u00eamio. S\u00e3o avaliados dez atributos de qualidade para se chegar \u00e0 pontua\u00e7\u00e3o final. Os caf\u00e9s campe\u00f5es geralmente atingem entre 89 ou at\u00e9 mais de 90 pontos\u201d, explica Tarabal.<\/p>\n\n\n\n<p id=\"viewer-euugc\"><strong>Regi\u00e3o do Cerrado Mineiro completa 50 anos<\/strong><\/p>\n\n\n\n<p id=\"viewer-9i6bs\">Em 2022, a Regi\u00e3o do Cerrado Mineiro (RCM) completa 50 anos. Atualmente s\u00e3o 4.500 cafeicultores, distribu\u00eddos por 55 munic\u00edpios, que se reinventam a cada nova safra, a cada nova gera\u00e7\u00e3o.<\/p>\n\n\n\n<p id=\"viewer-3at3j\">A RCM possui uma \u00e1rea de produ\u00e7\u00e3o de 255 mil hectares e \u00e9 respons\u00e1vel por 12,7% da produ\u00e7\u00e3o brasileira de caf\u00e9 e 25,4% da produ\u00e7\u00e3o mineira. A perfeita defini\u00e7\u00e3o das esta\u00e7\u00f5es clim\u00e1ticas, com ver\u00e3o quente e \u00famido e inverno ameno e seco \u00e9 uma caracter\u00edstica da regi\u00e3o. Os cafeeiros s\u00e3o cultivados em \u00e1reas com altitude variando entre 800 e 1.300 metros e o resultado s\u00e3o caf\u00e9s com identidade \u00fanica e alta qualidade. Os caf\u00e9s da regi\u00e3o t\u00eam como caracter\u00edsticas aroma intenso, com notas variando de caramelo a nozes; acidez delicadamente c\u00edtrica; corpo moderado a encorpado; sabor adocicado com aspecto de chocolate e finaliza\u00e7\u00e3o de longa dura\u00e7\u00e3o.<\/p>\n\n\n\n<p id=\"viewer-c1qtp\">Mais informa\u00e7\u00f5es sobre a Regi\u00e3o do Cerrado Mineiro: <a target=\"_blank\" href=\"http:\/\/www.cerradomineiro.org\/\" rel=\"noreferrer noopener\">www.cerradomineiro.org<\/a>.<\/p>\n","protected":false},"excerpt":{"rendered":"<p>Pr\u00eamio reconhece os melhores caf\u00e9s dos 55 munic\u00edpios que comp\u00f5em a regi\u00e3o e nesta edi\u00e7\u00e3o tamb\u00e9m celebra os 50 anos da cafeicultura do Cerrado Mineiro Seguem abertas at\u00e9 o dia<\/p>\n","protected":false},"author":1,"featured_media":6200,"comment_status":"open","ping_status":"open","sticky":false,"template":"","format":"standard","meta":{"footnotes":""},"categories":[1],"tags":[],"class_list":["post-6199","post","type-post","status-publish","format-standard","has-post-thumbnail","hentry","category-noticias"],"_links":{"self":[{"href":"https:\/\/revistahubclub.com.br\/portal\/wp-json\/wp\/v2\/posts\/6199","targetHints":{"allow":["GET"]}}],"collection":[{"href":"https:\/\/revistahubclub.com.br\/portal\/wp-json\/wp\/v2\/posts"}],"about":[{"href":"https:\/\/revistahubclub.com.br\/portal\/wp-json\/wp\/v2\/types\/post"}],"author":[{"embeddable":true,"href":"https:\/\/revistahubclub.com.br\/portal\/wp-json\/wp\/v2\/users\/1"}],"replies":[{"embeddable":true,"href":"https:\/\/revistahubclub.com.br\/portal\/wp-json\/wp\/v2\/comments?post=6199"}],"version-history":[{"count":1,"href":"https:\/\/revistahubclub.com.br\/portal\/wp-json\/wp\/v2\/posts\/6199\/revisions"}],"predecessor-version":[{"id":6201,"href":"https:\/\/revistahubclub.com.br\/portal\/wp-json\/wp\/v2\/posts\/6199\/revisions\/6201"}],"wp:featuredmedia":[{"embeddable":true,"href":"https:\/\/revistahubclub.com.br\/portal\/wp-json\/wp\/v2\/media\/6200"}],"wp:attachment":[{"href":"https:\/\/revistahubclub.com.br\/portal\/wp-json\/wp\/v2\/media?parent=6199"}],"wp:term":[{"taxonomy":"category","embeddable":true,"href":"https:\/\/revistahubclub.com.br\/portal\/wp-json\/wp\/v2\/categories?post=6199"},{"taxonomy":"post_tag","embeddable":true,"href":"https:\/\/revistahubclub.com.br\/portal\/wp-json\/wp\/v2\/tags?post=6199"}],"curies":[{"name":"wp","href":"https:\/\/api.w.org\/{rel}","templated":true}]}}