{"id":6208,"date":"2022-09-06T11:16:00","date_gmt":"2022-09-06T14:16:00","guid":{"rendered":"https:\/\/revistahubclub.com.br\/portal\/?p=6208"},"modified":"2024-12-19T11:16:59","modified_gmt":"2024-12-19T14:16:59","slug":"pesquisa-faz-raio-x-sobre-adequacao-dos-pequenos-negocios-mineiros-a-lei-geral-de-protecao-de-dados","status":"publish","type":"post","link":"https:\/\/revistahubclub.com.br\/portal\/2022\/09\/06\/pesquisa-faz-raio-x-sobre-adequacao-dos-pequenos-negocios-mineiros-a-lei-geral-de-protecao-de-dados\/","title":{"rendered":"Pesquisa faz raio-x sobre adequa\u00e7\u00e3o dos pequenos neg\u00f3cios mineiros \u00e0 Lei Geral de Prote\u00e7\u00e3o de Dados"},"content":{"rendered":"\n<p id=\"viewer-foo\">Entre julho e agosto de 2022, o Sebrae Minas realizou estudo com donos de pequenos neg\u00f3cios, que mostrou que mostrou que 7 em cada 10 guardam algum dado pessoal de clientes e\/ou fornecedores. Voc\u00ea lembra o que \u00e9 LGPD ?! Saiba mais abaixo.<\/p>\n\n\n\n<p id=\"viewer-80qua\"><em>Por Andr\u00e9 Di Bernardi<\/em><strong><em>*<\/em><\/strong><\/p>\n\n\n\n<p id=\"viewer-d5b5p\"><em>(imagem &#8211; <\/em><a target=\"_blank\" href=\"https:\/\/privacycare.com.br\/2021\/03\/31\/lgpd-importancia-para-empresas\/\" rel=\"noreferrer noopener\"><em>privacycare.com.br<\/em><\/a><em>)<\/em><\/p>\n\n\n\n<p id=\"viewer-8cq6e\">O Sebrae Minas realizou, entre julho e agosto, uma pesquisa feita com os donos de pequenos neg\u00f3cios mineiros sobre a adequa\u00e7\u00e3o das empresas \u00e0 Lei Geral de Prote\u00e7\u00e3o de Dados Pessoais (LGPD). A Lei n\u00ba 13.709\/2018 trata da manipula\u00e7\u00e3o de dados pessoais, inclusive nos meios digitais, por pessoa f\u00edsica ou por pessoa jur\u00eddica, de direito p\u00fablico ou privado, com o objetivo de proteger os direitos fundamentais de liberdade e de privacidade. Foram entrevistados 1.880 donos de empresas do com\u00e9rcio, servi\u00e7os, ind\u00fastria e constru\u00e7\u00e3o civil, entre os dias 20 de julho e 1\u00b0 de agosto.<\/p>\n\n\n\n<p id=\"viewer-5jl9q\">O estudo mostrou que sete em cada 10 pequenos neg\u00f3cios guardam algum dado pessoal de clientes ou fornecedores. Os dados coletados mais citados foram: nome (91%), telefone (90%), endere\u00e7o (76%), CPF (66%) e e-mail (64%).<\/p>\n\n\n\n<p id=\"viewer-bgo2f\">Ainda segundo a pesquisa, os dados pessoais coletados s\u00e3o utilizados, principalmente, no cadastro de clientes\/fornecedores, pagamentos e cobran\u00e7as, hist\u00f3rico de atendimento e no relacionamento com clientes\/fideliza\u00e7\u00e3o.<\/p>\n\n\n\n<p id=\"viewer-73b0e\">Das empresas que guardam dados pessoais, apenas duas em cada 10 afirmaram que conhecem bem a Lei Geral de Prote\u00e7\u00e3o de Dados (LGPD) e somente 27% acreditam que suas empresas est\u00e3o adequadas \u00e0 LGPD, enquanto 16% j\u00e1 iniciaram o processo de adequa\u00e7\u00e3o, 38% n\u00e3o iniciaram o processo, e 19% n\u00e3o souberam responder.<\/p>\n\n\n\n<p id=\"viewer-4hnk5\">Entre as que n\u00e3o iniciaram o processo de adequa\u00e7\u00e3o ou que n\u00e3o souberam responder, os principais motivos atribu\u00eddos a isso foram o desconhecimento sobre a lei (57%), indisponibilidade de tempo (21%) e falta de conhecimento sobre os processos da empresa (15%).<\/p>\n\n\n\n<p id=\"viewer-7oa9s\">Quanto menor o porte da empresa, maior o desconhecimento sobre a LGPD. 29% dos MEI afirmaram que n\u00e3o conhecem a lei; esse percentual foi de 15% para as microempresas e 10% para as pequenas empresas.<\/p>\n\n\n\n<p id=\"viewer-6ou5k\">\u201cUm dos maiores empecilhos para a maioria dos donos de pequenos neg\u00f3cios se adequarem \u00e0 LGPD \u00e9 o desconhecimento da pr\u00f3pria lei. Por isso, o Sebrae Minas tem disponibilizado ferramentas, conte\u00fados e orienta\u00e7\u00f5es para que cada vez mais empreendimentos tenham acesso \u00e0s informa\u00e7\u00f5es sobre o processo de adequa\u00e7\u00e3o \u00e0 legisla\u00e7\u00e3o\u201d, afirma a analista do Sebrae Minas Carolina Alves Prado.<\/p>\n\n\n\n<p id=\"viewer-db7kt\">A pesquisa tamb\u00e9m revelou que tr\u00eas em cada 10 das empresas adequadas ou em processo de adequa\u00e7\u00e3o da LGPD tiveram alguma dificuldade. A principal, citada por 67%, foi a complexidade da opera\u00e7\u00e3o, seguida pelo custo financeiro da adequa\u00e7\u00e3o (48%) e pela falta de conhecimento sobre a lei (47%).<\/p>\n\n\n\n<p id=\"viewer-e43r2\"><strong>An\u00e1lise setorial<\/strong><\/p>\n\n\n\n<p id=\"viewer-2srne\">A pesquisa do Sebrae Minas mostrou que as empresas da ind\u00fastria e constru\u00e7\u00e3o civil s\u00e3o as que menos guardam algum tipo de dado pessoal de clientes ou fornecedores (62%). Para as de servi\u00e7os e de com\u00e9rcio, os resultados foram de 67% e 69%, respectivamente.<\/p>\n\n\n\n<p id=\"viewer-6cp0u\">De acordo com o estudo, o setor de servi\u00e7os \u00e9 o que tem mais conhecimentos sobre a LGPD, e o que tem maior percentual de adequados \u00e0 lei. O setor de ind\u00fastria e constru\u00e7\u00e3o civil foi o que demonstrou maior desconhecimento sobre a lei e teve mais dificuldade durante o processo de adequa\u00e7\u00e3o, principalmente devido \u00e0 sua complexidade.<\/p>\n\n\n\n<p id=\"viewer-3eos4\">Dentre as empresas que enfrentaram dificuldade para se adequar, o com\u00e9rcio foi mais afetado pelas especificidades do processo de adequa\u00e7\u00e3o, enquanto a ind\u00fastria e a constru\u00e7\u00e3o civil foram os menos impactados pelo custo financeiro do processo de adequa\u00e7\u00e3o \u00e0 LGPD.<\/p>\n\n\n\n<p id=\"viewer-6g72h\">Fonte: Ag\u00eancia Sebrae de Not\u00edcias<\/p>\n\n\n\n<p id=\"viewer-duk4o\"><em>*Assessoria de Imprensa Pref\u00e1cio Comunica\u00e7\u00e3o<\/em><\/p>\n","protected":false},"excerpt":{"rendered":"<p>Entre julho e agosto de 2022, o Sebrae Minas realizou estudo com donos de pequenos neg\u00f3cios, que mostrou que mostrou que 7 em cada 10 guardam algum dado pessoal de<\/p>\n","protected":false},"author":1,"featured_media":6209,"comment_status":"open","ping_status":"open","sticky":false,"template":"","format":"standard","meta":{"footnotes":""},"categories":[1],"tags":[],"class_list":["post-6208","post","type-post","status-publish","format-standard","has-post-thumbnail","hentry","category-noticias"],"_links":{"self":[{"href":"https:\/\/revistahubclub.com.br\/portal\/wp-json\/wp\/v2\/posts\/6208","targetHints":{"allow":["GET"]}}],"collection":[{"href":"https:\/\/revistahubclub.com.br\/portal\/wp-json\/wp\/v2\/posts"}],"about":[{"href":"https:\/\/revistahubclub.com.br\/portal\/wp-json\/wp\/v2\/types\/post"}],"author":[{"embeddable":true,"href":"https:\/\/revistahubclub.com.br\/portal\/wp-json\/wp\/v2\/users\/1"}],"replies":[{"embeddable":true,"href":"https:\/\/revistahubclub.com.br\/portal\/wp-json\/wp\/v2\/comments?post=6208"}],"version-history":[{"count":1,"href":"https:\/\/revistahubclub.com.br\/portal\/wp-json\/wp\/v2\/posts\/6208\/revisions"}],"predecessor-version":[{"id":6210,"href":"https:\/\/revistahubclub.com.br\/portal\/wp-json\/wp\/v2\/posts\/6208\/revisions\/6210"}],"wp:featuredmedia":[{"embeddable":true,"href":"https:\/\/revistahubclub.com.br\/portal\/wp-json\/wp\/v2\/media\/6209"}],"wp:attachment":[{"href":"https:\/\/revistahubclub.com.br\/portal\/wp-json\/wp\/v2\/media?parent=6208"}],"wp:term":[{"taxonomy":"category","embeddable":true,"href":"https:\/\/revistahubclub.com.br\/portal\/wp-json\/wp\/v2\/categories?post=6208"},{"taxonomy":"post_tag","embeddable":true,"href":"https:\/\/revistahubclub.com.br\/portal\/wp-json\/wp\/v2\/tags?post=6208"}],"curies":[{"name":"wp","href":"https:\/\/api.w.org\/{rel}","templated":true}]}}