{"id":621,"date":"2024-09-23T16:30:12","date_gmt":"2024-09-23T19:30:12","guid":{"rendered":"https:\/\/revistahubclub.com.br\/portal\/?p=621"},"modified":"2024-12-11T16:30:45","modified_gmt":"2024-12-11T19:30:45","slug":"sara-vargas-diretora-tecnica-da-pontes-de-amor-representa-o-brasil-no-quarto-forum-mundial-de-lausanne","status":"publish","type":"post","link":"https:\/\/revistahubclub.com.br\/portal\/2024\/09\/23\/sara-vargas-diretora-tecnica-da-pontes-de-amor-representa-o-brasil-no-quarto-forum-mundial-de-lausanne\/","title":{"rendered":"Sara Vargas, diretora-t\u00e9cnica da Pontes de Amor, representa o Brasil no Quarto F\u00f3rum Mundial de Lausanne"},"content":{"rendered":"\n<p id=\"viewer-di674989\">A diretora-t\u00e9cnica da Pontes de Amor, Sara Vargas, est\u00e1 entre os representantes brasileiros no Quarto F\u00f3rum Mundial de Lausanne, que acontece de 22 a 28 de setembro em Seul, Coreia do Sul. O evento re\u00fane l\u00edderes crist\u00e3os de todo o mundo, com o objetivo de inspirar e conectar aqueles que j\u00e1 t\u00eam gerado impacto social, ampliando a efic\u00e1cia de suas a\u00e7\u00f5es e iniciativas.<\/p>\n\n\n\n<p id=\"viewer-ijlbp991\">&nbsp;<\/p>\n\n\n\n<p id=\"viewer-mak3g993\">Com uma participa\u00e7\u00e3o massiva, o F\u00f3rum conta com cerca de 5.200 pessoas presencialmente e uma audi\u00eancia virtual de 45.000 participantes, representando mais de 200 na\u00e7\u00f5es. O encontro \u00e9 um marco global para o movimento crist\u00e3o, reunindo influenciadores e agentes de transforma\u00e7\u00e3o com o prop\u00f3sito de discutir estrat\u00e9gias e colaborar na cria\u00e7\u00e3o de solu\u00e7\u00f5es que possam beneficiar ainda mais a sociedade em suas \u00e1reas de atua\u00e7\u00e3o.<\/p>\n\n\n\n<p id=\"viewer-45ni4995\">&nbsp;<\/p>\n\n\n\n<p id=\"viewer-pu0e8997\">Sara Vargas destaca-se pela sua trajet\u00f3ria de lideran\u00e7a \u00e0 frente da Pontes de Amor, organiza\u00e7\u00e3o que atua na promo\u00e7\u00e3o da ado\u00e7\u00e3o e no fortalecimento de fam\u00edlias, e sua presen\u00e7a no evento refor\u00e7a o papel relevante do Brasil nesse cen\u00e1rio global de impacto crist\u00e3o.<\/p>\n","protected":false},"excerpt":{"rendered":"<p>A diretora-t\u00e9cnica da Pontes de Amor, Sara Vargas, est\u00e1 entre os representantes brasileiros no Quarto F\u00f3rum Mundial de Lausanne, que acontece de 22 a 28 de setembro em Seul, Coreia<\/p>\n","protected":false},"author":1,"featured_media":622,"comment_status":"open","ping_status":"open","sticky":false,"template":"","format":"standard","meta":{"footnotes":""},"categories":[1],"tags":[],"class_list":["post-621","post","type-post","status-publish","format-standard","has-post-thumbnail","hentry","category-noticias"],"_links":{"self":[{"href":"https:\/\/revistahubclub.com.br\/portal\/wp-json\/wp\/v2\/posts\/621","targetHints":{"allow":["GET"]}}],"collection":[{"href":"https:\/\/revistahubclub.com.br\/portal\/wp-json\/wp\/v2\/posts"}],"about":[{"href":"https:\/\/revistahubclub.com.br\/portal\/wp-json\/wp\/v2\/types\/post"}],"author":[{"embeddable":true,"href":"https:\/\/revistahubclub.com.br\/portal\/wp-json\/wp\/v2\/users\/1"}],"replies":[{"embeddable":true,"href":"https:\/\/revistahubclub.com.br\/portal\/wp-json\/wp\/v2\/comments?post=621"}],"version-history":[{"count":1,"href":"https:\/\/revistahubclub.com.br\/portal\/wp-json\/wp\/v2\/posts\/621\/revisions"}],"predecessor-version":[{"id":623,"href":"https:\/\/revistahubclub.com.br\/portal\/wp-json\/wp\/v2\/posts\/621\/revisions\/623"}],"wp:featuredmedia":[{"embeddable":true,"href":"https:\/\/revistahubclub.com.br\/portal\/wp-json\/wp\/v2\/media\/622"}],"wp:attachment":[{"href":"https:\/\/revistahubclub.com.br\/portal\/wp-json\/wp\/v2\/media?parent=621"}],"wp:term":[{"taxonomy":"category","embeddable":true,"href":"https:\/\/revistahubclub.com.br\/portal\/wp-json\/wp\/v2\/categories?post=621"},{"taxonomy":"post_tag","embeddable":true,"href":"https:\/\/revistahubclub.com.br\/portal\/wp-json\/wp\/v2\/tags?post=621"}],"curies":[{"name":"wp","href":"https:\/\/api.w.org\/{rel}","templated":true}]}}