{"id":6227,"date":"2022-09-01T11:25:00","date_gmt":"2022-09-01T14:25:00","guid":{"rendered":"https:\/\/revistahubclub.com.br\/portal\/?p=6227"},"modified":"2024-12-19T11:25:25","modified_gmt":"2024-12-19T14:25:25","slug":"contagem-regressiva-para-o-fundinho-festival","status":"publish","type":"post","link":"https:\/\/revistahubclub.com.br\/portal\/2022\/09\/01\/contagem-regressiva-para-o-fundinho-festival\/","title":{"rendered":"Contagem regressiva para o Fundinho Festival"},"content":{"rendered":"\n<p id=\"viewer-bi7rl\"><em>Evento, que celebra o centen\u00e1rio da Casa da Cultura de Uberl\u00e2ndia, apresenta atra\u00e7\u00f5es in\u00e9ditas e gratuitas neste s\u00e1bado<\/em><\/p>\n\n\n\n<p id=\"viewer-94s5e\">O Fundinho Festival, que acontece neste s\u00e1bado, 3 de setembro, vai apresentar ao p\u00fablico o melhor do jazz e do blues durante 12 horas de programa\u00e7\u00e3o musical gratuita e in\u00e9dita com grandes artistas do cen\u00e1rio nacional (Piracicaba, Ribeir\u00e3o Preto e Rio de Janeiro), regional (Arax\u00e1) e local (Uberl\u00e2ndia).<\/p>\n\n\n\n<p id=\"viewer-bkd5o\">Em comemora\u00e7\u00e3o aos 100 anos da Casa da Cultura, importante patrim\u00f4nio hist\u00f3rico de Uberl\u00e2ndia, e aos 134 anos do munic\u00edpio, o evento, apresentado pelo SISTEMA MARTINS por meio do Programa Municipal de Incentivo \u00e0 Cultura, ser\u00e1 realizado na Pra\u00e7a Coronel Carneiro, no bairro Fundinho, das 10h \u00e0s 22h.<\/p>\n\n\n\n<p id=\"viewer-e4nu6\">A programa\u00e7\u00e3o musical do Fundinho Festival busca apresentar as mais diferentes vertentes do Jazz e Blues e nesta edi\u00e7\u00e3o ter\u00e1 oito atra\u00e7\u00f5es in\u00e9ditas: Uberland Street Band, B\u00caJAZZ STREET BAND, Mississippi Devils, Manga Rosa Quarteto, Stonehenge Blues, Du Rompa Hammond Trio, Victor Biglione e merece uma agulha, com discotecagem em vinil na abertura do evento e nos intervalos entre as bandas. &#8220;Acreditamos, mais uma vez, que o evento ficar\u00e1 para a hist\u00f3ria da cidade. Est\u00e1 sendo muito bom realizar o Festival neste novo local. A pra\u00e7a Coronel Carneiro, onde fica a Casa da Cultura e o Col\u00e9gio Nossa Senhora, possui muita sombra, devido \u00e0s \u00e1rvores no entorno, o que permitir\u00e1 receber bem o p\u00fablico que vier para passar o dia conosco, afinal s\u00e3o 12 horas de m\u00fasica, come\u00e7ando as dez da manh\u00e3,\u201d ressalta Marcelo Mamede, coordenador do evento.<\/p>\n\n\n\n<p id=\"viewer-1da70\">Outra novidade desta edi\u00e7\u00e3o s\u00e3o as tr\u00eas atra\u00e7\u00f5es que tem como refer\u00eancia as bandas de marcha de Nova Orleans e se apresentar\u00e3o em meio ao p\u00fablico. O que n\u00e3o muda \u00e9 a pontualidade.<\/p>\n\n\n\n<p id=\"viewer-fu8i0\">De acordo com Marco T\u00falio Morais, diretor de Programa\u00e7\u00e3o, as apresenta\u00e7\u00f5es come\u00e7ar\u00e3o pontualmente no hor\u00e1rio marcado, mantendo a tradi\u00e7\u00e3o do festival, que \u00e9 uma forma de mostrar respeito tanto com os m\u00fasicos, como com o p\u00fablico.<\/p>\n\n\n\n<p id=\"viewer-4tja5\"><strong>Vila gastron\u00f4mica e espa\u00e7o para expositores<\/strong><\/p>\n\n\n\n<p id=\"viewer-876i2\">O Festival ter\u00e1 uma vila gastron\u00f4mica com diversas op\u00e7\u00f5es de alimenta\u00e7\u00e3o e bebidas preparadas pelos parceiros: Altamira Sushi, Bali Burguer, Rafael Franz, Senhor Pastel, Cervejarias Benedith e Uberbrau, Grand Cru e Zim Destilaria. \u201cS\u00e3o diversas op\u00e7\u00f5es que v\u00e3o desde comida japonesa, sandu\u00edches artesanais, al\u00e9m de chopes, vinhos e gim. Nesta edi\u00e7\u00e3o vamos disponibilizar mesas e cadeiras para maior comodidade do p\u00fablico. Outra novidade \u00e9 o espa\u00e7o para expositores que contar\u00e1 com a Feira Vin\u00edlica, al\u00e9m de antiguidades e cer\u00e2mica\u201d, destaca Mamede.<\/p>\n\n\n\n<p id=\"viewer-9b233\"><strong>Comodidade e seguran\u00e7a<\/strong><\/p>\n\n\n\n<p id=\"viewer-ef6pi\">A estrutura ter\u00e1 banheiros qu\u00edmicos colocados em espa\u00e7o fechado com lavabo e cabines para cadeirantes, al\u00e9m de ambul\u00e2ncia, brigadistas, seguran\u00e7as e profissionais de limpeza.\u201cQueremos oferecer uma estrutura que permite ao p\u00fablico permanecer na Pra\u00e7a Coronel Carneiro durante todo o evento e n\u00e3o perder um minuto desse belo espet\u00e1culo, tendo uma experi\u00eancia \u00fanica, com tudo o que um evento de alta qualidade precisa ter para oportunizar lazer e cultura com seguran\u00e7a e bem-estar para todos\u201d, acrescenta Mamede.<\/p>\n\n\n\n<p id=\"viewer-3677q\"><strong>Fundinho Festival<\/strong><\/p>\n\n\n\n<p id=\"viewer-8fibs\">O Fundinho Festival \u00e9 reconhecido por sua alta qualidade de estrutura e programa\u00e7\u00e3o musical gratuita e est\u00e1 entre os maiores festivais de Jazz e Blues do interior brasileiro. O evento gratuito agrada a todos os gostos, demonstrando a pluralidade destes dois g\u00eaneros musicais e fecha as comemora\u00e7\u00f5es do centen\u00e1rio da Casa da Cultura e do anivers\u00e1rio de 134 anos de Uberl\u00e2ndia.<\/p>\n\n\n\n<p id=\"viewer-4jl23\">Al\u00e9m de valorizar o bairro Fundinho e projetar a cidade de Uberl\u00e2ndia no cen\u00e1rio nacional, a cada edi\u00e7\u00e3o, o Festival apresenta novidades para que o p\u00fablico possa curtir uma boa m\u00fasica, com muito conforto e seguran\u00e7a.<\/p>\n\n\n\n<p id=\"viewer-8k4pi\">O Festival conta tamb\u00e9m com o patroc\u00ednio da Flamboyant e das Cervejarias Benedith e Uberbrau, com apoio do Gabarito Sistema de Ensino e tem realiza\u00e7\u00e3o da Moinho Cultural e Aproxima Patroc\u00ednios e Incentivos.<\/p>\n\n\n\n<p id=\"viewer-dt8tg\"><strong>Programa\u00e7\u00e3o:<\/strong><\/p>\n\n\n\n<p id=\"viewer-7nhsp\">10h \u2013 merece uma agulha (Uberl\u00e2ndia &#8211; MG)<\/p>\n\n\n\n<p id=\"viewer-9h4qq\">12h \u2013 Uberland Street Band (Uberl\u00e2ndia &#8211; MG)<\/p>\n\n\n\n<p id=\"viewer-akn1u\">13h \u2013 B\u00caJAZZ STREET BAND (Arax\u00e1 &#8211; MG)<\/p>\n\n\n\n<p id=\"viewer-2ko3u\">14h \u2013 Mississippi Devils (Ribeir\u00e3o Preto &#8211; SP)<\/p>\n\n\n\n<p id=\"viewer-2n7bd\">15h30 \u2013 Manga Rosa Quarteto (Arax\u00e1 &#8211; MG)<\/p>\n\n\n\n<p id=\"viewer-6itrk\">17h \u2013 Stonehenge Blues (Uberl\u00e2ndia &#8211; MG)<\/p>\n\n\n\n<p id=\"viewer-gvl6\">18h30 \u2013 Du Rompa Hammond Trio (Piracicaba &#8211; SP)<\/p>\n\n\n\n<p id=\"viewer-apudv\">20h30 \u2013 Victor Biglione (Rio de Janeiro &#8211; RJ)<\/p>\n\n\n\n<p id=\"viewer-2hu3g\"><strong>Servi\u00e7o:<\/strong> Fundinho Festival 3 de setembro \u2013 s\u00e1bado, das 10h \u00e0s 22h Pra\u00e7a Coronel Carneiro &#8211; Gratuito &#8211; Indica\u00e7\u00e3o livre Saiba mais sobre o evento: <a target=\"_blank\" href=\"http:\/\/www.fundinhofestival.com.br\/\" rel=\"noreferrer noopener\">www.fundinhofestival.com.br<\/a> instagram.com\/fundinhofestival facebook.com\/fundinhofestival<\/p>\n","protected":false},"excerpt":{"rendered":"<p>Evento, que celebra o centen\u00e1rio da Casa da Cultura de Uberl\u00e2ndia, apresenta atra\u00e7\u00f5es in\u00e9ditas e gratuitas neste s\u00e1bado O Fundinho Festival, que acontece neste s\u00e1bado, 3 de setembro, vai apresentar<\/p>\n","protected":false},"author":1,"featured_media":6228,"comment_status":"open","ping_status":"open","sticky":false,"template":"","format":"standard","meta":{"footnotes":""},"categories":[1],"tags":[],"class_list":["post-6227","post","type-post","status-publish","format-standard","has-post-thumbnail","hentry","category-noticias"],"_links":{"self":[{"href":"https:\/\/revistahubclub.com.br\/portal\/wp-json\/wp\/v2\/posts\/6227","targetHints":{"allow":["GET"]}}],"collection":[{"href":"https:\/\/revistahubclub.com.br\/portal\/wp-json\/wp\/v2\/posts"}],"about":[{"href":"https:\/\/revistahubclub.com.br\/portal\/wp-json\/wp\/v2\/types\/post"}],"author":[{"embeddable":true,"href":"https:\/\/revistahubclub.com.br\/portal\/wp-json\/wp\/v2\/users\/1"}],"replies":[{"embeddable":true,"href":"https:\/\/revistahubclub.com.br\/portal\/wp-json\/wp\/v2\/comments?post=6227"}],"version-history":[{"count":1,"href":"https:\/\/revistahubclub.com.br\/portal\/wp-json\/wp\/v2\/posts\/6227\/revisions"}],"predecessor-version":[{"id":6229,"href":"https:\/\/revistahubclub.com.br\/portal\/wp-json\/wp\/v2\/posts\/6227\/revisions\/6229"}],"wp:featuredmedia":[{"embeddable":true,"href":"https:\/\/revistahubclub.com.br\/portal\/wp-json\/wp\/v2\/media\/6228"}],"wp:attachment":[{"href":"https:\/\/revistahubclub.com.br\/portal\/wp-json\/wp\/v2\/media?parent=6227"}],"wp:term":[{"taxonomy":"category","embeddable":true,"href":"https:\/\/revistahubclub.com.br\/portal\/wp-json\/wp\/v2\/categories?post=6227"},{"taxonomy":"post_tag","embeddable":true,"href":"https:\/\/revistahubclub.com.br\/portal\/wp-json\/wp\/v2\/tags?post=6227"}],"curies":[{"name":"wp","href":"https:\/\/api.w.org\/{rel}","templated":true}]}}