{"id":6233,"date":"2022-09-01T11:25:00","date_gmt":"2022-09-01T14:25:00","guid":{"rendered":"https:\/\/revistahubclub.com.br\/portal\/?p=6233"},"modified":"2024-12-19T11:26:21","modified_gmt":"2024-12-19T14:26:21","slug":"tbt-do-celinho-antonia-nunes-e-wanderly-freezza-falam-de-eventos-no-programa-no-meio-da-midia","status":"publish","type":"post","link":"https:\/\/revistahubclub.com.br\/portal\/2022\/09\/01\/tbt-do-celinho-antonia-nunes-e-wanderly-freezza-falam-de-eventos-no-programa-no-meio-da-midia\/","title":{"rendered":"#TBT do Celinho: Antonia Nunes e Wanderly Freezza falam de eventos no programa No Meio da M\u00eddia"},"content":{"rendered":"\n<p id=\"viewer-foo\"><em>O universo dos profissionais ligados \u00e0 realiza\u00e7\u00e3o de eventos foi tema de programa apresentado por C\u00e9lio Cardoso e Daniel Labanca com coment\u00e1rios de <\/em>Renato Bontempo<em>; veja v\u00eddeos com trechos.<\/em><\/p>\n\n\n\n<p id=\"viewer-9m4ch\">( <em>Foto &#8211; \u00c0 esquerda Antonia Nunes e ao lado Wanderly Frezza <\/em>)<\/p>\n\n\n\n<p id=\"viewer-d1og3\">Chegou a quinta-feira e, com ela, mais um <a href=\"https:\/\/www.hubceliocardoso.com.br\/noticias\/hashtags\/TBT\">#TBT<\/a> com lembran\u00e7as do programa &#8220;No Meio da M\u00eddia&#8221;. Desta vez, a gente mostra v\u00eddeos da Temporada 2012, do programa 7.<\/p>\n\n\n\n<p id=\"viewer-d6ret\">Os entrevistados de Daniel Labanca e C\u00e9lio Cardoso foram Antonia Nunes e Wanderly Frezza, ambos s\u00e3o respons\u00e1veis pela realiza\u00e7\u00e3o de v\u00e1rios estilos de eventos em Uberl\u00e2ndia e este foi o tema do bate-papo ocorrido h\u00e1 10 anos. Os coment\u00e1rios ficaram ao cargo de Renato Bontempo, com sua pitada pontual de humor e &#8220;reflex\u00e3o&#8221;. <em>Veja os v\u00eddeos abaixo com trechos que exploram se existe f\u00f3rmula para um evento de sucesso, o que \u00e9 preciso para chamar a aten\u00e7\u00e3o de um poss\u00edvel patrocinador e como dar satisfa\u00e7\u00e3o pro contratante, al\u00e9m da import\u00e2ncia e diferencial de se contratar um profissional para realizar eventos !<\/em><\/p>\n\n\n\n<figure class=\"wp-block-image\"><img decoding=\"async\" src=\"https:\/\/static.wixstatic.com\/media\/cf07ad_e248c0e0e8424254b81828970d2d5241~mv2.jpg\/v1\/fill\/w_495,h_267,al_c,q_80,usm_0.66_1.00_0.01,enc_auto\/cf07ad_e248c0e0e8424254b81828970d2d5241~mv2.jpg\" alt=\"\"\/><\/figure>\n\n\n\n<p id=\"viewer-9a3t8\">(<em>Foto &#8211; \u00c0 esquerda Labanca e ao lado Celinho <\/em>)<\/p>\n\n\n\n<p id=\"viewer-5fbs6\"><strong>Existe uma f\u00f3rmula para atrair muita gente para os eventos?<\/strong><\/p>\n\n\n\n<p id=\"viewer-dtjn6\"><strong>No v\u00eddeo abaixo voc\u00ea vai conferir o que \u00e9 importante mostrar para os patrocinadores de eventos e tamb\u00e9m saber qual o diferencial de se contratar um profissional para a realiza\u00e7\u00e3o de eventos!<\/strong><\/p>\n\n\n\n<figure class=\"wp-block-image\"><img decoding=\"async\" src=\"https:\/\/static.wixstatic.com\/media\/cf07ad_c74b725b25b249b7a2707f593253b8f7~mv2.jpg\/v1\/fill\/w_305,h_246,al_c,q_80,usm_0.66_1.00_0.01,enc_auto\/cf07ad_c74b725b25b249b7a2707f593253b8f7~mv2.jpg\" alt=\"\"\/><\/figure>\n\n\n\n<p id=\"viewer-1e2vr\"><strong>Leia tamb\u00e9m:<\/strong><\/p>\n\n\n\n<ul class=\"wp-block-list\">\n<li><a href=\"https:\/\/www.hubceliocardoso.com.br\/post\/tbt-do-celinho-programa-no-meio-da-m%C3%ADdia-mostra-universo-da-tv-com-alex-garrido-e-fernando-prado\" target=\"_blank\" rel=\"noreferrer noopener\"><u>#TBT do Celinho: programa No Meio da M\u00eddia mostra universo da TV com Alex Garrido e Fernando Prado<\/u><\/a><\/li>\n\n\n\n<li><a href=\"https:\/\/www.hubceliocardoso.com.br\/post\/1%C2%BA-tbt-do-celinho-estreia-com-novidades-veja-v%C3%ADdeo-do-programa-no-meio-da-m%C3%ADdia-que-anuncia-volta\" target=\"_blank\" rel=\"noreferrer noopener\"><u>1\u00ba #TBT do Celinho estreia com novidades: veja v\u00eddeo do programa No Meio da M\u00eddia, que anuncia volta<\/u><\/a><a href=\"https:\/\/www.hubceliocardoso.com.br\/post\/1%C2%BA-tbt-do-celinho-estreia-com-novidades-veja-v%C3%ADdeo-do-programa-no-meio-da-m%C3%ADdia-que-anuncia-volta\" target=\"_blank\" rel=\"noreferrer noopener\"><\/a><\/li>\n<\/ul>\n\n\n\n<p id=\"viewer-dkqog\"><em>(Na foto: Renato Bontempo )<\/em><\/p>\n","protected":false},"excerpt":{"rendered":"<p>O universo dos profissionais ligados \u00e0 realiza\u00e7\u00e3o de eventos foi tema de programa apresentado por C\u00e9lio Cardoso e Daniel Labanca com coment\u00e1rios de Renato Bontempo; veja v\u00eddeos com trechos. (<\/p>\n","protected":false},"author":1,"featured_media":6234,"comment_status":"open","ping_status":"open","sticky":false,"template":"","format":"standard","meta":{"footnotes":""},"categories":[1],"tags":[],"class_list":["post-6233","post","type-post","status-publish","format-standard","has-post-thumbnail","hentry","category-noticias"],"_links":{"self":[{"href":"https:\/\/revistahubclub.com.br\/portal\/wp-json\/wp\/v2\/posts\/6233","targetHints":{"allow":["GET"]}}],"collection":[{"href":"https:\/\/revistahubclub.com.br\/portal\/wp-json\/wp\/v2\/posts"}],"about":[{"href":"https:\/\/revistahubclub.com.br\/portal\/wp-json\/wp\/v2\/types\/post"}],"author":[{"embeddable":true,"href":"https:\/\/revistahubclub.com.br\/portal\/wp-json\/wp\/v2\/users\/1"}],"replies":[{"embeddable":true,"href":"https:\/\/revistahubclub.com.br\/portal\/wp-json\/wp\/v2\/comments?post=6233"}],"version-history":[{"count":1,"href":"https:\/\/revistahubclub.com.br\/portal\/wp-json\/wp\/v2\/posts\/6233\/revisions"}],"predecessor-version":[{"id":6235,"href":"https:\/\/revistahubclub.com.br\/portal\/wp-json\/wp\/v2\/posts\/6233\/revisions\/6235"}],"wp:featuredmedia":[{"embeddable":true,"href":"https:\/\/revistahubclub.com.br\/portal\/wp-json\/wp\/v2\/media\/6234"}],"wp:attachment":[{"href":"https:\/\/revistahubclub.com.br\/portal\/wp-json\/wp\/v2\/media?parent=6233"}],"wp:term":[{"taxonomy":"category","embeddable":true,"href":"https:\/\/revistahubclub.com.br\/portal\/wp-json\/wp\/v2\/categories?post=6233"},{"taxonomy":"post_tag","embeddable":true,"href":"https:\/\/revistahubclub.com.br\/portal\/wp-json\/wp\/v2\/tags?post=6233"}],"curies":[{"name":"wp","href":"https:\/\/api.w.org\/{rel}","templated":true}]}}