{"id":6236,"date":"2022-09-01T11:26:00","date_gmt":"2022-09-01T14:26:00","guid":{"rendered":"https:\/\/revistahubclub.com.br\/portal\/?p=6236"},"modified":"2024-12-19T11:26:48","modified_gmt":"2024-12-19T14:26:48","slug":"muito-alem-do-que-se-ve-a-arquitetura-e-o-design-do-ambiente-sao-o-ambito-fisico-da-vida-humana","status":"publish","type":"post","link":"https:\/\/revistahubclub.com.br\/portal\/2022\/09\/01\/muito-alem-do-que-se-ve-a-arquitetura-e-o-design-do-ambiente-sao-o-ambito-fisico-da-vida-humana\/","title":{"rendered":"Muito al\u00e9m do que se v\u00ea: \u201cA arquitetura e o design do ambiente s\u00e3o o \u00e2mbito f\u00edsico da vida humana\u201d"},"content":{"rendered":"\n<p id=\"viewer-foo\">Por Francianne Moraes<\/p>\n\n\n\n<p id=\"viewer-fbj8c\">Fotos Divulga\u00e7\u00e3o<\/p>\n\n\n\n<p id=\"viewer-727f5\">Muitas pessoas passam grande parte do tempo vivendo em ambientes fechados, e ali produzem, relacionam-se, interagem umas com as outras, e por isso \u00e9 mais do que necess\u00e1rio que eles sejam bem pensados e adaptados de forma que atendam \u00e0s necessidades de quem ali est\u00e1. Mas, muito mais do que \u2018construir\u2019 espa\u00e7os, \u00e9 importante levar em considera\u00e7\u00e3o que estes s\u00e3o capazes de produzir emo\u00e7\u00f5es.<\/p>\n\n\n\n<p id=\"viewer-70nod\">Nem sempre ambientes agrad\u00e1veis aos olhos s\u00e3o necessariamente capazes de gerar determinados tipos de sensa\u00e7\u00f5es por n\u00e3o se pensar dentro da perspectiva da psicologia do ambiente.<\/p>\n\n\n\n<p id=\"viewer-cvctm\">Condi\u00e7\u00f5es de ilumina\u00e7\u00e3o, materiais, texturas, cores, paisagismo, adornos, mobili\u00e1rio s\u00e3o caracter\u00edsticas espaciais que emitem informa\u00e7\u00f5es para nossos sentidos, afetando a maneira como nos relacionamos com o espa\u00e7o. Ent\u00e3o, o mais importante \u00e9 saber o que quero sentir naquele ambiente, quais sensa\u00e7\u00f5es desejo que as pessoas que ali convivem tenham, como posso model\u00e1-lo de forma que alcancem o humor e as emo\u00e7\u00f5es positivamente, e assim promovam maior qualidade de vida aos seus usu\u00e1rios.<\/p>\n\n\n\n<p id=\"viewer-flvtn\">\u00c9 nossa responsabilidade como arquitetos e designers buscar solu\u00e7\u00f5es que promovam o bem-estar destes, n\u00e3o apenas f\u00edsico, mas tamb\u00e9m mental. Podemos dizer, portanto, que a \u2018arquitetura e o design do ambiente s\u00e3o o \u00e2mbito f\u00edsico da vida humana\u2019.<\/p>\n\n\n\n<figure class=\"wp-block-image\"><img decoding=\"async\" src=\"https:\/\/static.wixstatic.com\/media\/cf07ad_8a0dd322f6084fccbd09564e2b5828a0~mv2.jpg\/v1\/fill\/w_264,h_200,al_c,q_80,usm_0.66_1.00_0.01,enc_auto\/cf07ad_8a0dd322f6084fccbd09564e2b5828a0~mv2.jpg\" alt=\"\"\/><\/figure>\n\n\n\n<p id=\"viewer-bfgt\">Ali as caracter\u00edsticas ambientais podem n\u00e3o serem vistas ou apreendidas pelos nossos sentidos, mas s\u00e3o respons\u00e1veis por influenciar nosso comportamento e humor. Fazer arquitetura n\u00e3o deve ser um movimento meramente construtivo, mas deve considerar o que \u00e9 realmente importante para a vida das pessoas, quais s\u00e3o suas necessidades e de que forma aquele ambiente pode afetar suas vidas.<\/p>\n\n\n\n<p id=\"viewer-2d0mu\">E foi justamente considerando tudo isso, que ao pensar e criar o projeto da nossa imobili\u00e1ria LMoraes Im\u00f3veis de Oportunidade, minha principal preocupa\u00e7\u00e3o era: o que nosso cliente vai sentir ao entrar ali, como a identidade da empresa (considerando princ\u00edpios, valores e ramo de atua\u00e7\u00e3o) ser\u00e1 traduzida neste espa\u00e7o e como o ambiente pode motivar nossa equipe diariamente a ajudar seu cliente na concretiza\u00e7\u00e3o do seu sonho. Tenho muita alegria ao ver que nosso espa\u00e7o tem correspondido nossas expectativas no que tange \u00e0s emo\u00e7\u00f5es, e que surpreendentemente tem atra\u00eddo amigos, parceiros e clientes de uma forma t\u00e3o positiva. Afinal, al\u00e9m de toda beleza est\u00e9tica, o sonho e o bem-estar est\u00e3o muito al\u00e9m do que se v\u00ea.<\/p>\n\n\n\n<figure class=\"wp-block-image\"><img decoding=\"async\" src=\"https:\/\/static.wixstatic.com\/media\/cf07ad_b91ff55f161c43eeb7d567019551b586~mv2.jpg\/v1\/fill\/w_73,h_70,al_c,q_80,usm_0.66_1.00_0.01,enc_auto\/cf07ad_b91ff55f161c43eeb7d567019551b586~mv2.jpg\" alt=\"\"\/><\/figure>\n\n\n\n<p id=\"viewer-i01r\"><em>Francianne Moraes \u00e9 psic\u00f3loga comportamental,<\/em><\/p>\n\n\n\n<p id=\"viewer-58dj9\"><em>especialista em Gest\u00e3o Estrat\u00e9gica de Pessoas<\/em><\/p>\n\n\n\n<p id=\"viewer-fhk16\"><em>e Design de Interiores.<\/em><\/p>\n","protected":false},"excerpt":{"rendered":"<p>Por Francianne Moraes Fotos Divulga\u00e7\u00e3o Muitas pessoas passam grande parte do tempo vivendo em ambientes fechados, e ali produzem, relacionam-se, interagem umas com as outras, e por isso \u00e9 mais<\/p>\n","protected":false},"author":1,"featured_media":6237,"comment_status":"open","ping_status":"open","sticky":false,"template":"","format":"standard","meta":{"footnotes":""},"categories":[1],"tags":[],"class_list":["post-6236","post","type-post","status-publish","format-standard","has-post-thumbnail","hentry","category-noticias"],"_links":{"self":[{"href":"https:\/\/revistahubclub.com.br\/portal\/wp-json\/wp\/v2\/posts\/6236","targetHints":{"allow":["GET"]}}],"collection":[{"href":"https:\/\/revistahubclub.com.br\/portal\/wp-json\/wp\/v2\/posts"}],"about":[{"href":"https:\/\/revistahubclub.com.br\/portal\/wp-json\/wp\/v2\/types\/post"}],"author":[{"embeddable":true,"href":"https:\/\/revistahubclub.com.br\/portal\/wp-json\/wp\/v2\/users\/1"}],"replies":[{"embeddable":true,"href":"https:\/\/revistahubclub.com.br\/portal\/wp-json\/wp\/v2\/comments?post=6236"}],"version-history":[{"count":1,"href":"https:\/\/revistahubclub.com.br\/portal\/wp-json\/wp\/v2\/posts\/6236\/revisions"}],"predecessor-version":[{"id":6238,"href":"https:\/\/revistahubclub.com.br\/portal\/wp-json\/wp\/v2\/posts\/6236\/revisions\/6238"}],"wp:featuredmedia":[{"embeddable":true,"href":"https:\/\/revistahubclub.com.br\/portal\/wp-json\/wp\/v2\/media\/6237"}],"wp:attachment":[{"href":"https:\/\/revistahubclub.com.br\/portal\/wp-json\/wp\/v2\/media?parent=6236"}],"wp:term":[{"taxonomy":"category","embeddable":true,"href":"https:\/\/revistahubclub.com.br\/portal\/wp-json\/wp\/v2\/categories?post=6236"},{"taxonomy":"post_tag","embeddable":true,"href":"https:\/\/revistahubclub.com.br\/portal\/wp-json\/wp\/v2\/tags?post=6236"}],"curies":[{"name":"wp","href":"https:\/\/api.w.org\/{rel}","templated":true}]}}