{"id":624,"date":"2024-09-23T16:30:57","date_gmt":"2024-09-23T19:30:57","guid":{"rendered":"https:\/\/revistahubclub.com.br\/portal\/?p=624"},"modified":"2024-12-11T16:31:31","modified_gmt":"2024-12-11T19:31:31","slug":"governo-de-minas-lanca-rota-do-vinho-para-impulsionar-turismo","status":"publish","type":"post","link":"https:\/\/revistahubclub.com.br\/portal\/2024\/09\/23\/governo-de-minas-lanca-rota-do-vinho-para-impulsionar-turismo\/","title":{"rendered":"Governo de Minas lan\u00e7a Rota do Vinho para impulsionar turismo"},"content":{"rendered":"\n<p id=\"viewer-foo\">Setor, que est\u00e1 em crescimento em todo o pa\u00eds, ser\u00e1 potencializado no Estado para atrair mais visitantes<\/p>\n\n\n\n<p id=\"viewer-zi2811735\"><strong><em>Da reda\u00e7\u00e3o | Fotos Divulga\u00e7\u00e3o<\/em><\/strong><\/p>\n\n\n\n<p id=\"viewer-h98oi2012\">O Governo de Minas assinou, recentemente, protocolo de inten\u00e7\u00f5es com importantes parceiros que v\u00e3o atuar na estrutura\u00e7\u00e3o e cria\u00e7\u00e3o da Rota dos Vinhos. A iniciativa visa impulsionar a expans\u00e3o do setor de vinicultura, que contempla a produ\u00e7\u00e3o de vinhos, e a vitivinicultura, para o produtor que tamb\u00e9m produz uvas in natura al\u00e9m da bebida. Desta forma, o enoturismo \u2013 turismo voltado ao consumo e aprecia\u00e7\u00e3o de vinhos \u2013 passar\u00e1 a ser o foco de uma pol\u00edtica p\u00fablica para atrair visitantes e investimentos, al\u00e9m de gerar emprego e renda.<\/p>\n\n\n\n<p id=\"viewer-vccfz1749\">A expectativa \u00e9 a de que a Rota dos Vinhos, uma vez concretizada, contribua ainda mais para a visibilidade e atra\u00e7\u00e3o de turistas interessados na cultura vin\u00edcola de Minas Gerais.<\/p>\n\n\n\n<p id=\"viewer-rmz9m1755\"><strong>Potencial<\/strong><\/p>\n\n\n\n<p id=\"viewer-5jwoy1772\">Para o governador Romeu Zema, a vinicultura vem passando por um crescimento exponencial e isso signifi ca um crescimento a longo prazo enorme. \u201cQueremos aproveitar todo o potencial que a cultura da uva e a produ\u00e7\u00e3o de vinho t\u00eam para despertar o interesse das pessoas. O Brasil ainda \u00e9 um pa\u00eds que consome pouco vinho, mas com o aumento da renda, esse produto \u00e9 cada vez mais consumido, gerando interesse crescente\u201d, frisou o governador de Minas.<\/p>\n\n\n\n<p id=\"viewer-bcrcy1788\"><strong>Protocolo<\/strong><\/p>\n\n\n\n<p id=\"viewer-uw9hw1798\">A ideia \u00e9 que a iniciativa da Rota dos Vinhos contemple oito regi\u00f5es: Zona da Mata, Tri\u00e2ngulo Mineiro, Sul\/ Sudoeste, Oeste, Norte, Metropolitana, Jequitinhonha, Central e Campo das Vertentes. De acordo com o secret\u00e1rio de Estado de Cultura e Turismo, Le\u00f4nidas de Oliveira, a Rota ser\u00e1 uma oportunidade \u00fanica para fortalecer a identidade cultural de Minas Gerais, aliando tradi\u00e7\u00e3o e inova\u00e7\u00e3o. \u201cEssa iniciativa n\u00e3o apenas valoriza a produ\u00e7\u00e3o vin\u00edcola local, mas tamb\u00e9m criar\u00e1 uma nova rota tur\u00edstica que atrair\u00e1 visitantes e promover\u00e1 a riqueza cultural das regi\u00f5es produtoras. Estamos construindo uma experi\u00eancia enotur\u00edstica que gera desenvolvimento econ\u00f4mico, preserva o patrim\u00f4nio e refor\u00e7a o orgulho mineiro. \u00c9 um passo decisivo para consolidar Minas Gerais como um destino de refer\u00eancia no enoturismo brasileiro\u201d, concluiu o secret\u00e1rio.<\/p>\n\n\n\n<p id=\"viewer-gu2xy1816\"><strong>Setor em crescimento<\/strong><\/p>\n\n\n\n<p id=\"viewer-yx5in1846\">A iniciativa se baseia na crescente popularidade do enoturismo no Brasil. De acordo com o Sebrae, 85% das vin\u00edcolas nacionais t\u00eam investido na atividade, acompanhando um aumento anual de at\u00e9 15% no n\u00famero de visitantes interessados na cultura do vinho, conforme dados da Uni\u00e3o Brasileira de Vitivinicultura (Uvibra).<\/p>\n\n\n\n<p id=\"viewer-q2rkh1935\">Para o porta-voz da Associa\u00e7\u00e3o dos Produtores de Uva e Vinho de Minas Gerais, Alexandre Damasceno, a uva e o vinho t\u00eam capacidade de motivar as pessoas a viajar em busca de experi\u00eancias que tamb\u00e9m envolvem hotelaria, gastronomia, turismo de natureza, artesanato e o interesse pela cultura e tradi\u00e7\u00f5es locais.<\/p>\n\n\n\n<p id=\"viewer-jg6741906\">\u201cOs vinhedos harmonizam-se de forma \u00fanica com o cen\u00e1rio natural, transformando suas paisagens em atra\u00e7\u00f5es tur\u00edsticas \u2018instagram\u00e1veis\u2019, que encantam visitantes de todas as partes. Eles v\u00eam para conhecer a produ\u00e7\u00e3o do vinho e, assim, impulsionam um turismo de qualidade\u201d, ressaltou.<\/p>\n\n\n\n<p id=\"viewer-792hv1921\">Damasceno constatou que \u201ca partir do vinho, as pessoas podem vivenciar de perto a simplicidade dos vinicultores e a forma acolhedora com que os mineiros recebem seus visitantes, que podem conhecer nossa alegria, e sentir nossa energia e explorar nossas belas paisagens, gastronomia, tradi\u00e7\u00f5es e nossa rica hist\u00f3ria de liberdade e luta\u201d.<\/p>\n\n\n\n<p id=\"viewer-fi0om1881\"><strong>Produ\u00e7\u00e3o de vinhos<\/strong><\/p>\n\n\n\n<p id=\"viewer-k0m8w1955\">Minas Gerais registra cerca de 100 produtores de vinhos atualmente. Em 2020 eram cerca de 50 produtores, o que indica o r\u00e1pido avan\u00e7o da cultura. A estimativa \u00e9 de que o mercado movimente R$ 120 milh\u00f5es por ano.<\/p>\n\n\n\n<p id=\"viewer-u0n671988\">Atualmente, est\u00e3o registrados mais de mil hectares de vinhedos conduzidos com a t\u00e9cnica da dupla poda, o que permite colheita em diferentes \u00e9pocas do ano. Al\u00e9m disso, h\u00e1 uma estimativa de aumentar mais 250 hectares por ano.<\/p>\n\n\n\n<p id=\"viewer-etxvm2007\">A produ\u00e7\u00e3o estimada, quando toda a \u00e1rea plantada estiver em produ\u00e7\u00e3o, \u00e9 de 4 mil toneladas de uvas e 2,4 milh\u00f5es de litros de vinho.<\/p>\n","protected":false},"excerpt":{"rendered":"<p>Setor, que est\u00e1 em crescimento em todo o pa\u00eds, ser\u00e1 potencializado no Estado para atrair mais visitantes Da reda\u00e7\u00e3o | Fotos Divulga\u00e7\u00e3o O Governo de Minas assinou, recentemente, protocolo de<\/p>\n","protected":false},"author":1,"featured_media":625,"comment_status":"open","ping_status":"open","sticky":false,"template":"","format":"standard","meta":{"footnotes":""},"categories":[1],"tags":[],"class_list":["post-624","post","type-post","status-publish","format-standard","has-post-thumbnail","hentry","category-noticias"],"_links":{"self":[{"href":"https:\/\/revistahubclub.com.br\/portal\/wp-json\/wp\/v2\/posts\/624","targetHints":{"allow":["GET"]}}],"collection":[{"href":"https:\/\/revistahubclub.com.br\/portal\/wp-json\/wp\/v2\/posts"}],"about":[{"href":"https:\/\/revistahubclub.com.br\/portal\/wp-json\/wp\/v2\/types\/post"}],"author":[{"embeddable":true,"href":"https:\/\/revistahubclub.com.br\/portal\/wp-json\/wp\/v2\/users\/1"}],"replies":[{"embeddable":true,"href":"https:\/\/revistahubclub.com.br\/portal\/wp-json\/wp\/v2\/comments?post=624"}],"version-history":[{"count":1,"href":"https:\/\/revistahubclub.com.br\/portal\/wp-json\/wp\/v2\/posts\/624\/revisions"}],"predecessor-version":[{"id":626,"href":"https:\/\/revistahubclub.com.br\/portal\/wp-json\/wp\/v2\/posts\/624\/revisions\/626"}],"wp:featuredmedia":[{"embeddable":true,"href":"https:\/\/revistahubclub.com.br\/portal\/wp-json\/wp\/v2\/media\/625"}],"wp:attachment":[{"href":"https:\/\/revistahubclub.com.br\/portal\/wp-json\/wp\/v2\/media?parent=624"}],"wp:term":[{"taxonomy":"category","embeddable":true,"href":"https:\/\/revistahubclub.com.br\/portal\/wp-json\/wp\/v2\/categories?post=624"},{"taxonomy":"post_tag","embeddable":true,"href":"https:\/\/revistahubclub.com.br\/portal\/wp-json\/wp\/v2\/tags?post=624"}],"curies":[{"name":"wp","href":"https:\/\/api.w.org\/{rel}","templated":true}]}}