{"id":6242,"date":"2022-08-30T11:27:00","date_gmt":"2022-08-30T14:27:00","guid":{"rendered":"https:\/\/revistahubclub.com.br\/portal\/?p=6242"},"modified":"2024-12-19T11:27:34","modified_gmt":"2024-12-19T14:27:34","slug":"brasal-incorporacoes-reune-mais-de-200-profissionais-do-mercado-imobiliario-para-meeting-do-iris","status":"publish","type":"post","link":"https:\/\/revistahubclub.com.br\/portal\/2022\/08\/30\/brasal-incorporacoes-reune-mais-de-200-profissionais-do-mercado-imobiliario-para-meeting-do-iris\/","title":{"rendered":"Brasal Incorpora\u00e7\u00f5es re\u00fane mais de 200 profissionais do mercado imobili\u00e1rio para meeting do \u00cdris"},"content":{"rendered":"\n<p id=\"viewer-7gm19\">Na \u00faltima quinta-feira (25\/08), a Brasal Incorpora\u00e7\u00f5es recebeu no Hotel Grand Executive, 220 corretores e convidados da Incorporadora para o meeting de lan\u00e7amento do \u00cdris Brasal, que ser\u00e1 constru\u00eddo ao lado do Chess, na regi\u00e3o Sul de Uberl\u00e2ndia.<\/p>\n\n\n\n<p id=\"viewer-a36d9\">O conceito do \u00cdris Brasal e a campanha de vendas foram apresentados pelo diretor regional da Brasal, Sebasti\u00e3o Longuinho; a gerente comercial, Paula Melo; a coordenadora de Projetos, Andressa Pereira; a coordenadora de Marketing, Gabriela Zago e Henrique Dami\u00e3o, da Ag\u00eancia de Publicidade Sic.<\/p>\n\n\n\n<p id=\"viewer-3bfsv\">O diretor regional da Brasal Incorpora\u00e7\u00f5es, Sebasti\u00e3o Longuinho, disse que as vendas j\u00e1 come\u00e7aram e o produto foi muito bem aceito. &#8220;J\u00e1 estamos com 20% vendido. Estamos muito felizes com o resultado. O \u00cdris Brasal, que ser\u00e1 constru\u00eddo no bairro Jardim Sul, \u00e9 o nosso sexto empreendimento na cidade e acreditamos que estamos sendo bem-sucedidos pela confian\u00e7a conquistada e a qualidade Brasal entregue \u00e0 altura que Uberl\u00e2ndia merece&#8221;, afirma.<\/p>\n\n\n\n<p id=\"viewer-8pu7v\">Sobre o \u00cdris Brasal<\/p>\n\n\n\n<p id=\"viewer-k6lr\">O \u00cdris Brasal ser\u00e1 um empreendimento torre \u00fanica, com 70 unidades distribu\u00eddas em 21 pavimentos. A torre \u00e9 constitu\u00edda de apartamentos com tr\u00eas plantas diferentes, sendo Apto Tipo Garden com 196m\u00b2, Apto Tipo com 147m\u00b2 e Coberturas Lineares com 304m\u00b2.<\/p>\n\n\n\n<p id=\"viewer-dk1s7\">O empreendimento traz uma completa infraestrutura de entretenimento para toda a fam\u00edlia: sal\u00e3o de festas, snack point, cinema, sal\u00e3o de jogos, piscina adulto climatizada com raia com 25m, playground, espa\u00e7o kids, sauna\/descanso, espa\u00e7o gourmet, espa\u00e7o family com piscina privativa, vaga para carregamento el\u00e9trico, biciclet\u00e1rio, dentre outros.<\/p>\n\n\n\n<p id=\"viewer-66r7u\"><strong>Sobre a Brasal<\/strong><\/p>\n\n\n\n<p id=\"viewer-a9ta4\">Com o firme prop\u00f3sito de confiar nas pessoas e fazer o melhor para ser refer\u00eancia, a Brasal, que acaba de completar 59 anos, se destaca por sua excel\u00eancia em gest\u00e3o e certifica\u00e7\u00f5es recebidas por institui\u00e7\u00f5es nacionais e internacionais, por seus projetos arrojados e pelo elevado padr\u00e3o de qualidade de seus empreendimentos residenciais, comerciais e loteamentos. Prima por atender \u00e0s necessidades dos consumidores ao oferecer em cada empreendimento tecnologia, conforto, seguran\u00e7a e praticidade. A Brasal Incorpora\u00e7\u00f5es acumula quase um milh\u00e3o de metros quadrados constru\u00eddos em suas tr\u00eas filiais: Uberl\u00e2ndia, Goi\u00e2nia e Bras\u00edlia.<\/p>\n\n\n\n<p id=\"viewer-d8qh8\">Em Uberl\u00e2ndia, a Brasal chegou em 2015 com um lan\u00e7amento que rapidamente se tornou refer\u00eancia de qualidade: o Triad. Logo depois, o Sense confirmou a confian\u00e7a e a valoriza\u00e7\u00e3o dos im\u00f3veis Brasal. Dando continuidade ao que sabe fazer de melhor, inovar, trouxe o Arven, um empreendimento que marca a trajet\u00f3ria da Brasal na cidade. Outro lan\u00e7amento foi o DUO, concebido dessa inquietude que move a incorporadora a seguir em frente no seu prop\u00f3sito e o mais recente, Chess, uma inova\u00e7\u00e3o compacta, refinada e estrategicamente pensada, da metragem dos apartamentos \u00e0 localiza\u00e7\u00e3o, que inova trazendo Espa\u00e7o Mulher, Pet Place, Espa\u00e7o Pet, quadra de beach tennis, snack point e horta comunit\u00e1ria, entre outros atributos como ampla \u00e1rea de lazer, al\u00e9m de toda qualidade Brasal.<\/p>\n","protected":false},"excerpt":{"rendered":"<p>Na \u00faltima quinta-feira (25\/08), a Brasal Incorpora\u00e7\u00f5es recebeu no Hotel Grand Executive, 220 corretores e convidados da Incorporadora para o meeting de lan\u00e7amento do \u00cdris Brasal, que ser\u00e1 constru\u00eddo ao<\/p>\n","protected":false},"author":1,"featured_media":6243,"comment_status":"open","ping_status":"open","sticky":false,"template":"","format":"standard","meta":{"footnotes":""},"categories":[1],"tags":[],"class_list":["post-6242","post","type-post","status-publish","format-standard","has-post-thumbnail","hentry","category-noticias"],"_links":{"self":[{"href":"https:\/\/revistahubclub.com.br\/portal\/wp-json\/wp\/v2\/posts\/6242","targetHints":{"allow":["GET"]}}],"collection":[{"href":"https:\/\/revistahubclub.com.br\/portal\/wp-json\/wp\/v2\/posts"}],"about":[{"href":"https:\/\/revistahubclub.com.br\/portal\/wp-json\/wp\/v2\/types\/post"}],"author":[{"embeddable":true,"href":"https:\/\/revistahubclub.com.br\/portal\/wp-json\/wp\/v2\/users\/1"}],"replies":[{"embeddable":true,"href":"https:\/\/revistahubclub.com.br\/portal\/wp-json\/wp\/v2\/comments?post=6242"}],"version-history":[{"count":1,"href":"https:\/\/revistahubclub.com.br\/portal\/wp-json\/wp\/v2\/posts\/6242\/revisions"}],"predecessor-version":[{"id":6244,"href":"https:\/\/revistahubclub.com.br\/portal\/wp-json\/wp\/v2\/posts\/6242\/revisions\/6244"}],"wp:featuredmedia":[{"embeddable":true,"href":"https:\/\/revistahubclub.com.br\/portal\/wp-json\/wp\/v2\/media\/6243"}],"wp:attachment":[{"href":"https:\/\/revistahubclub.com.br\/portal\/wp-json\/wp\/v2\/media?parent=6242"}],"wp:term":[{"taxonomy":"category","embeddable":true,"href":"https:\/\/revistahubclub.com.br\/portal\/wp-json\/wp\/v2\/categories?post=6242"},{"taxonomy":"post_tag","embeddable":true,"href":"https:\/\/revistahubclub.com.br\/portal\/wp-json\/wp\/v2\/tags?post=6242"}],"curies":[{"name":"wp","href":"https:\/\/api.w.org\/{rel}","templated":true}]}}