{"id":643,"date":"2024-09-20T17:11:40","date_gmt":"2024-09-20T20:11:40","guid":{"rendered":"https:\/\/revistahubclub.com.br\/portal\/?p=643"},"modified":"2024-12-11T17:12:23","modified_gmt":"2024-12-11T20:12:23","slug":"jeff-elite-climatizacao","status":"publish","type":"post","link":"https:\/\/revistahubclub.com.br\/portal\/2024\/09\/20\/jeff-elite-climatizacao\/","title":{"rendered":"JEFF ELITE CLIMATIZA\u00c7\u00c3O"},"content":{"rendered":"\n<p id=\"viewer-foo\">A import\u00e2ncia de contratar profissionais especializados em instala\u00e7\u00e3o e manuten\u00e7\u00e3o de ar condicionado<\/p>\n\n\n\n<p id=\"viewer-u1r7l1655\"><strong><em>Publi Editorial | Fotos Mauro Marques<\/em><\/strong><\/p>\n\n\n\n<p id=\"viewer-fylhv1671\">Nos dias de hoje, o ar condicionado se tornou essencial tanto em resid\u00eancias quanto em ambientes corporativos. Com o aumento das temperaturas e a busca por conforto e efici\u00eancia, garantir que esses sistemas funcionem corretamente \u00e9 mais importante do que nunca. Para isso, a contrata\u00e7\u00e3o de uma empresa especializada em instala\u00e7\u00e3o e manuten\u00e7\u00e3o de ar condicionado \u00e9 fundamental.<\/p>\n\n\n\n<p id=\"viewer-fx8x61718\">A instala\u00e7\u00e3o correta de um sistema de ar condicionado \u00e9 crucial para o seu desempenho. Profissionais especializados possuem o conhecimento t\u00e9cnico necess\u00e1rio para escolher o equipamento adequado, levando em considera\u00e7\u00e3o fatores como o tamanho do ambiente, a carga t\u00e9rmica e as especificidades do espa\u00e7o. Uma instala\u00e7\u00e3o mal feita pode levar a problemas como vazamentos, ru\u00eddos excessivos e at\u00e9 mesmo a queima do equipamento.<\/p>\n\n\n\n<p id=\"viewer-bqfxa1724\">A manuten\u00e7\u00e3o regular \u00e9 essencial para prolongar a vida \u00fatil do ar condicionado e garantir sua efici\u00eancia energ\u00e9tica. Profissionais qualificados realizam limpezas, verifica\u00e7\u00f5es de pe\u00e7as e testes de desempenho, prevenindo falhas e reduzindo o consumo de energia. Isso n\u00e3o s\u00f3 diminui os custos com energia el\u00e9trica como tamb\u00e9m contribui para a sustentabilidade, uma vez que equipamentos bem mantidos emitem menos poluentes.<\/p>\n\n\n\n<p id=\"viewer-gyo9j1731\">A instala\u00e7\u00e3o e manuten\u00e7\u00e3o realizadas por especialistas garantem seguran\u00e7a para os usu\u00e1rios. Equipamentos mal instalados podem causar riscos, como curtos-circuitos e inc\u00eandios. Al\u00e9m disso, um ar condicionado em boas condi\u00e7\u00f5es proporciona um ambiente saud\u00e1vel, evitando problemas como o ac\u00famulo de mofo e bact\u00e9rias, que podem afetar a sa\u00fade dos ocupantes.<\/p>\n\n\n\n<p id=\"viewer-pt9g01739\">Ao contratar a empresa especializada Jeff Elite Climatiza\u00e7\u00e3o, voc\u00ea tamb\u00e9m garante um suporte t\u00e9cnico qualificado. Em caso de problemas, os profissionais sabem como diagnosticar rapidamente e oferecer solu\u00e7\u00f5es eficazes, minimizando o tempo de inatividade do equipamento. Isso \u00e9 especialmente importante em empresas, onde o conforto dos colaboradores, moradores e clientes impacta diretamente na qualidade de vida e na produtividade.<\/p>\n\n\n\n<p id=\"viewer-xjrb81762\">Investir na contrata\u00e7\u00e3o de profissionais especializados em instala\u00e7\u00e3o e manuten\u00e7\u00e3o de ar condicionado \u00e9 uma decis\u00e3o inteligente que traz in\u00fameros benef\u00edcios. Al\u00e9m de garantir o funcionamento eficiente do equipamento, voc\u00ea assegura conforto, seguran\u00e7a e economia a longo prazo. N\u00e3o deixe a instala\u00e7\u00e3o e manuten\u00e7\u00e3o do seu ar condicionado nas m\u00e3os de amadores; escolha sempre a expertise de quem entende do assunto.<\/p>\n\n\n\n<p id=\"viewer-m533v1772\">A Jeff Elite \u00e9 uma empresa dirigida pelo engenheiro el\u00e9trico e t\u00e9cnico em refrigera\u00e7\u00e3o Jeferson de Sousa Andrade e conta com uma equipe altamente especializada na instala\u00e7\u00e3o e manuten\u00e7\u00e3o de ar condicionado para qualquer tipo de projeto, seja residencial ou empresarial.<\/p>\n\n\n\n<p id=\"viewer-13ze91802\">Jeferson tem seis anos de experi\u00eancia em instala\u00e7\u00f5es em geral e desde jovem sempre teve curiosidade em entender como as coisas funcionam, o que o levou a escolher uma carreira onde pudesse aplicar essa paix\u00e3o de forma pr\u00e1tica e \u00fatil.<\/p>\n\n\n\n<p id=\"viewer-6oqtp1791\">Sua jornada profissional come\u00e7ou logo ap\u00f3s concluir o curso t\u00e9cnico em El\u00e9trica Industrial no Senai em 2014. Come\u00e7ou como auxiliar em uma empresa local de manuten\u00e7\u00e3o, onde aprendeu na pr\u00e1tica sobre instala\u00e7\u00e3o. \u201cAo longo da minha carreira, tive a oportunidade de trabalhar em diversos segmentos, incluindo instala\u00e7\u00f5es residenciais, comerciais e industriais, instala\u00e7\u00f5es de eletrodom\u00e9sticos e instala\u00e7\u00f5es el\u00e9tricas. Aos poucos, fui ganhando confian\u00e7a e desenvolvendo minhas habilidades, at\u00e9 me tornar um t\u00e9cnico qualificado e capaz de assumir projetos mais complexos. Sou conhecido por minha aten\u00e7\u00e3o aos detalhes e compromisso com a qualidade do servi\u00e7o. Sempre busco me atualizar com as novas tecnologias e melhores pr\u00e1ticas do mercado para oferecer solu\u00e7\u00f5es eficientes e sustent\u00e1veis aos meus clientes. Al\u00e9m disso, priorizo a seguran\u00e7a em todos os trabalhos que realizo, assegurando que os sistemas estejam em conformidade com as normas e regulamentos vigentes. Atualmente, trabalho como t\u00e9cnico independente, atendendo a uma base de clientes que confiam em mim para garantir o funcionamento ideal de seus sistemas de refrigera\u00e7\u00e3o e climatiza\u00e7\u00e3o e instala\u00e7\u00f5es em geral. Meu objetivo \u00e9 continuar oferecendo um servi\u00e7o de excel\u00eancia, ajudando empresas e resid\u00eancias a manterem seus ambientes confort\u00e1veis e seguros\u201d, conta.<\/p>\n\n\n\n<p id=\"viewer-p9yaw1816\">34 9.9168-9536 @jeffeliteclimatizacao<\/p>\n","protected":false},"excerpt":{"rendered":"<p>A import\u00e2ncia de contratar profissionais especializados em instala\u00e7\u00e3o e manuten\u00e7\u00e3o de ar condicionado Publi Editorial | Fotos Mauro Marques Nos dias de hoje, o ar condicionado se tornou essencial tanto<\/p>\n","protected":false},"author":1,"featured_media":644,"comment_status":"open","ping_status":"open","sticky":false,"template":"","format":"standard","meta":{"footnotes":""},"categories":[1],"tags":[],"class_list":["post-643","post","type-post","status-publish","format-standard","has-post-thumbnail","hentry","category-noticias"],"_links":{"self":[{"href":"https:\/\/revistahubclub.com.br\/portal\/wp-json\/wp\/v2\/posts\/643","targetHints":{"allow":["GET"]}}],"collection":[{"href":"https:\/\/revistahubclub.com.br\/portal\/wp-json\/wp\/v2\/posts"}],"about":[{"href":"https:\/\/revistahubclub.com.br\/portal\/wp-json\/wp\/v2\/types\/post"}],"author":[{"embeddable":true,"href":"https:\/\/revistahubclub.com.br\/portal\/wp-json\/wp\/v2\/users\/1"}],"replies":[{"embeddable":true,"href":"https:\/\/revistahubclub.com.br\/portal\/wp-json\/wp\/v2\/comments?post=643"}],"version-history":[{"count":1,"href":"https:\/\/revistahubclub.com.br\/portal\/wp-json\/wp\/v2\/posts\/643\/revisions"}],"predecessor-version":[{"id":645,"href":"https:\/\/revistahubclub.com.br\/portal\/wp-json\/wp\/v2\/posts\/643\/revisions\/645"}],"wp:featuredmedia":[{"embeddable":true,"href":"https:\/\/revistahubclub.com.br\/portal\/wp-json\/wp\/v2\/media\/644"}],"wp:attachment":[{"href":"https:\/\/revistahubclub.com.br\/portal\/wp-json\/wp\/v2\/media?parent=643"}],"wp:term":[{"taxonomy":"category","embeddable":true,"href":"https:\/\/revistahubclub.com.br\/portal\/wp-json\/wp\/v2\/categories?post=643"},{"taxonomy":"post_tag","embeddable":true,"href":"https:\/\/revistahubclub.com.br\/portal\/wp-json\/wp\/v2\/tags?post=643"}],"curies":[{"name":"wp","href":"https:\/\/api.w.org\/{rel}","templated":true}]}}