{"id":649,"date":"2024-09-20T17:12:57","date_gmt":"2024-09-20T20:12:57","guid":{"rendered":"https:\/\/revistahubclub.com.br\/portal\/?p=649"},"modified":"2024-12-11T17:14:11","modified_gmt":"2024-12-11T20:14:11","slug":"teto-locadora-marca-top-100-em-quatro-anos-de-sucesso","status":"publish","type":"post","link":"https:\/\/revistahubclub.com.br\/portal\/2024\/09\/20\/teto-locadora-marca-top-100-em-quatro-anos-de-sucesso\/","title":{"rendered":"Teto Locadora marca Top 100 em quatro anos de sucesso"},"content":{"rendered":"\n<p id=\"viewer-297hl1425\"><strong><em>Publi Editorial | Foto Mauro Marques<\/em><\/strong><\/p>\n\n\n\n<p id=\"viewer-m0lqx1430\">Em apenas quatro anos de atua\u00e7\u00e3o no mercado regional, a Teto Locadora tem se destacado pela qualidade dos servi\u00e7os e pela dedica\u00e7\u00e3o ao cliente. Recentemente, fomos agraciados com pr\u00eamio Top 100 da Aitmap, concedido por entidades de classe reconhecidas, que celebra a excel\u00eancia e a inova\u00e7\u00e3o em nosso setor.<\/p>\n\n\n\n<p id=\"viewer-deitc1435\">Desde a funda\u00e7\u00e3o, temos trabalhado incansavelmente para construir uma reputa\u00e7\u00e3o s\u00f3lida. Este pr\u00eamio \u00e9 um marco que reflete o compromisso da nossa equipe em oferecer produtos e servi\u00e7os de alta qualidade. Agradecemos a todos os colaboradores que, com empenho e paix\u00e3o, contribu\u00edram para que alcan\u00e7\u00e1ssemos essa conquista.<\/p>\n\n\n\n<p id=\"viewer-yagll1440\">O reconhecimento por parte de entidades de classe como: ACIUB, CDL, FIEMG, OAB, Sindicato Rural de Uberl\u00e2ndia e Sociedade M\u00e9dica \u00e9 um testemunho do impacto positivo que a empresa tem na comunidade e no setor em que atua. Essas organiza\u00e7\u00f5es, que representam os melhores profissionais e empresas da \u00e1rea, avaliaram nosso desempenho com base em crit\u00e9rios rigorosos, como inova\u00e7\u00e3o, qualidade e responsabilidade social.<\/p>\n\n\n\n<p id=\"viewer-0ts8y1446\">Al\u00e9m de focar em nossos objetivos empresariais, sempre buscamos contribuir para o desenvolvimento da regi\u00e3o.<\/p>\n\n\n\n<p id=\"viewer-59bjm1473\">A premia\u00e7\u00e3o tamb\u00e9m destaca nosso envolvimento em projetos sociais e iniciativas que visam melhorar a qualidade de vida da comunidade. Acreditamos que o sucesso deve ser compartilhado e estamos comprometidos em fazer a diferen\u00e7a. Esta conquista n\u00e3o \u00e9 apenas uma celebra\u00e7\u00e3o do que j\u00e1 alcan\u00e7amos, mas tamb\u00e9m um impulso para continuarmos nossa trajet\u00f3ria de crescimento e inova\u00e7\u00e3o. Estamos mais motivados do que nunca a aprimorar os servi\u00e7os e expandir as opera\u00e7\u00f5es, sempre mantendo o foco na satisfa\u00e7\u00e3o do cliente e excel\u00eancia.<\/p>\n\n\n\n<p id=\"viewer-bum911481\">A premia\u00e7\u00e3o \u00e9 um reconhecimento do esfor\u00e7o e dedica\u00e7\u00e3o ao longo desses quatro anos. Agradecemos a todos que fizeram parte dessa jornada e convidamos a continuar conosco, celebrando o futuro e as novas conquistas que ainda est\u00e3o por vir. Juntos, vamos escrever mais cap\u00edtulos de sucesso na hist\u00f3ria da empresa! A Teto Locadora \u00e9 uma empresa com atua\u00e7\u00e3o regional especializada em loca\u00e7\u00e3o de equipamentos para constru\u00e7\u00e3o civil e em servi\u00e7os de furos estruturais. 34 98409-6098 Av. Seme Sim\u00e3o, n\u00ba 2310 Granada &#8211; Uberl\u00e2ndia -MG @tetolocadorauberlandia <a target=\"_blank\" href=\"http:\/\/www.tetolocadora.com.br\/\" rel=\"noreferrer noopener\"><u>www.tetolocadora.com.br<\/u><\/a><\/p>\n","protected":false},"excerpt":{"rendered":"<p>Publi Editorial | Foto Mauro Marques Em apenas quatro anos de atua\u00e7\u00e3o no mercado regional, a Teto Locadora tem se destacado pela qualidade dos servi\u00e7os e pela dedica\u00e7\u00e3o ao cliente.<\/p>\n","protected":false},"author":1,"featured_media":650,"comment_status":"open","ping_status":"open","sticky":false,"template":"","format":"standard","meta":{"footnotes":""},"categories":[1],"tags":[],"class_list":["post-649","post","type-post","status-publish","format-standard","has-post-thumbnail","hentry","category-noticias"],"_links":{"self":[{"href":"https:\/\/revistahubclub.com.br\/portal\/wp-json\/wp\/v2\/posts\/649","targetHints":{"allow":["GET"]}}],"collection":[{"href":"https:\/\/revistahubclub.com.br\/portal\/wp-json\/wp\/v2\/posts"}],"about":[{"href":"https:\/\/revistahubclub.com.br\/portal\/wp-json\/wp\/v2\/types\/post"}],"author":[{"embeddable":true,"href":"https:\/\/revistahubclub.com.br\/portal\/wp-json\/wp\/v2\/users\/1"}],"replies":[{"embeddable":true,"href":"https:\/\/revistahubclub.com.br\/portal\/wp-json\/wp\/v2\/comments?post=649"}],"version-history":[{"count":1,"href":"https:\/\/revistahubclub.com.br\/portal\/wp-json\/wp\/v2\/posts\/649\/revisions"}],"predecessor-version":[{"id":651,"href":"https:\/\/revistahubclub.com.br\/portal\/wp-json\/wp\/v2\/posts\/649\/revisions\/651"}],"wp:featuredmedia":[{"embeddable":true,"href":"https:\/\/revistahubclub.com.br\/portal\/wp-json\/wp\/v2\/media\/650"}],"wp:attachment":[{"href":"https:\/\/revistahubclub.com.br\/portal\/wp-json\/wp\/v2\/media?parent=649"}],"wp:term":[{"taxonomy":"category","embeddable":true,"href":"https:\/\/revistahubclub.com.br\/portal\/wp-json\/wp\/v2\/categories?post=649"},{"taxonomy":"post_tag","embeddable":true,"href":"https:\/\/revistahubclub.com.br\/portal\/wp-json\/wp\/v2\/tags?post=649"}],"curies":[{"name":"wp","href":"https:\/\/api.w.org\/{rel}","templated":true}]}}