{"id":666,"date":"2024-09-19T17:17:56","date_gmt":"2024-09-19T20:17:56","guid":{"rendered":"https:\/\/revistahubclub.com.br\/portal\/?p=666"},"modified":"2024-12-11T17:18:31","modified_gmt":"2024-12-11T20:18:31","slug":"cafe-empreendedor-traz-palestra-sobre-gestao-de-mudanca","status":"publish","type":"post","link":"https:\/\/revistahubclub.com.br\/portal\/2024\/09\/19\/cafe-empreendedor-traz-palestra-sobre-gestao-de-mudanca\/","title":{"rendered":"Caf\u00e9 Empreendedor traz palestra sobre &#8220;Gest\u00e3o de Mudan\u00e7a&#8221;"},"content":{"rendered":"\n<p id=\"viewer-n4wii987\"><em>Evento \u00e9 gratuito e as inscri\u00e7\u00f5es est\u00e3o abertas <\/em><a target=\"_blank\" href=\"https:\/\/loja.cdludi.org.br\/\" rel=\"noreferrer noopener\"><em>https:\/\/loja.cdludi.org.br\/<\/em><\/a><em>.<\/em><\/p>\n\n\n\n<p id=\"viewer-aimlq1279\">A CDL Uberl\u00e2ndia promove mais uma edi\u00e7\u00e3o do Caf\u00e9 Empreendedor, um evento voltado para empres\u00e1rios e gestores que buscam atualiza\u00e7\u00e3o e ferramentas pr\u00e1ticas para lidar com as transforma\u00e7\u00f5es constantes no ambiente de neg\u00f3cios. O encontro ser\u00e1 realizado no dia 25 de setembro, \u00e0s 8h30, e o destaque desta edi\u00e7\u00e3o ser\u00e1 a palestra &#8220;Gest\u00e3o de Mudan\u00e7a&#8221;, ministrada pelo consultor empresarial Dilson Dalpiaz, que compartilhar\u00e1 sua vasta experi\u00eancia e estrat\u00e9gias sobre como liderar com sucesso em tempos de transforma\u00e7\u00e3o.&nbsp;<\/p>\n\n\n\n<p id=\"viewer-0vmy1993\">Dilson Dalpiaz, reconhecido por sua trajet\u00f3ria s\u00f3lida como palestrante e consultor, trar\u00e1 sua expertise sobre as din\u00e2micas que envolvem a adapta\u00e7\u00e3o a novos cen\u00e1rios e a import\u00e2ncia de uma gest\u00e3o eficiente em per\u00edodos de mudan\u00e7a. &nbsp;<\/p>\n\n\n\n<p id=\"viewer-dz6ft995\">De acordo com Dalpiaz, os sinais de que uma empresa est\u00e1 pronta para mudan\u00e7as s\u00e3o claros quando se observa a abertura para inova\u00e7\u00e3o, a flexibilidade no ambiente de trabalho e o alinhamento dos objetivos estrat\u00e9gicos com a necessidade de transforma\u00e7\u00e3o. \u201cO momento certo geralmente surge quando a lideran\u00e7a come\u00e7a a perceber que os m\u00e9todos tradicionais n\u00e3o est\u00e3o mais atendendo \u00e0s expectativas de mercado, ocasionando consider\u00e1vel perda de competitividade e uma press\u00e3o interna e externa por adapta\u00e7\u00e3o. Al\u00e9m disso, colaboradores come\u00e7am a buscar novos desafios e oportunidades de desenvolvimento, gerando mais turnover nas empresas\u201d, destaca.&nbsp;<\/p>\n\n\n\n<p id=\"viewer-0wx44997\">Para Dilson, o impacto significativo da cultura organizacional na gest\u00e3o de mudan\u00e7as. Segundo ele, a cultura pode ser o diferencial entre uma transi\u00e7\u00e3o suave e uma resist\u00eancia generalizada. \u201cUma cultura que promove colabora\u00e7\u00e3o, inova\u00e7\u00e3o e abertura para feedback tende a facilitar o processo de transforma\u00e7\u00e3o. Por outro lado, uma cultura r\u00edgida, onde a mudan\u00e7a \u00e9 vista com desconfian\u00e7a, pode se tornar um grande obst\u00e1culo\u201d, diz.&nbsp;<\/p>\n\n\n\n<p id=\"viewer-3dwx9999\">Outro esclarecimento do consultor \u00e9 que a<strong>&nbsp;<\/strong>mudan\u00e7a \u00e9 uma oportunidade de crescimento, tanto para as empresas quanto para os indiv\u00edduos. \u201cPara que ela seja bem-sucedida, \u00e9 preciso estar atento aos sinais do mercado, interpret\u00e1-los adequadamente e ter a coragem de agir no momento certo. Mais importante ainda, \u00e9 necess\u00e1rio cultivar uma cultura que abrace a transforma\u00e7\u00e3o, incentivando o aprendizado cont\u00ednuo e a inova\u00e7\u00e3o\u201d, enfatiza.&nbsp;<\/p>\n\n\n\n<p id=\"viewer-70fyc1003\">L\u00e9cia Queiroz, superintendente da CDL Uberl\u00e2ndia, ressalta que o evento j\u00e1 se tornou ponto de encontro entre os empres\u00e1rios para compartilhar experi\u00eancias e acessar as \u00faltimas tend\u00eancias de mercado.&nbsp;&nbsp;\u201cNosso objetivo com o Caf\u00e9 Empreendedor \u00e9 oferecer conte\u00fados relevantes que agreguem valor aos neg\u00f3cios dos empres\u00e1rios. O tema desta edi\u00e7\u00e3o \u00e9 especialmente pertinente, pois as mudan\u00e7as s\u00e3o inevit\u00e1veis, e aqueles que est\u00e3o preparados t\u00eam mais chances de prosperar\u201d, afirma.<\/p>\n\n\n\n<p id=\"viewer-9jidp1005\">O evento \u00e9 gratuito e requer inscri\u00e7\u00e3o pr\u00e9via: <a target=\"_blank\" href=\"https:\/\/loja.cdludi.org.br\/\" rel=\"noreferrer noopener\">https:\/\/loja.cdludi.org.br\/<\/a>.&nbsp;<\/p>\n\n\n\n<p id=\"viewer-eiznp1009\"><strong>Sobre Dilson Dalpiaz<\/strong><\/p>\n\n\n\n<p id=\"viewer-by72l1011\">Natural de Ca\u00e7ador, Santa Catarina, Dilson Dalpiaz \u00e9 um profissional com forma\u00e7\u00e3o em Engenharia Mec\u00e2nica pela UFU, p\u00f3s-gradua\u00e7\u00e3o em Gest\u00e3o P\u00fablica e MBA em Harvard Business School. Com ampla experi\u00eancia no Grupo Algar e no setor p\u00fablico, \u00e9 especialista em gest\u00e3o de mudan\u00e7as, diplomacia corporativa, negocia\u00e7\u00e3o e entusiasta de inova\u00e7\u00e3o. Atua como palestrante, mentor, adviser, consultor empresarial e \u00e9 CEO da Dalpiaz Dalpiaz Humanizaded Advice e diretor da Connecta Expo, respons\u00e1vel pelo Uberl\u00e2ndia Summit 2023 e 2024. \u00c9 autor de dois livros, sendo o \u00faltimo publicado em 2023 com o t\u00edtulo Mentoring, Coaching e Advice Humanizado Isor\u00ae &#8211; Ferramentas Holossist\u00eamicas, do qual foi coautor.<\/p>\n\n\n\n<p id=\"viewer-4pfii1013\">&nbsp;<\/p>\n\n\n\n<p id=\"viewer-s63t61015\">Caf\u00e9 Empreendedor com Dilson Dalpiaz &#8211; gratuito<\/p>\n\n\n\n<p id=\"viewer-ufujn1017\">Data: 25\/9<\/p>\n\n\n\n<p id=\"viewer-uk03b1019\">Hor\u00e1rio: 8h30<\/p>\n\n\n\n<p id=\"viewer-947kf1021\">Local: CDL \u2013 Sala Espa\u00e7o + (4\u00ba andar).<\/p>\n","protected":false},"excerpt":{"rendered":"<p>Evento \u00e9 gratuito e as inscri\u00e7\u00f5es est\u00e3o abertas https:\/\/loja.cdludi.org.br\/. A CDL Uberl\u00e2ndia promove mais uma edi\u00e7\u00e3o do Caf\u00e9 Empreendedor, um evento voltado para empres\u00e1rios e gestores que buscam atualiza\u00e7\u00e3o e<\/p>\n","protected":false},"author":1,"featured_media":667,"comment_status":"open","ping_status":"open","sticky":false,"template":"","format":"standard","meta":{"footnotes":""},"categories":[1],"tags":[],"class_list":["post-666","post","type-post","status-publish","format-standard","has-post-thumbnail","hentry","category-noticias"],"_links":{"self":[{"href":"https:\/\/revistahubclub.com.br\/portal\/wp-json\/wp\/v2\/posts\/666","targetHints":{"allow":["GET"]}}],"collection":[{"href":"https:\/\/revistahubclub.com.br\/portal\/wp-json\/wp\/v2\/posts"}],"about":[{"href":"https:\/\/revistahubclub.com.br\/portal\/wp-json\/wp\/v2\/types\/post"}],"author":[{"embeddable":true,"href":"https:\/\/revistahubclub.com.br\/portal\/wp-json\/wp\/v2\/users\/1"}],"replies":[{"embeddable":true,"href":"https:\/\/revistahubclub.com.br\/portal\/wp-json\/wp\/v2\/comments?post=666"}],"version-history":[{"count":1,"href":"https:\/\/revistahubclub.com.br\/portal\/wp-json\/wp\/v2\/posts\/666\/revisions"}],"predecessor-version":[{"id":668,"href":"https:\/\/revistahubclub.com.br\/portal\/wp-json\/wp\/v2\/posts\/666\/revisions\/668"}],"wp:featuredmedia":[{"embeddable":true,"href":"https:\/\/revistahubclub.com.br\/portal\/wp-json\/wp\/v2\/media\/667"}],"wp:attachment":[{"href":"https:\/\/revistahubclub.com.br\/portal\/wp-json\/wp\/v2\/media?parent=666"}],"wp:term":[{"taxonomy":"category","embeddable":true,"href":"https:\/\/revistahubclub.com.br\/portal\/wp-json\/wp\/v2\/categories?post=666"},{"taxonomy":"post_tag","embeddable":true,"href":"https:\/\/revistahubclub.com.br\/portal\/wp-json\/wp\/v2\/tags?post=666"}],"curies":[{"name":"wp","href":"https:\/\/api.w.org\/{rel}","templated":true}]}}