{"id":676,"date":"2024-09-18T17:19:55","date_gmt":"2024-09-18T20:19:55","guid":{"rendered":"https:\/\/revistahubclub.com.br\/portal\/?p=676"},"modified":"2024-12-11T17:20:26","modified_gmt":"2024-12-11T20:20:26","slug":"fazendas-da-regiao-do-cerrado-mineiro-conquistam-primeiro-lugar-em-premio-de-sustentabilidade-na-agropecuaria","status":"publish","type":"post","link":"https:\/\/revistahubclub.com.br\/portal\/2024\/09\/18\/fazendas-da-regiao-do-cerrado-mineiro-conquistam-primeiro-lugar-em-premio-de-sustentabilidade-na-agropecuaria\/","title":{"rendered":"Fazendas da Regi\u00e3o do Cerrado Mineiro conquistam primeiro lugar em Pr\u00eamio de Sustentabilidade na agropecu\u00e1ria"},"content":{"rendered":"\n<p id=\"viewer-x80zj32\"><em>Propriedades se destacam por pr\u00e1ticas regenerativas, vencendo a oitava edi\u00e7\u00e3o do Pr\u00eamio Fazenda Sustent\u00e1vel 2024<\/em><\/p>\n\n\n\n<p id=\"viewer-yw3sg72\">A Fazenda Tr\u00eas Meninas, localizada em Monte Carmelo, e a Fazenda Recanto, da Auma Agroneg\u00f3cios, situada em Patos de Minas, ambas na Regi\u00e3o do Cerrado Mineiro, conquistaram o primeiro lugar nas categorias Pequena Propriedade e M\u00e9dia Propriedade, respectivamente, durante a oitava edi\u00e7\u00e3o do Pr\u00eamio Fazenda Sustent\u00e1vel, promovido pela revista Globo Rural.<\/p>\n\n\n\n<p id=\"viewer-egi7336\">Considerado um dos mais respeitados do setor no Brasil, o pr\u00eamio reconhece as propriedades rurais que adotam as melhores pr\u00e1ticas ambientais, sociais e financeiras.<\/p>\n\n\n\n<p id=\"viewer-1i8ui38\">A cerim\u00f4nia de premia\u00e7\u00e3o foi realizada no Aya HUB, em S\u00e3o Paulo, e reuniu os produtores finalistas, especialistas em sustentabilidade, representantes de entidades de classe e empresas ligadas ao setor. Ao todo, 90 propriedades de 15 Estados participaram da oitava edi\u00e7\u00e3o do pr\u00eamio, que contou com o apoio t\u00e9cnico do Rabobank e do Instituto de Manejo e Certifica\u00e7\u00e3o Florestal e Agr\u00edcola (Imaflora).<\/p>\n\n\n\n<p id=\"viewer-qz6ha40\">A avalia\u00e7\u00e3o das fazendas foi dividida em tr\u00eas fases: preenchimento de um formul\u00e1rio, fornecimento de dados espec\u00edficos e avalia\u00e7\u00e3o presencial nas propriedades finalistas. O Pr\u00eamio Fazenda Sustent\u00e1vel tem incentivado produtores a adotar pr\u00e1ticas mais respons\u00e1veis e sustent\u00e1veis, fortalecendo o setor no Brasil.<\/p>\n\n\n\n<p id=\"viewer-ggy2y90\"><strong>Fazenda Tr\u00eas Meninas<\/strong><\/p>\n\n\n\n<p id=\"viewer-0b3xn44\">Adquirida em 2016 pelo casal Paula e Marcelo Urtado, embaixadores da Regi\u00e3o do Cerrado Mineiro, a fazenda Tr\u00eas Meninas tem se destacado pela produ\u00e7\u00e3o de caf\u00e9 com gest\u00e3o compartilhada e pioneirismo nas pr\u00e1ticas regenerativas. A propriedade reduziu o uso de produtos qu\u00edmicos e criou um ambiente favor\u00e1vel \u00e0 produ\u00e7\u00e3o de &#8220;caf\u00e9 carbono neutro&#8221;.<\/p>\n\n\n\n<p id=\"viewer-cko7e46\">&#8220;Esse pr\u00eamio tem uma relev\u00e2ncia enorme e uma import\u00e2ncia significativa. Ele consolida o trabalho que vem sendo realizado h\u00e1 v\u00e1rios anos na fazenda. Ano ap\u00f3s ano, damos um passo de cada vez, evoluindo nesse processo. \u00c9 muito gratificante saber que estamos no caminho certo e, principalmente, que conseguimos inspirar outras pessoas e produtores. Isso amplia o impacto que causamos tanto no meio ambiente quanto na sociedade. Quando uma revista e um pr\u00eamio desse porte reconhecem um trabalho, o melhor de tudo \u00e9 a oportunidade de inspirar os outros e ampliar ainda mais esse impacto&#8221;, destaca o produtor Marcelo Urtado.<\/p>\n\n\n\n<p id=\"viewer-ihqe2107\"><strong>Auma Agroneg\u00f3cios<\/strong><\/p>\n\n\n\n<p id=\"viewer-iox5n50\">Desde 1985, a Fazenda Recanto \u00e9 um s\u00edmbolo de inova\u00e7\u00e3o e compromisso com a sustentabilidade, operando como um laborat\u00f3rio vivo de pr\u00e1ticas de economia circular, agricultura regenerativa e de baixo carbono. A propriedade diversificou suas opera\u00e7\u00f5es com a suinocultura em 1994 e, desde 1999, dedica-se \u00e0 cafeicultura, tornando-se uma refer\u00eancia em pr\u00e1ticas agr\u00edcolas respons\u00e1veis e regenerativas.<\/p>\n\n\n\n<p id=\"viewer-96n3b52\">Na Fazenda Recanto, o conceito de sustentabilidade \u00e9 levado a s\u00e9rio: nada se perde, tudo se transforma. Mais de 10.000 m\u00b3 de efluente l\u00edquido e 650 toneladas de res\u00edduos s\u00f3lidos s\u00e3o convertidos mensalmente em biofertilizantes e biog\u00e1s. A energia limpa gerada \u2014 equivalente a 140.000 kWh por m\u00eas \u2014 n\u00e3o s\u00f3 abastece as opera\u00e7\u00f5es da fazenda, mas tamb\u00e9m contribui para a rede el\u00e9trica local, reduzindo significativamente as emiss\u00f5es de CO\u2082 e a depend\u00eancia de recursos externos.<\/p>\n\n\n\n<p id=\"viewer-gxisw54\">\u201cN\u00f3s estamos extremamente honrados por este reconhecimento. Esta conquista reflete o nosso prop\u00f3sito e a dedica\u00e7\u00e3o de todos que fazem parte da nossa jornada. A agricultura resiliente e climaticamente inteligente \u00e9 essencial para a sustentabilidade global. Implementar boas pr\u00e1ticas agr\u00edcolas \u00e9 nosso compromisso com um futuro onde produ\u00e7\u00e3o e preserva\u00e7\u00e3o ambiental caminham juntas, garantindo um planeta mais saud\u00e1vel e equilibrado para todos. Vencer este pr\u00eamio simboliza nosso compromisso com a mitiga\u00e7\u00e3o das mudan\u00e7as clim\u00e1ticas, a seguran\u00e7a alimentar e as gera\u00e7\u00f5es futuras\u201d, afirma Lucimar Silva, diretora agr\u00edcola da empresa.<\/p>\n\n\n\n<p id=\"viewer-pdqk856\">Segundo Juliano Tarabal, diretor executivo da Federa\u00e7\u00e3o dos Cafeicultores do Cerrado, essas fazendas, ao conquistarem o Pr\u00eamio Fazenda Sustent\u00e1vel, n\u00e3o s\u00f3 demonstram o compromisso dos produtores da regi\u00e3o do Cerrado Mineiro com a preserva\u00e7\u00e3o ambiental, mas tamb\u00e9m ressaltam a capacidade de adapta\u00e7\u00e3o desses produtores \u00e0s demandas do agroneg\u00f3cio moderno. \u201cAo adotar pr\u00e1ticas agr\u00edcolas respons\u00e1veis, eles se posicionam na vanguarda da agricultura regenerativa, alinhando suas atividades \u00e0 necessidade global de reduzir emiss\u00f5es de carbono. Esse reconhecimento refor\u00e7a o papel fundamental do Cerrado Mineiro na constru\u00e7\u00e3o de um futuro mais sustent\u00e1vel e competitivo para o setor agr\u00edcola brasileiro\u201d, conclui Tarabal.<\/p>\n","protected":false},"excerpt":{"rendered":"<p>Propriedades se destacam por pr\u00e1ticas regenerativas, vencendo a oitava edi\u00e7\u00e3o do Pr\u00eamio Fazenda Sustent\u00e1vel 2024 A Fazenda Tr\u00eas Meninas, localizada em Monte Carmelo, e a Fazenda Recanto, da Auma Agroneg\u00f3cios,<\/p>\n","protected":false},"author":1,"featured_media":677,"comment_status":"open","ping_status":"open","sticky":false,"template":"","format":"standard","meta":{"footnotes":""},"categories":[1],"tags":[],"class_list":["post-676","post","type-post","status-publish","format-standard","has-post-thumbnail","hentry","category-noticias"],"_links":{"self":[{"href":"https:\/\/revistahubclub.com.br\/portal\/wp-json\/wp\/v2\/posts\/676","targetHints":{"allow":["GET"]}}],"collection":[{"href":"https:\/\/revistahubclub.com.br\/portal\/wp-json\/wp\/v2\/posts"}],"about":[{"href":"https:\/\/revistahubclub.com.br\/portal\/wp-json\/wp\/v2\/types\/post"}],"author":[{"embeddable":true,"href":"https:\/\/revistahubclub.com.br\/portal\/wp-json\/wp\/v2\/users\/1"}],"replies":[{"embeddable":true,"href":"https:\/\/revistahubclub.com.br\/portal\/wp-json\/wp\/v2\/comments?post=676"}],"version-history":[{"count":1,"href":"https:\/\/revistahubclub.com.br\/portal\/wp-json\/wp\/v2\/posts\/676\/revisions"}],"predecessor-version":[{"id":678,"href":"https:\/\/revistahubclub.com.br\/portal\/wp-json\/wp\/v2\/posts\/676\/revisions\/678"}],"wp:featuredmedia":[{"embeddable":true,"href":"https:\/\/revistahubclub.com.br\/portal\/wp-json\/wp\/v2\/media\/677"}],"wp:attachment":[{"href":"https:\/\/revistahubclub.com.br\/portal\/wp-json\/wp\/v2\/media?parent=676"}],"wp:term":[{"taxonomy":"category","embeddable":true,"href":"https:\/\/revistahubclub.com.br\/portal\/wp-json\/wp\/v2\/categories?post=676"},{"taxonomy":"post_tag","embeddable":true,"href":"https:\/\/revistahubclub.com.br\/portal\/wp-json\/wp\/v2\/tags?post=676"}],"curies":[{"name":"wp","href":"https:\/\/api.w.org\/{rel}","templated":true}]}}