{"id":697,"date":"2024-09-17T17:23:58","date_gmt":"2024-09-17T20:23:58","guid":{"rendered":"https:\/\/revistahubclub.com.br\/portal\/?p=697"},"modified":"2024-12-11T17:24:29","modified_gmt":"2024-12-11T20:24:29","slug":"exposicao-mestres-da-tela-no-uberlandia-shopping-traz-inclusao-e-arte-com-audiodescricao","status":"publish","type":"post","link":"https:\/\/revistahubclub.com.br\/portal\/2024\/09\/17\/exposicao-mestres-da-tela-no-uberlandia-shopping-traz-inclusao-e-arte-com-audiodescricao\/","title":{"rendered":"Exposi\u00e7\u00e3o &#8220;Mestres da Tela&#8221; no Uberl\u00e2ndia Shopping traz inclus\u00e3o e arte com audiodescri\u00e7\u00e3o"},"content":{"rendered":"\n<p id=\"viewer-yvk2a991\">Nos dias 21 e 22 de setembro, o Uberl\u00e2ndia Shopping ser\u00e1 palco da exposi\u00e7\u00e3o &#8220;Mestres da Tela&#8221;, projeto que celebra a arte como forma de transforma\u00e7\u00e3o e inclus\u00e3o. A exposi\u00e7\u00e3o re\u00fane 48 obras criadas pelos 26 participantes da oficina de pintura a \u00f3leo para o p\u00fablico 40+, conduzida pela artista e arteterapeuta Laura Ribeiro. Com dura\u00e7\u00e3o de quatro meses, o projeto foi concebido para oferecer uma nova perspectiva de vida por meio da arte, incentivando o desenvolvimento de habilidades e proporcionando uma nova forma de express\u00e3o e conex\u00e3o para o dia a dia.<\/p>\n\n\n\n<p id=\"viewer-9nry2993\">&nbsp;<\/p>\n\n\n\n<p id=\"viewer-i4jg5995\">O p\u00fablico poder\u00e1 se encantar com a diversidade de estilos e a sensibilidade das obras expostas, que refletem o aprendizado e a paix\u00e3o dos alunos pela pintura. A inclus\u00e3o ser\u00e1 um destaque especial, j\u00e1 que as obras contar\u00e3o com recursos de audiodescri\u00e7\u00e3o, garantindo uma experi\u00eancia acess\u00edvel e inclusiva para todos. \u201cNosso prop\u00f3sito \u00e9 valorizar e celebrar o talento local, apoiando projetos culturais que promovam a inclus\u00e3o e novas viv\u00eancias para a comunidade&#8221;, afirma La\u00edza Carvalho, gerente de Marketing do Uberl\u00e2ndia Shopping.<\/p>\n\n\n\n<p id=\"viewer-hh7zi997\">&nbsp;<\/p>\n\n\n\n<p id=\"viewer-w999l999\">Realizado com o apoio da Lei Paulo Gustavo e em parceria com a Darlene Artesanatos, o projeto &#8220;Mestres da Tela&#8221; combina aulas de pintura a \u00f3leo com encontros de arteterapia, promovendo o bem-estar e a criatividade dos participantes.&nbsp;<\/p>\n\n\n\n<p id=\"viewer-mes9z1001\">&nbsp;<\/p>\n\n\n\n<p id=\"viewer-926i51003\">A exposi\u00e7\u00e3o acontece no piso 2, em frente \u00e0 Riachuelo.<\/p>\n\n\n\n<p id=\"viewer-9e2kl1005\">&nbsp;<\/p>\n\n\n\n<p id=\"viewer-smyjy1007\"><strong>Sobre o Uberl\u00e2ndia Shopping<\/strong><\/p>\n\n\n\n<p id=\"viewer-rl4li1009\">Administrado pela Alqia, antiga Saphyr Shopping Centers, o Uberl\u00e2ndia Shopping \u00e9 a porta de entrada das melhores marcas na regi\u00e3o e refer\u00eancia em conforto, infraestrutura e sustentabilidade. Com 195 lojas distribu\u00eddas em mais de 53,4 mil m\u00b2 de \u00c1rea Bruta Loc\u00e1vel, o empreendimento re\u00fane as primeiras House of Samsonite, Richards, Leroy Merlin e Sams Club da cidade, al\u00e9m de contar com grandes \u00e2ncoras como Centauro, Riachuelo, C&amp;A e Renner, uma Pra\u00e7a de Alimenta\u00e7\u00e3o completa, tr\u00eas restaurantes especiais e cinco salas de cinema Cinemark, dotadas de tecnologia 3D e XD. Localizado na zona Sul, o Uberl\u00e2ndia Shopping \u00e9 reconhecido pelas comodidades que oferece, como Espa\u00e7o Fam\u00edlia, Espa\u00e7o Cliente, biciclet\u00e1rio e 2.400 vagas de estacionamento, incluindo vagas cobertas e especiais. Inaugurado em 2012, o shopping center prioriza as pr\u00e1ticas ESG desde sua constru\u00e7\u00e3o, adotando pol\u00edticas de preserva\u00e7\u00e3o do meio ambiente, sa\u00fade e seguran\u00e7a ocupacional.&nbsp;<\/p>\n\n\n\n<p id=\"viewer-drenn1011\">Saiba mais em&nbsp;<a target=\"_blank\" href=\"http:\/\/uberlandiashopping.com.br\/\" rel=\"noreferrer noopener\">uberlandiashopping.com.br<\/a><\/p>\n\n\n\n<p id=\"viewer-es68i1014\">&nbsp;<\/p>\n\n\n\n<p id=\"viewer-mnswx1016\"><strong>Mestres da Tela<\/strong><\/p>\n\n\n\n<p id=\"viewer-gc06d1018\">21 e 22 de setembro<\/p>\n\n\n\n<p id=\"viewer-04a861020\">Piso 2 &#8211; em frente \u00e0 Riachuelo<\/p>\n\n\n\n<p id=\"viewer-chk6w1022\">Hor\u00e1rio de funcionamento do shopping<\/p>\n\n\n\n<p id=\"viewer-cb7bw1024\">S\u00e1bado: das 10h \u00e0s 22h<\/p>\n\n\n\n<p id=\"viewer-l10zf1026\">Domingo: das 14h \u00e0s 22h<\/p>\n","protected":false},"excerpt":{"rendered":"<p>Nos dias 21 e 22 de setembro, o Uberl\u00e2ndia Shopping ser\u00e1 palco da exposi\u00e7\u00e3o &#8220;Mestres da Tela&#8221;, projeto que celebra a arte como forma de transforma\u00e7\u00e3o e inclus\u00e3o. A exposi\u00e7\u00e3o<\/p>\n","protected":false},"author":1,"featured_media":698,"comment_status":"open","ping_status":"open","sticky":false,"template":"","format":"standard","meta":{"footnotes":""},"categories":[1],"tags":[],"class_list":["post-697","post","type-post","status-publish","format-standard","has-post-thumbnail","hentry","category-noticias"],"_links":{"self":[{"href":"https:\/\/revistahubclub.com.br\/portal\/wp-json\/wp\/v2\/posts\/697","targetHints":{"allow":["GET"]}}],"collection":[{"href":"https:\/\/revistahubclub.com.br\/portal\/wp-json\/wp\/v2\/posts"}],"about":[{"href":"https:\/\/revistahubclub.com.br\/portal\/wp-json\/wp\/v2\/types\/post"}],"author":[{"embeddable":true,"href":"https:\/\/revistahubclub.com.br\/portal\/wp-json\/wp\/v2\/users\/1"}],"replies":[{"embeddable":true,"href":"https:\/\/revistahubclub.com.br\/portal\/wp-json\/wp\/v2\/comments?post=697"}],"version-history":[{"count":1,"href":"https:\/\/revistahubclub.com.br\/portal\/wp-json\/wp\/v2\/posts\/697\/revisions"}],"predecessor-version":[{"id":699,"href":"https:\/\/revistahubclub.com.br\/portal\/wp-json\/wp\/v2\/posts\/697\/revisions\/699"}],"wp:featuredmedia":[{"embeddable":true,"href":"https:\/\/revistahubclub.com.br\/portal\/wp-json\/wp\/v2\/media\/698"}],"wp:attachment":[{"href":"https:\/\/revistahubclub.com.br\/portal\/wp-json\/wp\/v2\/media?parent=697"}],"wp:term":[{"taxonomy":"category","embeddable":true,"href":"https:\/\/revistahubclub.com.br\/portal\/wp-json\/wp\/v2\/categories?post=697"},{"taxonomy":"post_tag","embeddable":true,"href":"https:\/\/revistahubclub.com.br\/portal\/wp-json\/wp\/v2\/tags?post=697"}],"curies":[{"name":"wp","href":"https:\/\/api.w.org\/{rel}","templated":true}]}}