{"id":715,"date":"2024-09-17T17:28:00","date_gmt":"2024-09-17T20:28:00","guid":{"rendered":"https:\/\/revistahubclub.com.br\/portal\/?p=715"},"modified":"2024-12-11T17:30:22","modified_gmt":"2024-12-11T20:30:22","slug":"ricardo-silvestre-arantes-teixeira-e-megaforte","status":"publish","type":"post","link":"https:\/\/revistahubclub.com.br\/portal\/2024\/09\/17\/ricardo-silvestre-arantes-teixeira-e-megaforte\/","title":{"rendered":"Ricardo Silvestre Arantes Teixeira e Megaforte"},"content":{"rendered":"\n<p id=\"viewer-foo\">Dedica\u00e7\u00e3o ao progresso e desenvolvimento de Uberl\u00e2ndia<\/p>\n\n\n\n<p id=\"viewer-wl9v67764\"><strong>Publi Editorial | Fotos Mauro Marques | Divulga\u00e7\u00e3o<\/strong><\/p>\n\n\n\n<p id=\"viewer-af6bl7771\">Ricardo Silvestre Arantes Teixeira, nascido em Uberl\u00e2ndia em 26 de dezembro de 1988, \u00e9 um orgulhoso crist\u00e3o e devoto \u00e0 fam\u00edlia. Filho de Alexandre Ricardo Teixeira e Claudia da Silva Teixeira, irm\u00e3o de Alexandre Ricardo Teixeira J\u00fanior, Ricardo foi criado em sua cidade natal, onde sempre nutriu o sonho de contribuir para o crescimento exponencial de Uberl\u00e2ndia. Aos 22 anos, formou-se em Engenharia Civil, tendo passado sua trajet\u00f3ria acad\u00eamica dedicada tanto aos estudos te\u00f3ricos quanto \u00e0 pr\u00e1tica por meio de est\u00e1gios, que lhe proporcionaram seguran\u00e7a e compet\u00eancia necess\u00e1rias para realizar um trabalho de qualidade. Aos 24 anos, fundou a Megaforte Engenharia e Constru\u00e7\u00f5es, com a miss\u00e3o de melhorar a qualidade de vida dos cidad\u00e3os de Uberl\u00e2ndia atrav\u00e9s de servi\u00e7os de constru\u00e7\u00e3o civil de excel\u00eancia. Sob sua lideran\u00e7a, a empresa executou diversos empreendimentos importantes na cidade e atendeu \u00e0 demandas do munic\u00edpio, contribuindo signifi cativamente para o desenvolvimento urbano por meio de obras p\u00fablicas. Hoje, aos 35 anos, Ricardo acumula uma carreira s\u00f3lida e de sucesso, sendo respons\u00e1vel pela gera\u00e7\u00e3o de mais de 150 empregos diretos e indiretos. Sua trajet\u00f3ria \u00e9 marcada por um compromisso cont\u00ednuo com o progresso de Uberl\u00e2ndia, destacando-se como um pilar fundamental na constru\u00e7\u00e3o de um futuro melhor para a comunidade local.<a><\/a><\/p>\n\n\n\n<figure class=\"wp-block-image size-full\"><img loading=\"lazy\" decoding=\"async\" width=\"740\" height=\"271\" src=\"https:\/\/revistahubclub.com.br\/portal\/wp-content\/uploads\/2024\/12\/faf46e_d1851b31ce5f4a6d99b13cc10636b6f6mv2.webp\" alt=\"\" class=\"wp-image-718\" srcset=\"https:\/\/revistahubclub.com.br\/portal\/wp-content\/uploads\/2024\/12\/faf46e_d1851b31ce5f4a6d99b13cc10636b6f6mv2.webp 740w, https:\/\/revistahubclub.com.br\/portal\/wp-content\/uploads\/2024\/12\/faf46e_d1851b31ce5f4a6d99b13cc10636b6f6mv2-300x110.webp 300w\" sizes=\"auto, (max-width: 740px) 100vw, 740px\" \/><\/figure>\n\n\n\n<p id=\"viewer-18ss27778\"><strong>Comendador<\/strong><\/p>\n\n\n\n<p id=\"viewer-tz7lm7793\">Prova de todo seu trabalho ao longo dos anos, Ricardo foi homenageado neste ano com a Comenda Augusto C\u00e9sar por sua contribui\u00e7\u00e3o ao desenvolvimento de Uberl\u00e2ndia. Considerada a maior honraria dada pelo munic\u00edpio a um cidad\u00e3o ou entidade, Ricardo foi indicado pelo vereador Gilberto Rezende para receber a comenda.<\/p>\n\n\n\n<figure class=\"wp-block-image size-full\"><img loading=\"lazy\" decoding=\"async\" width=\"740\" height=\"565\" src=\"https:\/\/revistahubclub.com.br\/portal\/wp-content\/uploads\/2024\/12\/faf46e_70d75a36f28943c1b4e8767edb146bffmv2.webp\" alt=\"\" class=\"wp-image-720\" srcset=\"https:\/\/revistahubclub.com.br\/portal\/wp-content\/uploads\/2024\/12\/faf46e_70d75a36f28943c1b4e8767edb146bffmv2.webp 740w, https:\/\/revistahubclub.com.br\/portal\/wp-content\/uploads\/2024\/12\/faf46e_70d75a36f28943c1b4e8767edb146bffmv2-300x229.webp 300w\" sizes=\"auto, (max-width: 740px) 100vw, 740px\" \/><\/figure>\n\n\n\n<figure class=\"wp-block-image size-full\"><img loading=\"lazy\" decoding=\"async\" width=\"324\" height=\"358\" src=\"https:\/\/revistahubclub.com.br\/portal\/wp-content\/uploads\/2024\/12\/faf46e_2276c718e16e47bdb8488b7994962b5emv2.webp\" alt=\"\" class=\"wp-image-719\" srcset=\"https:\/\/revistahubclub.com.br\/portal\/wp-content\/uploads\/2024\/12\/faf46e_2276c718e16e47bdb8488b7994962b5emv2.webp 324w, https:\/\/revistahubclub.com.br\/portal\/wp-content\/uploads\/2024\/12\/faf46e_2276c718e16e47bdb8488b7994962b5emv2-272x300.webp 272w\" sizes=\"auto, (max-width: 324px) 100vw, 324px\" \/><\/figure>\n","protected":false},"excerpt":{"rendered":"<p>Dedica\u00e7\u00e3o ao progresso e desenvolvimento de Uberl\u00e2ndia Publi Editorial | Fotos Mauro Marques | Divulga\u00e7\u00e3o Ricardo Silvestre Arantes Teixeira, nascido em Uberl\u00e2ndia em 26 de dezembro de 1988, \u00e9 um<\/p>\n","protected":false},"author":1,"featured_media":716,"comment_status":"open","ping_status":"open","sticky":false,"template":"","format":"standard","meta":{"footnotes":""},"categories":[1],"tags":[],"class_list":["post-715","post","type-post","status-publish","format-standard","has-post-thumbnail","hentry","category-noticias"],"_links":{"self":[{"href":"https:\/\/revistahubclub.com.br\/portal\/wp-json\/wp\/v2\/posts\/715","targetHints":{"allow":["GET"]}}],"collection":[{"href":"https:\/\/revistahubclub.com.br\/portal\/wp-json\/wp\/v2\/posts"}],"about":[{"href":"https:\/\/revistahubclub.com.br\/portal\/wp-json\/wp\/v2\/types\/post"}],"author":[{"embeddable":true,"href":"https:\/\/revistahubclub.com.br\/portal\/wp-json\/wp\/v2\/users\/1"}],"replies":[{"embeddable":true,"href":"https:\/\/revistahubclub.com.br\/portal\/wp-json\/wp\/v2\/comments?post=715"}],"version-history":[{"count":1,"href":"https:\/\/revistahubclub.com.br\/portal\/wp-json\/wp\/v2\/posts\/715\/revisions"}],"predecessor-version":[{"id":721,"href":"https:\/\/revistahubclub.com.br\/portal\/wp-json\/wp\/v2\/posts\/715\/revisions\/721"}],"wp:featuredmedia":[{"embeddable":true,"href":"https:\/\/revistahubclub.com.br\/portal\/wp-json\/wp\/v2\/media\/716"}],"wp:attachment":[{"href":"https:\/\/revistahubclub.com.br\/portal\/wp-json\/wp\/v2\/media?parent=715"}],"wp:term":[{"taxonomy":"category","embeddable":true,"href":"https:\/\/revistahubclub.com.br\/portal\/wp-json\/wp\/v2\/categories?post=715"},{"taxonomy":"post_tag","embeddable":true,"href":"https:\/\/revistahubclub.com.br\/portal\/wp-json\/wp\/v2\/tags?post=715"}],"curies":[{"name":"wp","href":"https:\/\/api.w.org\/{rel}","templated":true}]}}