{"id":722,"date":"2024-09-16T17:30:00","date_gmt":"2024-09-16T20:30:00","guid":{"rendered":"https:\/\/revistahubclub.com.br\/portal\/?p=722"},"modified":"2024-12-11T17:34:27","modified_gmt":"2024-12-11T20:34:27","slug":"memoria-viva-personagens-trajetorias-e-empreendedores-que-impulsionam-o-desenvolvimento-de-uberlandia","status":"publish","type":"post","link":"https:\/\/revistahubclub.com.br\/portal\/2024\/09\/16\/memoria-viva-personagens-trajetorias-e-empreendedores-que-impulsionam-o-desenvolvimento-de-uberlandia\/","title":{"rendered":"Mem\u00f3ria Viva &#8211; Personagens, trajet\u00f3rias e empreendedores que impulsionam o desenvolvimento de Uberl\u00e2ndia"},"content":{"rendered":"\n<p id=\"viewer-foo\"><strong><em>Carolina Barros | Fotos Divulga\u00e7\u00e3o<\/em><\/strong><\/p>\n\n\n\n<p id=\"viewer-beqcf2466\">No dia 31 de agosto, Uberl\u00e2ndia celebrou 136 anos. Ao longo de mais de um s\u00e9culo, essa cidade pulsante se transformou em um importante polo de desenvolvimento, reconhecida por sua diversidade cultural, econ\u00f4mica e social. Com um passado repleto de desafios e conquistas, Uberl\u00e2ndia \u00e9 resultado do esfor\u00e7o e da dedica\u00e7\u00e3o de muitas pessoas que, ao longo dos anos, dedicaram suas vidas ao crescimento e \u00e0 melhoria da qualidade de vida da popula\u00e7\u00e3o. Neste momento especial, buscamos homenagear n\u00e3o somente o munic\u00edpio, mas tamb\u00e9m parte daqueles que, com suas trajet\u00f3rias inspiradoras, contribu\u00edram e continuam a contribuir para a constru\u00e7\u00e3o de uma cidade mais forte e vibrante. Conversamos com personalidades de diferentes segmentos, cujas experi\u00eancias e vis\u00f5es ajudam a contar e transformar nossa hist\u00f3ria. Seus depoimentos n\u00e3o apenas refletem o que a cidade foi, mas tamb\u00e9m o que ela pode se tornar. At\u00e9 aqui uma rica trajet\u00f3ria. E um futuro promissor que nos aguarda.<\/p>\n\n\n\n<p id=\"viewer-nxmmg2773\">\u201cMe sinto um privilegiado por fazer parte de uma fam\u00edlia que acreditou, investiu e contribuiu para Uberl\u00e2ndia ser grandiosa como \u00e9 hoje. Assistir a esse desenvolvimento que atravessou mais de um s\u00e9culo, l\u00e1 no come\u00e7o com meu av\u00f4 Nicomedes Alves dos Santos e que foi herdado como legado pelos seguintes, \u00e9 constatar que tudo valeu a pena. A Uberl\u00e2ndia deste s\u00e9culo XXI, agora com 136 anos, \u00e9 uma cidade que serve de modelo e exemplo para o resto do pa\u00eds, sobretudo por sua gente. Um centro log\u00edstico ousado, canal de distribui\u00e7\u00e3o para o Brasil inteiro. Forte no setor atacadista, na ind\u00fastria, no com\u00e9rcio e excel\u00eancia no agroneg\u00f3cio, essa mola propulsora extraordin\u00e1ria que nos enche de orgulho. Investimos toda nossa energia e esfor\u00e7o aqui, com o Grupo Parana\u00edba de Comunica\u00e7\u00e3o, nossa TV Parana\u00edba, as r\u00e1dios Parana\u00edba e Educadora, e o ve\u00edculo ca\u00e7ula que \u00e9 o portal Parana\u00edba Mais. Minha palavra \u00e9 s\u00f3 de agradecimento, pois sei que recebemos de volta, eu e minha fam\u00edlia, as coisas boas que fizemos e desejamos diuturnamente para Uberl\u00e2ndia.\u201d<\/p>\n\n\n\n<p id=\"viewer-2rz5t2625\"><strong>Ary de Castro Santos Jr.<\/strong> <strong>Presidente do Grupo Parana\u00edba de Comunica\u00e7\u00e3o<\/strong><\/p>\n\n\n\n<figure class=\"wp-block-image size-full\"><img loading=\"lazy\" decoding=\"async\" width=\"440\" height=\"660\" src=\"https:\/\/revistahubclub.com.br\/portal\/wp-content\/uploads\/2024\/12\/faf46e_ca70dae8ac724dc189c8ef67eaa02c61mv2.webp\" alt=\"\" class=\"wp-image-723\" srcset=\"https:\/\/revistahubclub.com.br\/portal\/wp-content\/uploads\/2024\/12\/faf46e_ca70dae8ac724dc189c8ef67eaa02c61mv2.webp 440w, https:\/\/revistahubclub.com.br\/portal\/wp-content\/uploads\/2024\/12\/faf46e_ca70dae8ac724dc189c8ef67eaa02c61mv2-200x300.webp 200w\" sizes=\"auto, (max-width: 440px) 100vw, 440px\" \/><\/figure>\n\n\n\n<p id=\"viewer-jpn5j3001\">\u201cUberl\u00e2ndia simplesmente \u00e9 o que \u00e9 pelo fato de termos tido ao longo de nossa hist\u00f3ria pessoas que se apaixonaram por ela (uberlandenses e uberlandinos) e que trabalharam arduamente pra transform\u00e1-la em um dos melhores lugares para se viver, constituir suas fam\u00edlias e executar seu labor! Grande parte desta pujan\u00e7a de Uberl\u00e2ndia tamb\u00e9m se deve ao nosso posicionamento geogr\u00e1fico, abund\u00e2ncia de \u00e1gua, relevo, clima, etc\u2026 Mas nada \u00e9 comparado \u00e0 vontade e obstina\u00e7\u00e3o dos nossos antecessores (familiares, prefeitos que por aqui deixaram sua marca e tantos outros) que efetivamente transformaram a \u201cregi\u00e3o da farinha podre\u201d em um verdadeiro \u201cO\u00e1sis\u201d de prosperidade, qualidade de vida, educa\u00e7\u00e3o, sa\u00fade, fazendo de nossa Uberl\u00e2ndia uma verdadeira \u201cTERRA F\u00c9RTIL\u201d! Parab\u00e9ns a todos que fazem todo dia nossa querida Uberl\u00e2ndia ser uma terra cada vez melhor!\u201d<\/p>\n\n\n\n<p id=\"viewer-olmja2916\"><strong>F\u00e1bio Pergher<\/strong> <strong>Diretor Start Qu\u00edmica e presidente do CODEN (Conselho de Desenvolvimento Econ\u00f4mico).<\/strong><\/p>\n\n\n\n<figure class=\"wp-block-image size-full\"><img loading=\"lazy\" decoding=\"async\" width=\"462\" height=\"559\" src=\"https:\/\/revistahubclub.com.br\/portal\/wp-content\/uploads\/2024\/12\/faf46e_cf00d7ca074d4d55830b551a78f5c553mv2.webp\" alt=\"\" class=\"wp-image-724\" srcset=\"https:\/\/revistahubclub.com.br\/portal\/wp-content\/uploads\/2024\/12\/faf46e_cf00d7ca074d4d55830b551a78f5c553mv2.webp 462w, https:\/\/revistahubclub.com.br\/portal\/wp-content\/uploads\/2024\/12\/faf46e_cf00d7ca074d4d55830b551a78f5c553mv2-248x300.webp 248w\" sizes=\"auto, (max-width: 462px) 100vw, 462px\" \/><\/figure>\n\n\n\n<p id=\"viewer-ws1un3311\">\u201cContribuir para o crescimento de Uberl\u00e2ndia sempre foi uma miss\u00e3o importante para mim. Ao longo dos anos, tive a honra de participar de projetos que impulsionaram o desenvolvimento econ\u00f4mico e social da cidade. Cada iniciativa que apoiei foi movida pelo desejo de ver Uberl\u00e2ndia prosperar e oferecer cada vez mais oportunidades para seus cidad\u00e3os. Parabenizo nosso munic\u00edpio por mais um anivers\u00e1rio e desejo que continuemos a trilhar juntos um caminho de sucesso e crescimento.\u201d<\/p>\n\n\n\n<p id=\"viewer-fd8tz3220\"><strong>Rosalina Vilela<\/strong> <strong>CEO Erlan Foods<\/strong><\/p>\n\n\n\n<figure class=\"wp-block-image size-full\"><img loading=\"lazy\" decoding=\"async\" width=\"740\" height=\"416\" src=\"https:\/\/revistahubclub.com.br\/portal\/wp-content\/uploads\/2024\/12\/faf46e_4cd4ad3bccba4b5ab5404a6487c3cc9dmv2.webp\" alt=\"\" class=\"wp-image-725\" srcset=\"https:\/\/revistahubclub.com.br\/portal\/wp-content\/uploads\/2024\/12\/faf46e_4cd4ad3bccba4b5ab5404a6487c3cc9dmv2.webp 740w, https:\/\/revistahubclub.com.br\/portal\/wp-content\/uploads\/2024\/12\/faf46e_4cd4ad3bccba4b5ab5404a6487c3cc9dmv2-300x169.webp 300w\" sizes=\"auto, (max-width: 740px) 100vw, 740px\" \/><\/figure>\n\n\n\n<p id=\"viewer-jqru23671\">\u201cSou uberlandense com muito orgulho, filho de Tubal Vilela da Silva e Nila de Siqueira Silva. Sempre fui apaixonado por essa cidade e fascinado pelo mundo que pude trazer para c\u00e1 atrav\u00e9s da tela da TV. Quando fundei a TV Integra\u00e7\u00e3o, a primeira afiliada Rede Globo h\u00e1 60 anos, estimulei o p\u00fablico a compreender a diferen\u00e7a entre viver no Tri\u00e2ngulo Mineiro e fazer parte de um pa\u00eds, entre ter informa\u00e7\u00e3o no tempo poss\u00edvel e em tempo real. Entre o anal\u00f3gico e o digital, entre apenas ter not\u00edcia e ser not\u00edcia. Atrav\u00e9s da TV Integra\u00e7\u00e3o mostramos ao Brasil nossa cultura, nossa gente, nossa identidade. A minha gera\u00e7\u00e3o passou por muitas mudan\u00e7as assim como Uberl\u00e2ndia, que sempre muda para melhor, crescendo atrav\u00e9s dos desafios enfrentados e cumpridos. Os meus sinceros parab\u00e9ns para Uberl\u00e2ndia nos seus 136 anos.\u201d<\/p>\n\n\n\n<p id=\"viewer-5j2ih3574\"><strong>Tubal Siqueira<\/strong> <strong>Presidente do Grupo Integra\u00e7\u00e3o<\/strong><\/p>\n\n\n\n<figure class=\"wp-block-image size-full\"><img loading=\"lazy\" decoding=\"async\" width=\"492\" height=\"369\" src=\"https:\/\/revistahubclub.com.br\/portal\/wp-content\/uploads\/2024\/12\/faf46e_74e160ef785a4a169652c97ac5e3a04amv2.webp\" alt=\"\" class=\"wp-image-726\" srcset=\"https:\/\/revistahubclub.com.br\/portal\/wp-content\/uploads\/2024\/12\/faf46e_74e160ef785a4a169652c97ac5e3a04amv2.webp 492w, https:\/\/revistahubclub.com.br\/portal\/wp-content\/uploads\/2024\/12\/faf46e_74e160ef785a4a169652c97ac5e3a04amv2-300x225.webp 300w, https:\/\/revistahubclub.com.br\/portal\/wp-content\/uploads\/2024\/12\/faf46e_74e160ef785a4a169652c97ac5e3a04amv2-200x150.webp 200w\" sizes=\"auto, (max-width: 492px) 100vw, 492px\" \/><\/figure>\n\n\n\n<p id=\"viewer-4kjgb3865\">\u201cEu vim para Uberl\u00e2ndia aos 20 anos, em 1979, para trabalhar e estudar. E tinha certeza que eu queria ser empreendedor. Comecei de fato com a Politriz em 1989, 1990 e o status industrial de Uberl\u00e2ndia em n\u00edvel nacional ajudou nossa empresa a ser o que \u00e9 hoje. O Brasil todo reconhece a cidade como refer\u00eancia. Foi um come\u00e7o dif\u00edcil, descapitalizado, mas foi muito r\u00e1pida a evolu\u00e7\u00e3o da empresa. Al\u00e9m de investir na ind\u00fastria, apostei no ramo imobili\u00e1rio e Uberl\u00e2ndia continua evoluindo bastante em termos de expans\u00e3o urbana. Al\u00e9m disso, sinto uma grande alegria com o Projeto Social Instituto Politriz, com 300 crian\u00e7as de periferia, como Gl\u00f3ria, S\u00e3o Jorge e Morumbi, que a gente ajuda a manter. \u00c9 um belo projeto, um sonho realizado, tirar as crian\u00e7as da rua, e ensinar um monte de oficinas e atividades. Crian\u00e7as super inteligentes que aprendem a tocar violino em tr\u00eas meses. Uberl\u00e2ndia tem uma posi\u00e7\u00e3o muito rara, destaque especial para a qualidade da \u00e1gua tratada, tem muita credibilidade no Brasil inteiro. Quem vem pra c\u00e1 n\u00e3o quer ir embora, \u00e9 impressionante! Cidade acolhedora que todo mundo tem simpatia. Parab\u00e9ns Uberl\u00e2ndia pelos 136 anos.\u201d<\/p>\n\n\n\n<p id=\"viewer-pye3e3738\"><strong>L\u00e1zaro Magalh\u00e3es<\/strong> <strong>Presidente Politriz<\/strong><\/p>\n\n\n\n<figure class=\"wp-block-image size-full\"><img loading=\"lazy\" decoding=\"async\" width=\"444\" height=\"666\" src=\"https:\/\/revistahubclub.com.br\/portal\/wp-content\/uploads\/2024\/12\/faf46e_50d0945894e54c5bb54dd91fc082f0f8mv2.webp\" alt=\"\" class=\"wp-image-727\" srcset=\"https:\/\/revistahubclub.com.br\/portal\/wp-content\/uploads\/2024\/12\/faf46e_50d0945894e54c5bb54dd91fc082f0f8mv2.webp 444w, https:\/\/revistahubclub.com.br\/portal\/wp-content\/uploads\/2024\/12\/faf46e_50d0945894e54c5bb54dd91fc082f0f8mv2-200x300.webp 200w\" sizes=\"auto, (max-width: 444px) 100vw, 444px\" \/><\/figure>\n\n\n\n<p id=\"viewer-oajbd4503\">\u201cUberl\u00e2ndia celebra 136 anos de uma hist\u00f3ria rica e vibrante, marcada pela dedica\u00e7\u00e3o e trabalho \u00e1rduo de sua popula\u00e7\u00e3o. Desde os primeiros passos do grupo Algar, trazido pela fam\u00edlia Garcia, at\u00e9 o presente, a cidade se desenvolveu em um ponto geogr\u00e1fico privilegiado, favorecendo a agricultura e a pecu\u00e1ria. Com uma localiza\u00e7\u00e3o privilegiada, Uberl\u00e2ndia se destaca pela sua abund\u00e2ncia e potencial de crescimento. A cidade teve a sorte de contar com l\u00edderes e pol\u00edticos extraordin\u00e1rios, como Rondon Pacheco, Homero Santos e Valdir Melga\u00e7o que, juntamente com o Comendador Alexandrino Garcia, contribu\u00edram significativamente para o seu desenvolvimento. Uberl\u00e2ndia, com sua hist\u00f3ria de sucesso e futuro promissor, \u00e9 um exemplo de progresso e prosperidade. Parab\u00e9ns Uberl\u00e2ndia, pelo seu passado glorioso e pelo futuro brilhante que nos aguarda.\u201d<\/p>\n\n\n\n<p id=\"viewer-5tnza4378\"><strong>Luiz Alberto Garcia<\/strong> <strong>Presidente de honra do Conselho de Administra\u00e7\u00e3o do Grupo Algar<\/strong><\/p>\n\n\n\n<figure class=\"wp-block-image size-full\"><img loading=\"lazy\" decoding=\"async\" width=\"488\" height=\"397\" src=\"https:\/\/revistahubclub.com.br\/portal\/wp-content\/uploads\/2024\/12\/faf46e_6360304ab488422fae6fdf1fd16c330emv2.webp\" alt=\"\" class=\"wp-image-729\" srcset=\"https:\/\/revistahubclub.com.br\/portal\/wp-content\/uploads\/2024\/12\/faf46e_6360304ab488422fae6fdf1fd16c330emv2.webp 488w, https:\/\/revistahubclub.com.br\/portal\/wp-content\/uploads\/2024\/12\/faf46e_6360304ab488422fae6fdf1fd16c330emv2-300x244.webp 300w\" sizes=\"auto, (max-width: 488px) 100vw, 488px\" \/><\/figure>\n\n\n\n<p id=\"viewer-n8i6b5327\">\u201cA ITV Urbanismo desenvolveu um ter\u00e7o de Uberl\u00e2ndia: a segunda maior cidade de Minas Gerais. Isso \u00e9 muito significativo e um orgulho imenso para empresa, que nasceu aqui, em 1937, quando Uberl\u00e2ndia tinha apenas 49 anos de emancipa\u00e7\u00e3o. Hoje, s\u00e3o 136 anos de Uberl\u00e2ndia e 87 anos de ITV Urbanismo. Comemorar o anivers\u00e1rio da nossa terra natal, da minha terra natal, onde tamb\u00e9m nasci e cresci, \u00e9 celebrar a nossa hist\u00f3ria e homenagear um lugar e um povo que nos fez ser quem somos hoje. Expandimos para novos mercados. Fomos para S\u00e3o Paulo, Rio Grande do Sul e estamos chegando em Alagoas e Par\u00e1, mas \u00e9 para c\u00e1 onde sempre voltamos, para construir empreendimentos ainda melhores e contribuir para o bem-estar da popula\u00e7\u00e3o. Parab\u00e9ns Uberl\u00e2ndia! Parab\u00e9ns a todos que tamb\u00e9m contribu\u00edram para este lugar ser o que \u00e9 hoje. Obrigado pela confian\u00e7a em nosso trabalho.\u201d<\/p>\n\n\n\n<p id=\"viewer-6sbzq5187\"><strong>Mauro de Freitas Pereira<\/strong><\/p>\n\n\n\n<p id=\"viewer-57ulr5224\"><strong>Presidente da ITV Urbanismo<\/strong><\/p>\n\n\n\n<figure class=\"wp-block-image size-full\"><img loading=\"lazy\" decoding=\"async\" width=\"432\" height=\"537\" src=\"https:\/\/revistahubclub.com.br\/portal\/wp-content\/uploads\/2024\/12\/faf46e_3a206ce8d31d4e189f3938caf512b3e7mv2.webp\" alt=\"\" class=\"wp-image-728\" srcset=\"https:\/\/revistahubclub.com.br\/portal\/wp-content\/uploads\/2024\/12\/faf46e_3a206ce8d31d4e189f3938caf512b3e7mv2.webp 432w, https:\/\/revistahubclub.com.br\/portal\/wp-content\/uploads\/2024\/12\/faf46e_3a206ce8d31d4e189f3938caf512b3e7mv2-241x300.webp 241w\" sizes=\"auto, (max-width: 432px) 100vw, 432px\" \/><\/figure>\n\n\n\n<p id=\"viewer-sykcu6154\">\u201cParabenizo Uberl\u00e2ndia por mais um anivers\u00e1rio! Tenho observado como nossa cidade tem se destacado, cada vez mais, no cen\u00e1rio nacional e internacional pela sua velocidade de adapta\u00e7\u00e3o, inova\u00e7\u00e3o e renova\u00e7\u00e3o. Vejo esse movimento acontecendo em v\u00e1rias \u00e1reas, da tecnologia, nos empreendimentos e expandindo-se para o agroneg\u00f3cio, log\u00edstica e at\u00e9 nos esportes. Com muita satisfa\u00e7\u00e3o, acompanho o crescimento e a posi\u00e7\u00e3o de destaque de empresas de tecnologia e startups sediadas em nossa cidade, que tem se tornado um ecossistema muito prop\u00edcio para o crescimento e sucesso empresarial. Noto que as empresas e os empreendedores est\u00e3o em converg\u00eancia, fazendo neg\u00f3cios entre si, fomentando investidores e acreditando mais nas ideias e no potencial local. Percebo que isso, aliado \u00e0 ado\u00e7\u00e3o de um mindset cada vez mais adequado para a inova\u00e7\u00e3o, tem impactado positivamente o sucesso de alguns neg\u00f3cios. Acredito que a instaura\u00e7\u00e3o do Polo Tecnol\u00f3gico Sul de Uberl\u00e2ndia refor\u00e7a o compromisso da nossa cidade com a tecnologia e a inova\u00e7\u00e3o e n\u00e3o tenho d\u00favidas de que mais empresas chegar\u00e3o para fazer parte desse ecossistema. Como cidad\u00e3o uberlandense, parabenizo nossa cidade e todos que t\u00eam contribu\u00eddo para que nossa regi\u00e3o continue progredindo e se destacando. Orgulho-me de que a Sankhya, empresa que fundamos aqui h\u00e1 trinta e cinco anos, esteja expandindo e levando tecnologia uberlandense para o Brasil e para o mundo.\u201d<\/p>\n\n\n\n<p id=\"viewer-lnv7x6000\"><strong>F\u00e1bio T\u00falio<\/strong><\/p>\n\n\n\n<p id=\"viewer-b8yah6043\"><strong>Empres\u00e1rio e presidente da Aciub<\/strong><\/p>\n\n\n\n<figure class=\"wp-block-image size-full\"><img loading=\"lazy\" decoding=\"async\" width=\"740\" height=\"492\" src=\"https:\/\/revistahubclub.com.br\/portal\/wp-content\/uploads\/2024\/12\/faf46e_6f1fc1c25d3c43deaa53789a1095f63amv2.webp\" alt=\"\" class=\"wp-image-731\" srcset=\"https:\/\/revistahubclub.com.br\/portal\/wp-content\/uploads\/2024\/12\/faf46e_6f1fc1c25d3c43deaa53789a1095f63amv2.webp 740w, https:\/\/revistahubclub.com.br\/portal\/wp-content\/uploads\/2024\/12\/faf46e_6f1fc1c25d3c43deaa53789a1095f63amv2-300x199.webp 300w\" sizes=\"auto, (max-width: 740px) 100vw, 740px\" \/><\/figure>\n\n\n\n<p id=\"viewer-fgka47171\">\u201cEu nasci e fui criado em Uberl\u00e2ndia. Aqui constitu\u00ed minha fam\u00edlia e meus neg\u00f3cios. Em fevereiro de 1977 fundei a Miramontes na for\u00e7a de vontade, porque tinha um foco, queria empreender. \u00c9ramos Deus e eu, com uma ajudinha do meu pai. Deu certo este sonho. Acredito que Uberl\u00e2ndia \u00e9 cheia de oportunidades se a pessoa souber us\u00e1-las. Quem trabalha e se dedica \u00e0quilo que quer, encontra em Uberl\u00e2ndia uma cidade maravilhosa para isso. A Miramontes completou 47 anos e atribuo este sucesso a muito trabalho, mas tamb\u00e9m a tudo o que a cidade oferece, como uma localiza\u00e7\u00e3o importante para economia, agroneg\u00f3cio e pol\u00edtica, por exemplo. Meu av\u00f4 sempre falava que a gente precisa investir em im\u00f3veis. Assim que comprei a Miramontes, j\u00e1 comecei a comprar pequenos lotes a partir de 1997 e investi em loteamentos na Zona Sul. Uma regi\u00e3o em crescimento acelerado e que traz boas expectativas. Falar de Uberl\u00e2ndia \u00e9 falar de crescimento e desenvolvimento. S\u00f3 tenho a parabenizar a cidade pelos 136 anos.\u201d<\/p>\n\n\n\n<p id=\"viewer-o7jsr7072\"><strong>Jos\u00e9 Luiz<\/strong><\/p>\n\n\n\n<p id=\"viewer-fobma7121\"><strong>Tecidos Miramontes<\/strong><\/p>\n","protected":false},"excerpt":{"rendered":"<p>Carolina Barros | Fotos Divulga\u00e7\u00e3o No dia 31 de agosto, Uberl\u00e2ndia celebrou 136 anos. Ao longo de mais de um s\u00e9culo, essa cidade pulsante se transformou em um importante polo<\/p>\n","protected":false},"author":1,"featured_media":730,"comment_status":"open","ping_status":"open","sticky":false,"template":"","format":"standard","meta":{"footnotes":""},"categories":[1],"tags":[],"class_list":["post-722","post","type-post","status-publish","format-standard","has-post-thumbnail","hentry","category-noticias"],"_links":{"self":[{"href":"https:\/\/revistahubclub.com.br\/portal\/wp-json\/wp\/v2\/posts\/722","targetHints":{"allow":["GET"]}}],"collection":[{"href":"https:\/\/revistahubclub.com.br\/portal\/wp-json\/wp\/v2\/posts"}],"about":[{"href":"https:\/\/revistahubclub.com.br\/portal\/wp-json\/wp\/v2\/types\/post"}],"author":[{"embeddable":true,"href":"https:\/\/revistahubclub.com.br\/portal\/wp-json\/wp\/v2\/users\/1"}],"replies":[{"embeddable":true,"href":"https:\/\/revistahubclub.com.br\/portal\/wp-json\/wp\/v2\/comments?post=722"}],"version-history":[{"count":1,"href":"https:\/\/revistahubclub.com.br\/portal\/wp-json\/wp\/v2\/posts\/722\/revisions"}],"predecessor-version":[{"id":732,"href":"https:\/\/revistahubclub.com.br\/portal\/wp-json\/wp\/v2\/posts\/722\/revisions\/732"}],"wp:featuredmedia":[{"embeddable":true,"href":"https:\/\/revistahubclub.com.br\/portal\/wp-json\/wp\/v2\/media\/730"}],"wp:attachment":[{"href":"https:\/\/revistahubclub.com.br\/portal\/wp-json\/wp\/v2\/media?parent=722"}],"wp:term":[{"taxonomy":"category","embeddable":true,"href":"https:\/\/revistahubclub.com.br\/portal\/wp-json\/wp\/v2\/categories?post=722"},{"taxonomy":"post_tag","embeddable":true,"href":"https:\/\/revistahubclub.com.br\/portal\/wp-json\/wp\/v2\/tags?post=722"}],"curies":[{"name":"wp","href":"https:\/\/api.w.org\/{rel}","templated":true}]}}