{"id":7279,"date":"2022-05-02T15:15:00","date_gmt":"2022-05-02T18:15:00","guid":{"rendered":"https:\/\/revistahubclub.com.br\/portal\/?p=7279"},"modified":"2024-12-20T15:16:07","modified_gmt":"2024-12-20T18:16:07","slug":"a-maior-feira-literaria-de-minas-gerais-esta-em-ituiutaba","status":"publish","type":"post","link":"https:\/\/revistahubclub.com.br\/portal\/2022\/05\/02\/a-maior-feira-literaria-de-minas-gerais-esta-em-ituiutaba\/","title":{"rendered":"A maior feira liter\u00e1ria de Minas Gerais est\u00e1 em Ituiutaba"},"content":{"rendered":"\n<p>Atualizado:&nbsp;3 de mai. de 2022<\/p>\n\n\n\n<p id=\"viewer-foo\"><em>A feira estar\u00e1 aberta a partir de hoje (02\/5) at\u00e9 s\u00e1bado e promete uma aventura liter\u00e1ria para seus visitantes.<\/em><\/p>\n\n\n\n<p id=\"viewer-23i31\">Dos dias 02 a 07 de maio, a cidade de Ituiutaba contar\u00e1 com mais uma edi\u00e7\u00e3o do Elicer (Encontro Liter\u00e1rio do Cerrado) com a jornada pelos Quintais da Imagina\u00e7\u00e3o. As cidades contempladas nesta viagem liter\u00e1ria por Minas Gerais \u00e9 Campo Belo, Ituiutaba, Juiz de Fora, Montes Claros, Uberaba e Uberl\u00e2ndia.<\/p>\n\n\n\n<figure class=\"wp-block-video\"><video height=\"352\" style=\"aspect-ratio: 640 \/ 352;\" width=\"640\" controls src=\"https:\/\/revistahubclub.com.br\/portal\/wp-content\/uploads\/2024\/12\/file-15.mp4\"><\/video><\/figure>\n\n\n\n<p id=\"viewer-fsl3c\">A partir das 8h a maior feira liter\u00e1ria de Minas Gerais estar\u00e1 aberta com exposi\u00e7\u00f5es, bate papos com escritores de todo o Brasil, e de outros pa\u00edses que falam a l\u00edngua portuguesa, atividades de forma\u00e7\u00e3o, visita\u00e7\u00e3o de escolas, mesas virtuais internacionais e muito mais.<\/p>\n\n\n\n<p id=\"viewer-15gfs\">O evento recebeu o investimento de R$9,6 milh\u00f5es em vales\/livros do governo do Estado de Minas Gerais para estudantes escolherem os livros de sua prefer\u00eancia. Portanto, para estudantes e corpo docente, o Elicer \u00e9 imperd\u00edvel.<\/p>\n\n\n\n<p id=\"viewer-422uo\">J\u00e1 garantiu o seu ingresso para a <strong>Feijoada do Celinho <\/strong>no dia 28 de maio? <a target=\"_blank\" href=\"https:\/\/www.hubceliocardoso.com.br\/feijoada\" rel=\"noreferrer noopener\"><u>Acesse aqui.<\/u><\/a><\/p>\n","protected":false},"excerpt":{"rendered":"<p>Atualizado:&nbsp;3 de mai. de 2022 A feira estar\u00e1 aberta a partir de hoje (02\/5) at\u00e9 s\u00e1bado e promete uma aventura liter\u00e1ria para seus visitantes. Dos dias 02 a 07 de<\/p>\n","protected":false},"author":1,"featured_media":7280,"comment_status":"open","ping_status":"open","sticky":false,"template":"","format":"standard","meta":{"footnotes":""},"categories":[1],"tags":[],"class_list":["post-7279","post","type-post","status-publish","format-standard","has-post-thumbnail","hentry","category-noticias"],"_links":{"self":[{"href":"https:\/\/revistahubclub.com.br\/portal\/wp-json\/wp\/v2\/posts\/7279","targetHints":{"allow":["GET"]}}],"collection":[{"href":"https:\/\/revistahubclub.com.br\/portal\/wp-json\/wp\/v2\/posts"}],"about":[{"href":"https:\/\/revistahubclub.com.br\/portal\/wp-json\/wp\/v2\/types\/post"}],"author":[{"embeddable":true,"href":"https:\/\/revistahubclub.com.br\/portal\/wp-json\/wp\/v2\/users\/1"}],"replies":[{"embeddable":true,"href":"https:\/\/revistahubclub.com.br\/portal\/wp-json\/wp\/v2\/comments?post=7279"}],"version-history":[{"count":1,"href":"https:\/\/revistahubclub.com.br\/portal\/wp-json\/wp\/v2\/posts\/7279\/revisions"}],"predecessor-version":[{"id":7282,"href":"https:\/\/revistahubclub.com.br\/portal\/wp-json\/wp\/v2\/posts\/7279\/revisions\/7282"}],"wp:featuredmedia":[{"embeddable":true,"href":"https:\/\/revistahubclub.com.br\/portal\/wp-json\/wp\/v2\/media\/7280"}],"wp:attachment":[{"href":"https:\/\/revistahubclub.com.br\/portal\/wp-json\/wp\/v2\/media?parent=7279"}],"wp:term":[{"taxonomy":"category","embeddable":true,"href":"https:\/\/revistahubclub.com.br\/portal\/wp-json\/wp\/v2\/categories?post=7279"},{"taxonomy":"post_tag","embeddable":true,"href":"https:\/\/revistahubclub.com.br\/portal\/wp-json\/wp\/v2\/tags?post=7279"}],"curies":[{"name":"wp","href":"https:\/\/api.w.org\/{rel}","templated":true}]}}