{"id":7312,"date":"2022-04-28T15:22:00","date_gmt":"2022-04-28T18:22:00","guid":{"rendered":"https:\/\/revistahubclub.com.br\/portal\/?p=7312"},"modified":"2024-12-20T15:23:20","modified_gmt":"2024-12-20T18:23:20","slug":"anima-educacao-realiza-evento-com-andrea-iorio","status":"publish","type":"post","link":"https:\/\/revistahubclub.com.br\/portal\/2022\/04\/28\/anima-educacao-realiza-evento-com-andrea-iorio\/","title":{"rendered":"\u00c2nima Educa\u00e7\u00e3o realiza evento com Andrea Iorio"},"content":{"rendered":"\n<p id=\"viewer-foo\"><em>Durante o encontro, que acontece no pr\u00f3ximo dia 5, o especialista falar\u00e1 sobre metaverso e mercado de trabalho<\/em><\/p>\n\n\n\n<p id=\"viewer-2ujpb\"><em><\/em>A \u00c2nima Educa\u00e7\u00e3o, da qual a microrregional Una Tri\u00e2ngulo Mineiro e Goi\u00e1s, maior e o mais inovador ecossistema de ensino de qualidade do Pa\u00eds, realiza o evento \u201cMetaverso e suas perspectivas no mundo do trabalho\u201d. O encontro que acontece no dia 05\/05, \u00e0s 19h, pode ser acompanhado ao vivo no Youtube da Institui\u00e7\u00e3o. O bate-papo \u00e9 aberto ao p\u00fablico e as inscri\u00e7\u00f5es podem ser realizadas no link: <a target=\"_blank\" href=\"https:\/\/cloud.e.animaeducacao.com.br\/metaverso-e-suas-perspectivas\" rel=\"noreferrer noopener\"><u>https:\/\/cloud.e.animaeducacao.com.br\/metaverso-e-suas-perspectivas<\/u><\/a>.<\/p>\n\n\n\n<p id=\"viewer-1db5q\">A conversa ser\u00e1 conduzida por Andrea Iorio, que possui gradua\u00e7\u00e3o em economia pela Universidade Bocconi, em Mil\u00e3o, It\u00e1lia, e mestrado em rela\u00e7\u00f5es internacionais pela Universidade Johns Hopkins, em Washington, EUA. Iorio \u00e9 ainda autor dos livros \u201c6 Compet\u00eancias da Transforma\u00e7\u00e3o Digital\u201d, \u201cO Futuro n\u00e3o \u00e9 mais como Antigamente\u201d e \u201cMetanoia Lab: li\u00e7\u00f5es sobre Soft Skills no mundo Digital\u201d.<\/p>\n\n\n\n<p id=\"viewer-3l4bl\"><strong>Servi\u00e7o:<\/strong><\/p>\n\n\n\n<p id=\"viewer-8kl71\"><strong>\u201cMetaverso e suas perspectivas no mundo do trabalho\u201d<\/strong><\/p>\n\n\n\n<p id=\"viewer-41r9j\"><strong>Data e hor\u00e1rio:<\/strong> 05\/05, 19h.<\/p>\n\n\n\n<p id=\"viewer-eup4k\"><strong>Local:<\/strong> Youtube \u00c2nima Educa\u00e7\u00e3o<\/p>\n\n\n\n<p id=\"viewer-b5r68\"><strong>Inscri\u00e7\u00f5es:<\/strong> <a target=\"_blank\" href=\"https:\/\/cloud.e.animaeducacao.com.br\/metaverso-e-suas-perspectivas\" rel=\"noreferrer noopener\"><u>https:\/\/cloud.e.animaeducacao.com.br\/metaverso-e-suas-perspectivas<\/u><\/a><\/p>\n\n\n\n<p id=\"viewer-3lalc\"><strong><u>Sobre a Una<\/u><\/strong><\/p>\n\n\n\n<p id=\"viewer-5r7i9\">Com 60 anos de tradi\u00e7\u00e3o em ensino superior, o Centro Universit\u00e1rio Una, que integra o Ecossistema \u00c2nima, oferece mais de 60 op\u00e7\u00f5es de cursos de gradua\u00e7\u00e3o. Est\u00e1 entre os melhores centros universit\u00e1rios do pa\u00eds, pelo MEC, e \u00e9 destaque na edi\u00e7\u00e3o 2021 do Guia da Faculdade, iniciativa da Quero Educa\u00e7\u00e3o com o jornal O Estado de S\u00e3o Paulo. Pelo ranking, a maioria dos seus cursos foi classificada positivamente. A institui\u00e7\u00e3o preza pela qualidade acad\u00eamica e oferece projetos de extens\u00e3o universit\u00e1ria que refor\u00e7am seus pilares de inclus\u00e3o, diversidade, acessibilidade e empregabilidade.<\/p>\n\n\n\n<p id=\"viewer-49kui\">Una, sua parceira de vida.<\/p>\n\n\n\n<p id=\"viewer-14gom\">Quer saber mais sobre a Una, acesse:<a target=\"_blank\" href=\"http:\/\/www.una.br\/\" rel=\"noreferrer noopener\"><u> www.una.br<\/u><\/a><\/p>\n\n\n\n<p id=\"viewer-etdkf\"><strong><u>Sobre a \u00c2nima Educa\u00e7\u00e3o<\/u><\/strong><\/p>\n\n\n\n<p id=\"viewer-ejuku\">Com o prop\u00f3sito de &#8216;Transformar o Brasil pela Educa\u00e7\u00e3o&#8217;, a \u00c2nima \u00e9 o maior e o mais inovador ecossistema de ensino de qualidade do pa\u00eds com um portf\u00f3lio de marcas valiosas e um dos principais players de educa\u00e7\u00e3o continuada na \u00e1rea m\u00e9dica. A companhia \u00e9 formada por uma comunidade de aprendizagem com cerca de 350 mil pessoas, composta por 321 mil estudantes e 18 mil educadores, distribu\u00eddos em 18 institui\u00e7\u00f5es de ensino superior e em mais de 400 polos educacionais por todo o Brasil. Integradas tamb\u00e9m ao Ecossistema \u00c2nima est\u00e3o oito marcas especialistas em suas \u00e1reas de atua\u00e7\u00e3o, como HSM, HSM University, EBRADI (Escola Brasileira de Direito), Le Cordon Bleu (SP), SingularityU Brazil, Inspirali e Learning Village, primeiro hub de inova\u00e7\u00e3o e educa\u00e7\u00e3o da Am\u00e9rica Latina, al\u00e9m do Instituto \u00c2nima.<\/p>\n\n\n\n<p id=\"viewer-f4t99\">Em 2021, a \u00c2nima conquistou o 1\u00ba lugar no setor servi\u00e7os e ficou na 45\u00aa posi\u00e7\u00e3o no ranking das 150 empresas mais inovadoras do Brasil pelo Pr\u00eamio Valor Inova\u00e7\u00e3o \u2013parceria do jornal Valor Econ\u00f4mico e a Strategy&amp;, consultoria estrat\u00e9gica da PwC. Al\u00e9m disso, foi destaque no Guia ESG da revista Exame como uma das vencedoras na categoria Educa\u00e7\u00e3o e conquistou, em 2019, o pr\u00eamio Mulheres na Lideran\u00e7a, na categoria Educa\u00e7\u00e3o, iniciativa da ONG Women in Leadership in Latin America (WILL). Desde 2013, a companhia est\u00e1 na Bolsa de Valores, no segmento de Novo Mercado, considerado o de mais elevado grau de governan\u00e7a corporativa.<\/p>\n","protected":false},"excerpt":{"rendered":"<p>Durante o encontro, que acontece no pr\u00f3ximo dia 5, o especialista falar\u00e1 sobre metaverso e mercado de trabalho A \u00c2nima Educa\u00e7\u00e3o, da qual a microrregional Una Tri\u00e2ngulo Mineiro e Goi\u00e1s,<\/p>\n","protected":false},"author":1,"featured_media":7313,"comment_status":"open","ping_status":"open","sticky":false,"template":"","format":"standard","meta":{"footnotes":""},"categories":[1],"tags":[],"class_list":["post-7312","post","type-post","status-publish","format-standard","has-post-thumbnail","hentry","category-noticias"],"_links":{"self":[{"href":"https:\/\/revistahubclub.com.br\/portal\/wp-json\/wp\/v2\/posts\/7312","targetHints":{"allow":["GET"]}}],"collection":[{"href":"https:\/\/revistahubclub.com.br\/portal\/wp-json\/wp\/v2\/posts"}],"about":[{"href":"https:\/\/revistahubclub.com.br\/portal\/wp-json\/wp\/v2\/types\/post"}],"author":[{"embeddable":true,"href":"https:\/\/revistahubclub.com.br\/portal\/wp-json\/wp\/v2\/users\/1"}],"replies":[{"embeddable":true,"href":"https:\/\/revistahubclub.com.br\/portal\/wp-json\/wp\/v2\/comments?post=7312"}],"version-history":[{"count":1,"href":"https:\/\/revistahubclub.com.br\/portal\/wp-json\/wp\/v2\/posts\/7312\/revisions"}],"predecessor-version":[{"id":7314,"href":"https:\/\/revistahubclub.com.br\/portal\/wp-json\/wp\/v2\/posts\/7312\/revisions\/7314"}],"wp:featuredmedia":[{"embeddable":true,"href":"https:\/\/revistahubclub.com.br\/portal\/wp-json\/wp\/v2\/media\/7313"}],"wp:attachment":[{"href":"https:\/\/revistahubclub.com.br\/portal\/wp-json\/wp\/v2\/media?parent=7312"}],"wp:term":[{"taxonomy":"category","embeddable":true,"href":"https:\/\/revistahubclub.com.br\/portal\/wp-json\/wp\/v2\/categories?post=7312"},{"taxonomy":"post_tag","embeddable":true,"href":"https:\/\/revistahubclub.com.br\/portal\/wp-json\/wp\/v2\/tags?post=7312"}],"curies":[{"name":"wp","href":"https:\/\/api.w.org\/{rel}","templated":true}]}}