{"id":7325,"date":"2022-04-27T15:24:00","date_gmt":"2022-04-27T18:24:00","guid":{"rendered":"https:\/\/revistahubclub.com.br\/portal\/?p=7325"},"modified":"2024-12-20T15:24:35","modified_gmt":"2024-12-20T18:24:35","slug":"brasil-recebe-a-primeira-certificacao-de-cafeicultura-regenerativa-do-mundo","status":"publish","type":"post","link":"https:\/\/revistahubclub.com.br\/portal\/2022\/04\/27\/brasil-recebe-a-primeira-certificacao-de-cafeicultura-regenerativa-do-mundo\/","title":{"rendered":"Brasil recebe a primeira certifica\u00e7\u00e3o de cafeicultura regenerativa do mundo"},"content":{"rendered":"\n<p id=\"viewer-foo\"><em>Empresa AgroBeloni, localizada em Patroc\u00ednio-MG, ganha reconhecimento internacional in\u00e9dito pelas boas pr\u00e1ticas na fazenda.<\/em><\/p>\n\n\n\n<p id=\"viewer-dbkh5\"><em>Por Serifa Comunica\u00e7\u00e3o<\/em><\/p>\n\n\n\n<p id=\"viewer-7dfjt\"><em>Fotos Divulga\u00e7\u00e3o<\/em><\/p>\n\n\n\n<p id=\"viewer-e3pg0\">Ao se falar em produ\u00e7\u00e3o de caf\u00e9 no Brasil devemos citar Minas Gerais. O estado mant\u00e9m o t\u00edtulo de maior produtor nacional do gr\u00e3o. De acordo com dados da Secretaria de Agricultura, Pecu\u00e1ria e Abastecimento (Seapa), no \u00faltimo ano foram colhidas 21,45 milh\u00f5es de sacas, o equivalente a 46% da safra em todo o pa\u00eds. Entre os protagonistas do estado, est\u00e1 o munic\u00edpio de Patroc\u00ednio. Com localiza\u00e7\u00e3o privilegiada no Alto Parana\u00edba, a cidade tem clima ameno, boa distribui\u00e7\u00e3o de \u00e1gua, grande n\u00famero de riachos e uma precipita\u00e7\u00e3o anual considerada ideal para o caf\u00e9 &#8211; cerca de 1.600 mililitros. Foi com a soma de todos estes elementos, aliada ao investimento em tecnologia e inova\u00e7\u00e3o, que a AgroBeloni, uma empresa familiar empreendedora, acabou de conseguir um marco in\u00e9dito global. A fazenda Santa Cruz da Vargem Grande \u00e9 a primeira produtora de caf\u00e9 no mundo a receber a certifica\u00e7\u00e3o de agricultura regenerativa Regenagri\u00ae &#8211; programa internacional de agricultura regenerativa, que visa garantir a sa\u00fade da terra e o cuidado com quem nela vive. \u201cEssa primeira certifica\u00e7\u00e3o mundial \u00e9 um orgulho para a AgroBeloni. \u00c9 o compromisso de avan\u00e7ar ainda mais no caminho da sustentabilidade e da produ\u00e7\u00e3o consciente pela preserva\u00e7\u00e3o e equil\u00edbrio da agricultura com o meio ambiente\u201d, ressalta Fernando Nogues Beloni, diretor da produ\u00e7\u00e3o cafeeira.<\/p>\n\n\n\n<figure class=\"wp-block-image\"><img decoding=\"async\" src=\"https:\/\/static.wixstatic.com\/media\/4ac39f_ccd958b1c4234306a4c2b9ef338d8ff4~mv2.jpg\/v1\/fill\/w_592,h_470,al_c,q_80,usm_0.66_1.00_0.01,enc_auto\/4ac39f_ccd958b1c4234306a4c2b9ef338d8ff4~mv2.jpg\" alt=\"\"\/><\/figure>\n\n\n\n<p id=\"viewer-aemth\">Concedido pela empresa brit\u00e2nica Control Union, presente em mais de 70 pa\u00edses, o certificado reconhece as boas pr\u00e1ticas e o uso da tecnologia, aliada \u00e0s a\u00e7\u00f5es sustent\u00e1veis com foco na agricultura regenerativa. Em maior integra\u00e7\u00e3o e harmonia com a natureza, a agricultura regenerativa emprega a restaura\u00e7\u00e3o do solo degradado, melhoramento da biodiversidade entre os polinizadores (especialmente abelhas e borboletas) e aumento da captura de carbono no solo para criar benef\u00edcios ambientais duradouros. As vantagens da agricultura regenerativa s\u00e3o muitas, destacando-se a redu\u00e7\u00e3o do uso de insumos qu\u00edmicos, produ\u00e7\u00e3o de alimentos com melhor qualidade, diminui\u00e7\u00e3o dos custos produtivos, equil\u00edbrio do bioma e redu\u00e7\u00e3o das emiss\u00f5es de carbono. \u201cInicialmente diminu\u00edmos a utiliza\u00e7\u00e3o dos defensivos qu\u00edmicos para possibilitarmos a regenera\u00e7\u00e3o da vida biol\u00f3gica do solo e plantas na fazenda, mas ao perceber os benef\u00edcios gerais na lavoura, resolvemos profissionalizar os trabalhos voltados para agricultura regenerativa e contratar uma consultoria para obter a certifica\u00e7\u00e3o\u201d, destaca Fernando. J\u00e1 o diretor agr\u00edcola da empresa, Carmelo Beloni, acrescenta que a conquista representa as a\u00e7\u00f5es conscientes da empresa ao longo dos \u00faltimos anos. \u201cSer sustent\u00e1vel \u00e9 algo inerente aos nossos valores, por isso as mudan\u00e7as s\u00e3o perenes. Tratamos isso como uma consci\u00eancia coletiva interna e, com isso, sabemos que o certificado tamb\u00e9m representa uma mudan\u00e7a das pessoas que fazem a AgroBeloni em todos os seus setores\u201d, enfatiza.<\/p>\n\n\n\n<p id=\"viewer-9t5nc\"><strong>Processo natural<\/strong><\/p>\n\n\n\n<p id=\"viewer-fjj5k\">Embora a rela\u00e7\u00e3o da fam\u00edlia Beloni com a cafeicultura seja recente (cerca de oito anos), o conhecimento em agricultura \u00e9 de mais de cinco d\u00e9cadas que atravessa gera\u00e7\u00f5es. As fazendas AgroBeloni t\u00eam sistemas de cultivo de 80% irrigados e bem diversificados. Al\u00e9m do caf\u00e9, que ocupa hoje uma \u00e1rea de 420 hectares da variedade ar\u00e1bica, ainda h\u00e1 outros 5.000 hectares destinados aos multicultivos, como soja, milho, cebola, sorgo, cevada, batata, trigo, eucalipto e feij\u00e3o. De acordo com Fernando, o interesse pela agricultura regenerativa aconteceu de forma natural e a certifica\u00e7\u00e3o foi instigada a partir da comercializa\u00e7\u00e3o do seu caf\u00e9 pela Expocaccer (Cooperativa dos Cafeicultores do Cerrado) a uma empresa francesa que externou o interesse pela certifica\u00e7\u00e3o. \u201cOs franceses me perguntaram se eu tinha algo voltado para agricultura regenerativa. A substitui\u00e7\u00e3o dos fertilizantes e defensivos qu\u00edmicos por org\u00e2nicos, dentre outras pr\u00e1ticas sustent\u00e1veis, j\u00e1 era uma realidade nas fazendas e, com o questionamento deles, resolvi buscar uma certifica\u00e7\u00e3o internacionalmente reconhecida que confirmasse o que n\u00f3s j\u00e1 est\u00e1vamos fazendo. O resultado foi melhor do que o esperado\u201d, comemora Fernando Beloni.<\/p>\n\n\n\n<p id=\"viewer-an4nb\"><strong>Consumidores conscientes<\/strong><\/p>\n\n\n\n<p id=\"viewer-39r6m\">Para quem produz, a agricultura regenerativa permite um aumento na produ\u00e7\u00e3o de caf\u00e9s e na rentabilidade do neg\u00f3cio, com a valoriza\u00e7\u00e3o dos gr\u00e3os. Por outro lado, para os consumidores, cada vez mais atentos \u00e0 origem e qualidade dos alimentos que chegam \u00e0s mesas de suas casas, os caf\u00e9s originados de uma produ\u00e7\u00e3o regenerativa oferecem um produto mais saud\u00e1vel, al\u00e9m de conect\u00e1-los a um conjunto de valores e processos que envolvem um produto \u00e9tico e ambientalmente respons\u00e1vel.<\/p>\n\n\n\n<p id=\"viewer-3fkno\">J\u00e1 garantiu o seu ingresso para a <strong>Feijoada do Celinho<\/strong>? <a target=\"_blank\" href=\"https:\/\/www.hubceliocardoso.com.br\/feijoada\" rel=\"noreferrer noopener\"><u>Acesse aqui.<\/u><\/a><\/p>\n","protected":false},"excerpt":{"rendered":"<p>Empresa AgroBeloni, localizada em Patroc\u00ednio-MG, ganha reconhecimento internacional in\u00e9dito pelas boas pr\u00e1ticas na fazenda. Por Serifa Comunica\u00e7\u00e3o Fotos Divulga\u00e7\u00e3o Ao se falar em produ\u00e7\u00e3o de caf\u00e9 no Brasil devemos citar<\/p>\n","protected":false},"author":1,"featured_media":7326,"comment_status":"open","ping_status":"open","sticky":false,"template":"","format":"standard","meta":{"footnotes":""},"categories":[1],"tags":[],"class_list":["post-7325","post","type-post","status-publish","format-standard","has-post-thumbnail","hentry","category-noticias"],"_links":{"self":[{"href":"https:\/\/revistahubclub.com.br\/portal\/wp-json\/wp\/v2\/posts\/7325","targetHints":{"allow":["GET"]}}],"collection":[{"href":"https:\/\/revistahubclub.com.br\/portal\/wp-json\/wp\/v2\/posts"}],"about":[{"href":"https:\/\/revistahubclub.com.br\/portal\/wp-json\/wp\/v2\/types\/post"}],"author":[{"embeddable":true,"href":"https:\/\/revistahubclub.com.br\/portal\/wp-json\/wp\/v2\/users\/1"}],"replies":[{"embeddable":true,"href":"https:\/\/revistahubclub.com.br\/portal\/wp-json\/wp\/v2\/comments?post=7325"}],"version-history":[{"count":1,"href":"https:\/\/revistahubclub.com.br\/portal\/wp-json\/wp\/v2\/posts\/7325\/revisions"}],"predecessor-version":[{"id":7327,"href":"https:\/\/revistahubclub.com.br\/portal\/wp-json\/wp\/v2\/posts\/7325\/revisions\/7327"}],"wp:featuredmedia":[{"embeddable":true,"href":"https:\/\/revistahubclub.com.br\/portal\/wp-json\/wp\/v2\/media\/7326"}],"wp:attachment":[{"href":"https:\/\/revistahubclub.com.br\/portal\/wp-json\/wp\/v2\/media?parent=7325"}],"wp:term":[{"taxonomy":"category","embeddable":true,"href":"https:\/\/revistahubclub.com.br\/portal\/wp-json\/wp\/v2\/categories?post=7325"},{"taxonomy":"post_tag","embeddable":true,"href":"https:\/\/revistahubclub.com.br\/portal\/wp-json\/wp\/v2\/tags?post=7325"}],"curies":[{"name":"wp","href":"https:\/\/api.w.org\/{rel}","templated":true}]}}