{"id":7333,"date":"2022-04-26T15:25:00","date_gmt":"2022-04-26T18:25:00","guid":{"rendered":"https:\/\/revistahubclub.com.br\/portal\/?p=7333"},"modified":"2024-12-20T15:25:50","modified_gmt":"2024-12-20T18:25:50","slug":"ituiutaba-pulsa-arte-e-cultura","status":"publish","type":"post","link":"https:\/\/revistahubclub.com.br\/portal\/2022\/04\/26\/ituiutaba-pulsa-arte-e-cultura\/","title":{"rendered":"Ituiutaba pulsa arte e cultura!"},"content":{"rendered":"\n<p>Atualizado:&nbsp;27 de abr. de 2022<\/p>\n\n\n\n<p id=\"viewer-foo\"><em>Cidade \u00e9 celeiro de escritores, artistas e m\u00fasicos de diversos estilos.<\/em><\/p>\n\n\n\n<p id=\"viewer-9fieb\"><em>Por Cl\u00e1udio Manoel da Costa<\/em><\/p>\n\n\n\n<p id=\"viewer-9atp1\"><em>Fotos Divulga\u00e7\u00e3o<\/em><\/p>\n\n\n\n<figure class=\"wp-block-image\"><img decoding=\"async\" src=\"https:\/\/static.wixstatic.com\/media\/4ac39f_2d666f5639de48c9826bdad2278e1699~mv2.jpg\/v1\/fill\/w_195,h_194,fp_0.50_0.50,q_90\/4ac39f_2d666f5639de48c9826bdad2278e1699~mv2.webp\" alt=\"\"\/><\/figure>\n\n\n\n<figure class=\"wp-block-image\"><img decoding=\"async\" src=\"https:\/\/static.wixstatic.com\/media\/4ac39f_45ad54820d6246249612bb9ca25296cd~mv2.jpg\/v1\/fill\/w_194,h_194,fp_0.50_0.50,q_90\/4ac39f_45ad54820d6246249612bb9ca25296cd~mv2.webp\" alt=\"\"\/><\/figure>\n\n\n\n<p id=\"viewer-8tjfb\">Uma cidade interiorana de Minas Gerais, localizada no Pontal Mineiro, e que abriga em seu interior uma estrutura cultural diversificada. Nossa cidade exporta talentos art\u00edsticos e, al\u00e9m de ser hospitaleira e agrad\u00e1vel para se viver, \u00e9 uma terra de integra\u00e7\u00e3o e oportunidades. Essa cultura diversificada traz para o munic\u00edpio nomes que despontam no cen\u00e1rio brasileiro e tamb\u00e9m no exterior.<\/p>\n\n\n\n<p id=\"viewer-81cio\">Na m\u00fasica podemos destacar: Moacyr Franco, Nilton Cesar, Caio Costa, Badiinho, Ariane Assis, Jos\u00e9 Augusto, Luiz Dillah, Rog\u00e9rio Izamar, Abnader e outros.<\/p>\n\n\n\n<p id=\"viewer-22hhj\">Na literatura: Luiz Vilela, Ciber Pag\u00e9, Whisner Fraga, Dr. Juarez Avelar, Jair Humberto Rosa, Ant\u00f4nio Divino Moura e outros.<\/p>\n\n\n\n<p id=\"viewer-8ht4e\">Nas artes visuais: Ton Cruz, Cec\u00edlia Vasconcelos, Elias Zoccoli, Ant\u00f4nio Carlos, Aline Paschoal, Renata Teodora, Arth Silva e outros.<\/p>\n\n\n\n<p id=\"viewer-4jug7\">Temos aqui um verdadeiro caldo cultural nestas tr\u00eas \u00e1reas da cultura de Ituiutaba, criado a partir de nomes que foram surgindo ao longo dos anos e se destacam com seus trabalhos art\u00edsticos. Cada um deles trazem para seus trabalhos elementos ricos que se tornam divisores de \u00e1guas, com refer\u00eancias abrangentes, capazes de abarcar as mais aut\u00eanticas express\u00f5es do povo tijucano.<\/p>\n\n\n\n<figure class=\"wp-block-image\"><img decoding=\"async\" src=\"https:\/\/static.wixstatic.com\/media\/4ac39f_8f54a06e82024c83b67417d80b7279b1~mv2.jpg\/v1\/fill\/w_282,h_394,al_c,q_80,usm_0.66_1.00_0.01,enc_auto\/4ac39f_8f54a06e82024c83b67417d80b7279b1~mv2.jpg\" alt=\"\"\/><\/figure>\n\n\n\n<p id=\"viewer-f2dep\"><em>Cl\u00e1udio Manoel da Costa \u00e9 presidente da ALAMI &#8211; Academia de Letras, Artes e M\u00fasica de Ituiutaba.<\/em><\/p>\n\n\n\n<p id=\"viewer-3ah8l\">J\u00e1 garantiu o seu ingresso para a <strong>Feijoada do Celinho<\/strong>? <a target=\"_blank\" href=\"https:\/\/www.hubceliocardoso.com.br\/feijoada\" rel=\"noreferrer noopener\"><u>Acesse aqui.<\/u><\/a><\/p>\n","protected":false},"excerpt":{"rendered":"<p>Atualizado:&nbsp;27 de abr. de 2022 Cidade \u00e9 celeiro de escritores, artistas e m\u00fasicos de diversos estilos. Por Cl\u00e1udio Manoel da Costa Fotos Divulga\u00e7\u00e3o Uma cidade interiorana de Minas Gerais, localizada<\/p>\n","protected":false},"author":1,"featured_media":7334,"comment_status":"open","ping_status":"open","sticky":false,"template":"","format":"standard","meta":{"footnotes":""},"categories":[1],"tags":[],"class_list":["post-7333","post","type-post","status-publish","format-standard","has-post-thumbnail","hentry","category-noticias"],"_links":{"self":[{"href":"https:\/\/revistahubclub.com.br\/portal\/wp-json\/wp\/v2\/posts\/7333","targetHints":{"allow":["GET"]}}],"collection":[{"href":"https:\/\/revistahubclub.com.br\/portal\/wp-json\/wp\/v2\/posts"}],"about":[{"href":"https:\/\/revistahubclub.com.br\/portal\/wp-json\/wp\/v2\/types\/post"}],"author":[{"embeddable":true,"href":"https:\/\/revistahubclub.com.br\/portal\/wp-json\/wp\/v2\/users\/1"}],"replies":[{"embeddable":true,"href":"https:\/\/revistahubclub.com.br\/portal\/wp-json\/wp\/v2\/comments?post=7333"}],"version-history":[{"count":1,"href":"https:\/\/revistahubclub.com.br\/portal\/wp-json\/wp\/v2\/posts\/7333\/revisions"}],"predecessor-version":[{"id":7335,"href":"https:\/\/revistahubclub.com.br\/portal\/wp-json\/wp\/v2\/posts\/7333\/revisions\/7335"}],"wp:featuredmedia":[{"embeddable":true,"href":"https:\/\/revistahubclub.com.br\/portal\/wp-json\/wp\/v2\/media\/7334"}],"wp:attachment":[{"href":"https:\/\/revistahubclub.com.br\/portal\/wp-json\/wp\/v2\/media?parent=7333"}],"wp:term":[{"taxonomy":"category","embeddable":true,"href":"https:\/\/revistahubclub.com.br\/portal\/wp-json\/wp\/v2\/categories?post=7333"},{"taxonomy":"post_tag","embeddable":true,"href":"https:\/\/revistahubclub.com.br\/portal\/wp-json\/wp\/v2\/tags?post=7333"}],"curies":[{"name":"wp","href":"https:\/\/api.w.org\/{rel}","templated":true}]}}