{"id":7347,"date":"2022-04-25T15:27:00","date_gmt":"2022-04-25T18:27:00","guid":{"rendered":"https:\/\/revistahubclub.com.br\/portal\/?p=7347"},"modified":"2024-12-20T15:27:45","modified_gmt":"2024-12-20T18:27:45","slug":"personalidades-tijucanas-na-hub-club","status":"publish","type":"post","link":"https:\/\/revistahubclub.com.br\/portal\/2022\/04\/25\/personalidades-tijucanas-na-hub-club\/","title":{"rendered":"Personalidades tijucanas na Hub Club"},"content":{"rendered":"\n<p id=\"viewer-foo\"><em>\u201cA partir desta edi\u00e7\u00e3o, a sociedade de Ituiutaba \u00e9 destaque na revista Hub Club\u201d<\/em><\/p>\n\n\n\n<p id=\"viewer-5aeu4\"><em>Por Mauro Almeida<\/em><\/p>\n\n\n\n<p id=\"viewer-fbhfa\"><em>Fotos Divulga\u00e7\u00e3o<\/em><\/p>\n\n\n\n<p id=\"viewer-csaqt\">Com grande alegria, aceitamos o convite do estimado C\u00e9lio Cardoso para engrandecer com nossa coluna a nova fase da revista Hub Club, que neste ano vem diversificando e ampliando sua \u00e1rea de abrang\u00eancia e trazendo grande novidades para todos os leitores. Nesta primeira coluna destacamos algumas personalidades de Ituiutaba que, atrav\u00e9s de grandes investimentos proporcionam gera\u00e7\u00e3o de empregos, e fortalecem todo o contexto comercial da cidade. Registro os agradecimentos pela escolha de nosso nome para integrar o time de colunistas da revista e sempre estarei trazendo novos conte\u00fados para os leitores sobre as personalidades da cidade e regi\u00e3o.<\/p>\n\n\n\n<p id=\"viewer-f3tl0\"><em>Renata Cardoso e Mauro Bernal passam total credibilidade no quesito de comportamento e etiqueta social.<\/em><\/p>\n\n\n\n<figure class=\"wp-block-image\"><img decoding=\"async\" src=\"https:\/\/static.wixstatic.com\/media\/4ac39f_b7142ed2c4dc46e08617674584c9e2d9~mv2.jpg\/v1\/fill\/w_592,h_736,al_c,q_85,usm_0.66_1.00_0.01,enc_auto\/4ac39f_b7142ed2c4dc46e08617674584c9e2d9~mv2.jpg\" alt=\"\"\/><\/figure>\n\n\n\n<p id=\"viewer-532go\"><em>Mantendo a eleg\u00e2ncia dos homens da cidade, Patr\u00edcia Gois e Gilson Soares Gois, sempre antenados com as novidades da moda masculina que fazem o sucesso de seu espa\u00e7o.<\/em><\/p>\n\n\n\n<figure class=\"wp-block-image\"><img loading=\"lazy\" decoding=\"async\" width=\"592\" height=\"740\" src=\"https:\/\/revistahubclub.com.br\/portal\/wp-content\/uploads\/2024\/12\/4ac39f_6c7baff013bb4aee8e3eb3a2552da179mv2.jpg\" alt=\"\" class=\"wp-image-7351\" srcset=\"https:\/\/revistahubclub.com.br\/portal\/wp-content\/uploads\/2024\/12\/4ac39f_6c7baff013bb4aee8e3eb3a2552da179mv2.jpg 592w, https:\/\/revistahubclub.com.br\/portal\/wp-content\/uploads\/2024\/12\/4ac39f_6c7baff013bb4aee8e3eb3a2552da179mv2-240x300.jpg 240w\" sizes=\"auto, (max-width: 592px) 100vw, 592px\" \/><\/figure>\n\n\n\n<p id=\"viewer-9f674\"><em>Lucas Mendes e F\u00e1bio Lopes Zumba criaram um novo conceito em sal\u00e3o de beleza, uma experi\u00eancia \u00fanica que se tornou sucesso entre suas in\u00fameras clientes.<\/em><\/p>\n\n\n\n<figure class=\"wp-block-image\"><img loading=\"lazy\" decoding=\"async\" width=\"592\" height=\"733\" src=\"https:\/\/revistahubclub.com.br\/portal\/wp-content\/uploads\/2022\/04\/4ac39f_ffae21c90b1942e387dddeecd6c117a9mv2.jpg\" alt=\"\" class=\"wp-image-7356\" srcset=\"https:\/\/revistahubclub.com.br\/portal\/wp-content\/uploads\/2022\/04\/4ac39f_ffae21c90b1942e387dddeecd6c117a9mv2.jpg 592w, https:\/\/revistahubclub.com.br\/portal\/wp-content\/uploads\/2022\/04\/4ac39f_ffae21c90b1942e387dddeecd6c117a9mv2-242x300.jpg 242w\" sizes=\"auto, (max-width: 592px) 100vw, 592px\" \/><\/figure>\n\n\n\n<p id=\"viewer-47tln\"><em>Cristiane Severino e Udna Moreira trouxeram para a cidade uma franquia de cal\u00e7ados e bolsas que, desde sua inaugura\u00e7\u00e3o, vem de encontro com o gosto e refinamento da ala feminina.<\/em><\/p>\n\n\n\n<figure class=\"wp-block-image\"><img loading=\"lazy\" decoding=\"async\" width=\"592\" height=\"733\" src=\"https:\/\/revistahubclub.com.br\/portal\/wp-content\/uploads\/2024\/12\/4ac39f_88d70bad60f547498d4b93758050e619mv2.jpg\" alt=\"\" class=\"wp-image-7350\" srcset=\"https:\/\/revistahubclub.com.br\/portal\/wp-content\/uploads\/2024\/12\/4ac39f_88d70bad60f547498d4b93758050e619mv2.jpg 592w, https:\/\/revistahubclub.com.br\/portal\/wp-content\/uploads\/2024\/12\/4ac39f_88d70bad60f547498d4b93758050e619mv2-242x300.jpg 242w\" sizes=\"auto, (max-width: 592px) 100vw, 592px\" \/><\/figure>\n\n\n\n<p id=\"viewer-au04e\"><em>Walisson Lima e Reamy Chamoun no comando do cerimonial dos principais eventos da cidade.<\/em><\/p>\n\n\n\n<figure class=\"wp-block-image\"><img decoding=\"async\" src=\"https:\/\/static.wixstatic.com\/media\/4ac39f_fe7b481230044e5083e7189cfaedcaef~mv2.jpg\/v1\/fill\/w_592,h_740,al_c,q_85,usm_0.66_1.00_0.01,enc_auto\/4ac39f_fe7b481230044e5083e7189cfaedcaef~mv2.jpg\" alt=\"\"\/><\/figure>\n\n\n\n<p id=\"viewer-s3bv\"><em>Fernanda Baduy e Fabiana Tomaz, com toda criatividade e muito conhecimento de moda, lan\u00e7aram uma cole\u00e7\u00e3o de camisetas que se tornaram pe\u00e7a fundamental nos closets femininos.<\/em><\/p>\n\n\n\n<figure class=\"wp-block-image\"><img loading=\"lazy\" decoding=\"async\" width=\"592\" height=\"740\" src=\"https:\/\/revistahubclub.com.br\/portal\/wp-content\/uploads\/2024\/12\/4ac39f_2ac5760ac2a34c409680cd3998f1d584mv2.jpg\" alt=\"\" class=\"wp-image-7354\" srcset=\"https:\/\/revistahubclub.com.br\/portal\/wp-content\/uploads\/2024\/12\/4ac39f_2ac5760ac2a34c409680cd3998f1d584mv2.jpg 592w, https:\/\/revistahubclub.com.br\/portal\/wp-content\/uploads\/2024\/12\/4ac39f_2ac5760ac2a34c409680cd3998f1d584mv2-240x300.jpg 240w\" sizes=\"auto, (max-width: 592px) 100vw, 592px\" \/><\/figure>\n\n\n\n<p id=\"viewer-62k70\"><em>Carolina Muniz, diretora da primeira Galeria de Arte Mariana Ars Dei, recentemente inaugurada em nossa cidade.<\/em><\/p>\n\n\n\n<figure class=\"wp-block-image\"><img loading=\"lazy\" decoding=\"async\" width=\"592\" height=\"740\" src=\"https:\/\/revistahubclub.com.br\/portal\/wp-content\/uploads\/2024\/12\/4ac39f_832e669b095743888d20bb64c905df90mv2.jpg\" alt=\"\" class=\"wp-image-7353\" srcset=\"https:\/\/revistahubclub.com.br\/portal\/wp-content\/uploads\/2024\/12\/4ac39f_832e669b095743888d20bb64c905df90mv2.jpg 592w, https:\/\/revistahubclub.com.br\/portal\/wp-content\/uploads\/2024\/12\/4ac39f_832e669b095743888d20bb64c905df90mv2-240x300.jpg 240w\" sizes=\"auto, (max-width: 592px) 100vw, 592px\" \/><\/figure>\n\n\n\n<p id=\"viewer-fpdae\"><em>A designer de joias, Ana Gioielli, al\u00e9m de comercializar suas lindas pe\u00e7as, tamb\u00e9m administra com total compet\u00eancia seu novo espa\u00e7o dedicado a \u00f3culos e rel\u00f3gios.<\/em><\/p>\n\n\n\n<figure class=\"wp-block-image\"><img loading=\"lazy\" decoding=\"async\" width=\"592\" height=\"740\" src=\"https:\/\/revistahubclub.com.br\/portal\/wp-content\/uploads\/2024\/12\/4ac39f_7719cc1d82144bde8fd7751a8ba2f876mv2.jpg\" alt=\"\" class=\"wp-image-7352\" srcset=\"https:\/\/revistahubclub.com.br\/portal\/wp-content\/uploads\/2024\/12\/4ac39f_7719cc1d82144bde8fd7751a8ba2f876mv2.jpg 592w, https:\/\/revistahubclub.com.br\/portal\/wp-content\/uploads\/2024\/12\/4ac39f_7719cc1d82144bde8fd7751a8ba2f876mv2-240x300.jpg 240w\" sizes=\"auto, (max-width: 592px) 100vw, 592px\" \/><\/figure>\n\n\n\n<p id=\"viewer-9a20e\">Mauro Benedito e Carla Alves Souza, com longo conhecimento na \u00e1rea de m\u00f3veis e decora\u00e7\u00e3o, celebram uma nova fase em seu espa\u00e7o reinaugurado recentemente na cidade.<\/p>\n\n\n\n<figure class=\"wp-block-image\"><img loading=\"lazy\" decoding=\"async\" width=\"592\" height=\"736\" src=\"https:\/\/revistahubclub.com.br\/portal\/wp-content\/uploads\/2024\/12\/4ac39f_f7f15ba8d5c549a49f33903ad5546da5mv2.jpg\" alt=\"\" class=\"wp-image-7349\" srcset=\"https:\/\/revistahubclub.com.br\/portal\/wp-content\/uploads\/2024\/12\/4ac39f_f7f15ba8d5c549a49f33903ad5546da5mv2.jpg 592w, https:\/\/revistahubclub.com.br\/portal\/wp-content\/uploads\/2024\/12\/4ac39f_f7f15ba8d5c549a49f33903ad5546da5mv2-241x300.jpg 241w\" sizes=\"auto, (max-width: 592px) 100vw, 592px\" \/><\/figure>\n\n\n\n<p id=\"viewer-aeir8\"><em>Dyanny Lopes Ferreira e Teodoro J\u00fanior se destacam na \u00e1rea de supermercados e pizzaria, com criatividade e busca incessante de diferenciais para ter resultados cada vez melhores.<\/em><\/p>\n\n\n\n<p id=\"viewer-fvq43\">J\u00e1 garantiu o seu ingresso para a <strong>Feijoada do Celinho<\/strong>? <a target=\"_blank\" href=\"https:\/\/www.hubceliocardoso.com.br\/feijoada\" rel=\"noreferrer noopener\"><u>Acesse aqui.<\/u><\/a><\/p>\n","protected":false},"excerpt":{"rendered":"<p>\u201cA partir desta edi\u00e7\u00e3o, a sociedade de Ituiutaba \u00e9 destaque na revista Hub Club\u201d Por Mauro Almeida Fotos Divulga\u00e7\u00e3o Com grande alegria, aceitamos o convite do estimado C\u00e9lio Cardoso para<\/p>\n","protected":false},"author":1,"featured_media":7348,"comment_status":"open","ping_status":"open","sticky":false,"template":"","format":"standard","meta":{"footnotes":""},"categories":[1],"tags":[],"class_list":["post-7347","post","type-post","status-publish","format-standard","has-post-thumbnail","hentry","category-noticias"],"_links":{"self":[{"href":"https:\/\/revistahubclub.com.br\/portal\/wp-json\/wp\/v2\/posts\/7347","targetHints":{"allow":["GET"]}}],"collection":[{"href":"https:\/\/revistahubclub.com.br\/portal\/wp-json\/wp\/v2\/posts"}],"about":[{"href":"https:\/\/revistahubclub.com.br\/portal\/wp-json\/wp\/v2\/types\/post"}],"author":[{"embeddable":true,"href":"https:\/\/revistahubclub.com.br\/portal\/wp-json\/wp\/v2\/users\/1"}],"replies":[{"embeddable":true,"href":"https:\/\/revistahubclub.com.br\/portal\/wp-json\/wp\/v2\/comments?post=7347"}],"version-history":[{"count":2,"href":"https:\/\/revistahubclub.com.br\/portal\/wp-json\/wp\/v2\/posts\/7347\/revisions"}],"predecessor-version":[{"id":7357,"href":"https:\/\/revistahubclub.com.br\/portal\/wp-json\/wp\/v2\/posts\/7347\/revisions\/7357"}],"wp:featuredmedia":[{"embeddable":true,"href":"https:\/\/revistahubclub.com.br\/portal\/wp-json\/wp\/v2\/media\/7348"}],"wp:attachment":[{"href":"https:\/\/revistahubclub.com.br\/portal\/wp-json\/wp\/v2\/media?parent=7347"}],"wp:term":[{"taxonomy":"category","embeddable":true,"href":"https:\/\/revistahubclub.com.br\/portal\/wp-json\/wp\/v2\/categories?post=7347"},{"taxonomy":"post_tag","embeddable":true,"href":"https:\/\/revistahubclub.com.br\/portal\/wp-json\/wp\/v2\/tags?post=7347"}],"curies":[{"name":"wp","href":"https:\/\/api.w.org\/{rel}","templated":true}]}}