{"id":7371,"date":"2022-04-22T15:29:00","date_gmt":"2022-04-22T18:29:00","guid":{"rendered":"https:\/\/revistahubclub.com.br\/portal\/?p=7371"},"modified":"2024-12-20T15:29:31","modified_gmt":"2024-12-20T18:29:31","slug":"grupo-motion-solucoes-e-resultados-no-audiovisual","status":"publish","type":"post","link":"https:\/\/revistahubclub.com.br\/portal\/2022\/04\/22\/grupo-motion-solucoes-e-resultados-no-audiovisual\/","title":{"rendered":"Grupo Motion: solu\u00e7\u00f5es e resultados no audiovisual"},"content":{"rendered":"\n<p>Atualizado:&nbsp;25 de abr. de 2022<\/p>\n\n\n\n<p id=\"viewer-foo\"><em>Servi\u00e7o de excel\u00eancia e alto padr\u00e3o na apresenta\u00e7\u00e3o de solu\u00e7\u00f5es audiovisuais para o seu neg\u00f3cio.<\/em><\/p>\n\n\n\n<p id=\"viewer-1kgod\"><em>Publi Editorial<\/em><\/p>\n\n\n\n<p id=\"viewer-94coh\"><em>Fotos Divulga\u00e7\u00e3o<\/em><\/p>\n\n\n\n<p id=\"viewer-a2hqa\"><em>Fabr\u00edcio C\u00e9sar \u00e9 fundador do Grupo Motion<\/em><\/p>\n\n\n\n<p id=\"viewer-54q87\"><strong>Empresa<\/strong><\/p>\n\n\n\n<p id=\"viewer-eg5c5\">O Grupo Motion surgiu em 2006, atuando no mercado audiovisual com qualidade, profici\u00eancia, dignidade e transpar\u00eancia. Tornou-se refer\u00eancia em diversos ramos de atua\u00e7\u00e3o com solu\u00e7\u00f5es audiovisuais publicit\u00e1rias, institucionais e de conte\u00fado. Com mais de 50 colaboradores diretos e indiretos por todo o pa\u00eds, o Grupo reafirma o seu compromisso de bom atendimento e entrega dos seus materiais no mais otimizado padr\u00e3o de qualidade j\u00e1 constatado pelos seus parceiros e colaboradores.<\/p>\n\n\n\n<p id=\"viewer-7sfvp\"><strong>Motion Estudio<\/strong><\/p>\n\n\n\n<p id=\"viewer-1lbdg\">Atualmente, o Grupo est\u00e1 envolvido em grandes cases de sucesso do Brasil e atende a um amplo leque de demandas que v\u00e3o, desde loca\u00e7\u00e3o de infraestrutura diversa para o audiovisual na Regi\u00e3o Sudeste, at\u00e9 a colabora\u00e7\u00e3o nos mais diversos materiais institucionais e publicit\u00e1rios, em parceria com grandes players do pa\u00eds.<\/p>\n\n\n\n<p id=\"viewer-7idru\"><strong>Motion Content<\/strong><\/p>\n\n\n\n<p id=\"viewer-ea567\">A Motion Content presta servi\u00e7os e cria produtos excelentes para o Marketing de modo a potencializar as experi\u00eancias de conte\u00fado em escala. A empresa mant\u00e9m relacionamentos de sucesso com clientes, parceiros e colaboradores ao mesmo tempo em que foca na competitividade global e ajuda na concep\u00e7\u00e3o da marca, posicionamento na internet e outras a\u00e7\u00f5es, como branding, tr\u00e1fego, social media, sites e muito mais.<\/p>\n\n\n\n<p id=\"viewer-1cap\"><strong>OnLive Transmiss\u00f5es<\/strong><\/p>\n\n\n\n<p id=\"viewer-8u1b1\">Com excel\u00eancia em livestream e broadcast desde 2016, a Onlive Transmiss\u00f5es vem atuando com solu\u00e7\u00f5es cir\u00fargicas, promovendo qualidade em poss\u00edveis transmiss\u00f5es, livestream corporativas, musicais, confer\u00eancias, reuni\u00f5es, etc. O Grupo tamb\u00e9m apresenta ao mercado audiovisual solu\u00e7\u00f5es in\u00e9ditas atrav\u00e9s de uma equipe profissional que se dedica a criar solu\u00e7\u00f5es extraordin\u00e1rias na visualiza\u00e7\u00e3o dos conte\u00fados audiovisuais e utiliza a metodologia \u201cend-to-end\u201d, que garante a atua\u00e7\u00e3o efetivada da concep\u00e7\u00e3o do projeto da transmiss\u00e3o at\u00e9 a execu\u00e7\u00e3o com produtos adaptados para medir e entregar resultados \u00fanicos.<\/p>\n\n\n\n<p id=\"viewer-c87cj\"><strong>Fundador<\/strong><\/p>\n\n\n\n<p id=\"viewer-8sp1d\">Fabr\u00edcio C\u00e9sar come\u00e7ou a trabalhar no ramo audiovisual em 1999 e hoje \u00e9 fundador do Grupo Motion. Apaixonado pelo setor e sedento por conhecimento, Fabr\u00edcio conseguiu dar seus primeiros passos para uma carreira promissora e obteve grandes destaques em sua cidade ainda muito jovem. Atualmente, o fundador possui experi\u00eancia em grandes players publicit\u00e1rios de Minas Gerais, como a maior afiliada da Globo do Brasil, a TV Integra\u00e7\u00e3o, Imaginare Filmes e Damaceno Produ\u00e7\u00f5es.<\/p>\n\n\n\n<figure class=\"wp-block-image\"><img loading=\"lazy\" decoding=\"async\" width=\"358\" height=\"130\" src=\"https:\/\/revistahubclub.com.br\/portal\/wp-content\/uploads\/2024\/12\/4ac39f_e4e0e7e35b864390a67cf35b31e3e504mv2.png\" alt=\"\" class=\"wp-image-7373\" srcset=\"https:\/\/revistahubclub.com.br\/portal\/wp-content\/uploads\/2024\/12\/4ac39f_e4e0e7e35b864390a67cf35b31e3e504mv2.png 358w, https:\/\/revistahubclub.com.br\/portal\/wp-content\/uploads\/2024\/12\/4ac39f_e4e0e7e35b864390a67cf35b31e3e504mv2-300x109.png 300w\" sizes=\"auto, (max-width: 358px) 100vw, 358px\" \/><\/figure>\n\n\n\n<p id=\"viewer-aggqq\"><strong>Fabr\u00edcio C\u00e9sar &#8211; 34 99660-5890<\/strong><\/p>\n\n\n\n<p id=\"viewer-b3a7b\">motionestudio.com.br<\/p>\n\n\n\n<p id=\"viewer-2d3vn\">motioncontent.com.br<\/p>\n\n\n\n<p id=\"viewer-70p17\">onlivetransmissoesoficial.com.br<\/p>\n\n\n\n<p id=\"viewer-bpbei\">J\u00e1 garantiu o seu ingresso para a <strong>Feijoada do Celinho<\/strong>? <a target=\"_blank\" href=\"https:\/\/www.hubceliocardoso.com.br\/feijoada\" rel=\"noreferrer noopener\"><u>Acesse aqui.<\/u><\/a><\/p>\n","protected":false},"excerpt":{"rendered":"<p>Atualizado:&nbsp;25 de abr. de 2022 Servi\u00e7o de excel\u00eancia e alto padr\u00e3o na apresenta\u00e7\u00e3o de solu\u00e7\u00f5es audiovisuais para o seu neg\u00f3cio. Publi Editorial Fotos Divulga\u00e7\u00e3o Fabr\u00edcio C\u00e9sar \u00e9 fundador do Grupo<\/p>\n","protected":false},"author":1,"featured_media":7372,"comment_status":"open","ping_status":"open","sticky":false,"template":"","format":"standard","meta":{"footnotes":""},"categories":[1],"tags":[],"class_list":["post-7371","post","type-post","status-publish","format-standard","has-post-thumbnail","hentry","category-noticias"],"_links":{"self":[{"href":"https:\/\/revistahubclub.com.br\/portal\/wp-json\/wp\/v2\/posts\/7371","targetHints":{"allow":["GET"]}}],"collection":[{"href":"https:\/\/revistahubclub.com.br\/portal\/wp-json\/wp\/v2\/posts"}],"about":[{"href":"https:\/\/revistahubclub.com.br\/portal\/wp-json\/wp\/v2\/types\/post"}],"author":[{"embeddable":true,"href":"https:\/\/revistahubclub.com.br\/portal\/wp-json\/wp\/v2\/users\/1"}],"replies":[{"embeddable":true,"href":"https:\/\/revistahubclub.com.br\/portal\/wp-json\/wp\/v2\/comments?post=7371"}],"version-history":[{"count":1,"href":"https:\/\/revistahubclub.com.br\/portal\/wp-json\/wp\/v2\/posts\/7371\/revisions"}],"predecessor-version":[{"id":7374,"href":"https:\/\/revistahubclub.com.br\/portal\/wp-json\/wp\/v2\/posts\/7371\/revisions\/7374"}],"wp:featuredmedia":[{"embeddable":true,"href":"https:\/\/revistahubclub.com.br\/portal\/wp-json\/wp\/v2\/media\/7372"}],"wp:attachment":[{"href":"https:\/\/revistahubclub.com.br\/portal\/wp-json\/wp\/v2\/media?parent=7371"}],"wp:term":[{"taxonomy":"category","embeddable":true,"href":"https:\/\/revistahubclub.com.br\/portal\/wp-json\/wp\/v2\/categories?post=7371"},{"taxonomy":"post_tag","embeddable":true,"href":"https:\/\/revistahubclub.com.br\/portal\/wp-json\/wp\/v2\/tags?post=7371"}],"curies":[{"name":"wp","href":"https:\/\/api.w.org\/{rel}","templated":true}]}}