{"id":7413,"date":"2022-04-19T15:32:00","date_gmt":"2022-04-19T18:32:00","guid":{"rendered":"https:\/\/revistahubclub.com.br\/portal\/?p=7413"},"modified":"2024-12-20T15:33:18","modified_gmt":"2024-12-20T18:33:18","slug":"grupo-carbel-amplia-atuacao-de-sua-rede-de-seminovos-e-inaugura-unidade-em-uberlandia","status":"publish","type":"post","link":"https:\/\/revistahubclub.com.br\/portal\/2022\/04\/19\/grupo-carbel-amplia-atuacao-de-sua-rede-de-seminovos-e-inaugura-unidade-em-uberlandia\/","title":{"rendered":"Grupo Carbel amplia atua\u00e7\u00e3o de sua rede de seminovos e inaugura unidade em Uberl\u00e2ndia"},"content":{"rendered":"\n<p id=\"viewer-foo\"><em>Grupo Carbel anuncia aporte de R$ 7,5 milh\u00f5es em nova expans\u00e3o da sua rede de seminovos Carbig.com. Uberl\u00e2ndia acaba de receber a 14\u00aa unidade da empresa com metas ambiciosas de crescimento.<\/em><\/p>\n\n\n\n<p id=\"viewer-5t5vv\"><em>Publi Editorial<\/em><\/p>\n\n\n\n<p id=\"viewer-40bqo\"><em>Foto Luciana Santos<\/em><\/p>\n\n\n\n<p id=\"viewer-eirkt\"><em>Sede da empresa inaugurada em Uberl\u00e2ndia &#8211; MG<\/em><\/p>\n\n\n\n<p id=\"viewer-g70o\">O mercado de carros seminovos \u00e9 a bola da vez e nunca esteve t\u00e3o em alta no pa\u00eds. Por diversos fatores, entre eles a falta de carros zero km para venda devido \u00e0 crise de semicondutores, o segmento de seminovos tem conquistado a prefer\u00eancia dos consumidores. Segundo dados da Federa\u00e7\u00e3o Nacional da Distribui\u00e7\u00e3o de Ve\u00edculos Automotores, o ano passado fechou com um crescimento de 18,84% nas vendas de carros usados, o maior volume de transa\u00e7\u00f5es desde o in\u00edcio do ranking hist\u00f3rico em 2004. O Carbig.com \u00e9 um dos exemplos de empresas do setor que se projetou com esse cen\u00e1rio. Com 13 lojas, sendo 12 em Belo Horizonte e uma em Contagem, o Carbig anuncia sua chegada a Uberl\u00e2ndia, com a inaugura\u00e7\u00e3o de uma moderna loja, \u00e0 avenida Jo\u00e3o Naves de \u00c1vila, 4189, na regi\u00e3o central. O aporte ser\u00e1 de R$ 7,5 milh\u00f5es, sendo R$ 500 mil em infraestrutura e R$ 7 milh\u00f5es em estoque. A 14\u00aa unidade do Carbig faz parte de um ambicioso projeto de expans\u00e3o da empresa.<\/p>\n\n\n\n<p id=\"viewer-8licu\">\u201cO Carbig.com chega at\u00e9 Uberl\u00e2ndia como parte de uma estrat\u00e9gia de neg\u00f3cios. A cidade se destaca como um importante polo da economia n\u00e3o s\u00f3 do Estado, mas tamb\u00e9m do pa\u00eds. Por isso, que dentre tantas cidades mineiras, Uberl\u00e2ndia foi a escolhida pelo nosso grupo para receber a primeira unidade al\u00e9m das fronteiras da Regi\u00e3o Metropolitana de Belo Horizonte. Estamos projetando excelentes oportunidades na cidade\u201d, enfatiza Pedro Pentagna Guimar\u00e3es, CEO do Carbel Auto Group. \u201cTemos certeza que a exigente popula\u00e7\u00e3o uberlandense vai fazer dessa nova filial um sucesso. O nosso objetivo \u00e9 levar para esse cliente a melhor experi\u00eancia na compra de um ve\u00edculo seminovo, as melhores ofertas e condi\u00e7\u00f5es\u201d, ressalta Felipe Pessoa, diretor da rede Carbig.com.<\/p>\n\n\n\n<p id=\"viewer-5d4p2\">Com 2400 m\u00b2 de \u00e1rea total, a nova unidade Carbig Uberl\u00e2ndia tem projeto assinado pela renomada arquiteta mineira \u00c2ngela Pinho. A unidade conta com uma diversidade de ve\u00edculos multimarcas, p\u00e1tio com capacidade para 102 carros e estacionamento amplo para clientes. \u201c\u00c9 um projeto moderno, despojado, que segue as linhas e os conceitos padr\u00f5es em cores do Carbig.com. A sala de clientes fica em uma espa\u00e7osa varanda ao redor da loja. O que queremos evidenciar \u00e9 o acolhimento e o atendimento de qualidade e personalizado que o cliente Carbig tem em suas unidades\u201d, explica Pessoa. A localiza\u00e7\u00e3o da unidade Uberl\u00e2ndia n\u00e3o poderia ser mais estrat\u00e9gica. A loja fica em um ponto nobre da cidade, pr\u00f3ximo a shopping, universidades, centro de conven\u00e7\u00f5es e hot\u00e9is.<\/p>\n\n\n\n<p id=\"viewer-fhdvt\"><strong>Estoque e seguran\u00e7a<\/strong><\/p>\n\n\n\n<p id=\"viewer-admms\">Para Pedro Pentagna, o consumidor de carros seminovos de Uberl\u00e2ndia e regi\u00e3o ter\u00e1 \u00e0 sua disposi\u00e7\u00e3o, al\u00e9m de atendimento personalizado, uma diversidade de op\u00e7\u00f5es. \u201cSomos o maior grupo do Estado porque temos o que o cliente procura. Temos um estoque com mais de 1 mil carros, que podem ser encontrados tamb\u00e9m pelo site www. carbig.com.\u201d O diretor do Carbig.com acrescenta a relev\u00e2ncia da compra de um ve\u00edculo usado com certifica\u00e7\u00e3o de seguran\u00e7a. \u201cTodos os nossos ve\u00edculos s\u00e3o 100% vistoriados e passam por uma r\u00edgida inspe\u00e7\u00e3o e certifica\u00e7\u00e3o de dados, incluindo quilometragem. Eles s\u00f3 s\u00e3o disponibilizados para a venda depois de receberem o certificado de proced\u00eancia. Seguran\u00e7a e confian\u00e7a andam juntas no Carbig.com\u201d, comenta Felipe Pessoa.<\/p>\n\n\n\n<p id=\"viewer-dpm2a\"><strong>Tradi\u00e7\u00e3o e reconhecimento<\/strong><\/p>\n\n\n\n<p id=\"viewer-6lpj7\">O Carbig.com \u00e9 uma empresa do tradicional Carbel Auto Group, com mais de 50 anos de atua\u00e7\u00e3o no mercado automotivo. A Carbel teve in\u00edcio em 1963 com a aquisi\u00e7\u00e3o de sua primeira marca, a concession\u00e1ria Carbel Volkswagen. Em 2015, o Grupo Carbel foi reconhecido como o maior grupo automotivo de Minas Gerais, representando 8 das maiores marcas automotivas mundiais: <strong>Audi Center BH, Honda Banzai, Carbel Jap\u00e3o, Carbel Korea, Carbel VW, Strada Fiat, Strada Jeep e Carbel Renault.<\/strong><\/p>\n\n\n\n<figure class=\"wp-block-image\"><img decoding=\"async\" src=\"https:\/\/static.wixstatic.com\/media\/4ac39f_f8c76796561c467a8b1a79587918f263~mv2.jpg\/v1\/fill\/w_592,h_395,al_c,q_80,usm_0.66_1.00_0.01,enc_auto\/4ac39f_f8c76796561c467a8b1a79587918f263~mv2.jpg\" alt=\"\"\/><\/figure>\n\n\n\n<p id=\"viewer-eogsb\"><em>O CEO do Carbel Auto Group, Pedro Pentagna Guimar\u00e3es<\/em><\/p>\n\n\n\n<figure class=\"wp-block-image\"><img decoding=\"async\" src=\"https:\/\/static.wixstatic.com\/media\/4ac39f_bfca05e177bc46b1b2da62a1324ec95b~mv2.jpg\/v1\/fill\/w_592,h_394,al_c,q_80,usm_0.66_1.00_0.01,enc_auto\/4ac39f_bfca05e177bc46b1b2da62a1324ec95b~mv2.jpg\" alt=\"\"\/><\/figure>\n\n\n\n<p id=\"viewer-2tfug\"><em>Felipe Pessoa, diretor do Carbig.com (Foto Edy Fernandes)<\/em><\/p>\n","protected":false},"excerpt":{"rendered":"<p>Grupo Carbel anuncia aporte de R$ 7,5 milh\u00f5es em nova expans\u00e3o da sua rede de seminovos Carbig.com. Uberl\u00e2ndia acaba de receber a 14\u00aa unidade da empresa com metas ambiciosas de<\/p>\n","protected":false},"author":1,"featured_media":7414,"comment_status":"open","ping_status":"open","sticky":false,"template":"","format":"standard","meta":{"footnotes":""},"categories":[1],"tags":[],"class_list":["post-7413","post","type-post","status-publish","format-standard","has-post-thumbnail","hentry","category-noticias"],"_links":{"self":[{"href":"https:\/\/revistahubclub.com.br\/portal\/wp-json\/wp\/v2\/posts\/7413","targetHints":{"allow":["GET"]}}],"collection":[{"href":"https:\/\/revistahubclub.com.br\/portal\/wp-json\/wp\/v2\/posts"}],"about":[{"href":"https:\/\/revistahubclub.com.br\/portal\/wp-json\/wp\/v2\/types\/post"}],"author":[{"embeddable":true,"href":"https:\/\/revistahubclub.com.br\/portal\/wp-json\/wp\/v2\/users\/1"}],"replies":[{"embeddable":true,"href":"https:\/\/revistahubclub.com.br\/portal\/wp-json\/wp\/v2\/comments?post=7413"}],"version-history":[{"count":1,"href":"https:\/\/revistahubclub.com.br\/portal\/wp-json\/wp\/v2\/posts\/7413\/revisions"}],"predecessor-version":[{"id":7415,"href":"https:\/\/revistahubclub.com.br\/portal\/wp-json\/wp\/v2\/posts\/7413\/revisions\/7415"}],"wp:featuredmedia":[{"embeddable":true,"href":"https:\/\/revistahubclub.com.br\/portal\/wp-json\/wp\/v2\/media\/7414"}],"wp:attachment":[{"href":"https:\/\/revistahubclub.com.br\/portal\/wp-json\/wp\/v2\/media?parent=7413"}],"wp:term":[{"taxonomy":"category","embeddable":true,"href":"https:\/\/revistahubclub.com.br\/portal\/wp-json\/wp\/v2\/categories?post=7413"},{"taxonomy":"post_tag","embeddable":true,"href":"https:\/\/revistahubclub.com.br\/portal\/wp-json\/wp\/v2\/tags?post=7413"}],"curies":[{"name":"wp","href":"https:\/\/api.w.org\/{rel}","templated":true}]}}