{"id":7439,"date":"2022-04-14T15:43:00","date_gmt":"2022-04-14T18:43:00","guid":{"rendered":"https:\/\/revistahubclub.com.br\/portal\/?p=7439"},"modified":"2024-12-20T15:44:09","modified_gmt":"2024-12-20T18:44:09","slug":"turismo-regional","status":"publish","type":"post","link":"https:\/\/revistahubclub.com.br\/portal\/2022\/04\/14\/turismo-regional\/","title":{"rendered":"Turismo Regional"},"content":{"rendered":"\n<p id=\"viewer-foo\"><em>Nossa regi\u00e3o possui in\u00fameras atra\u00e7\u00f5es com seu turismo diversificado e repleto de belezas e descobertas incr\u00edveis.<\/em><\/p>\n\n\n\n<p id=\"viewer-5k4pb\"><em>Por Viviane Lemes<\/em><\/p>\n\n\n\n<p id=\"viewer-dvmk8\"><em>Fotos Luis Leite, Kadu Cabral, Andr\u00e9 Luiz Castro, Regina Ribeiro, Flanar Turismo, Viviane Lemes, Cervejaria Pelizer, Yquara Termas, Emater-MG e Secretaria de Cultura de Paracatu<\/em><\/p>\n\n\n\n<p id=\"viewer-80vjl\">Falar sobre Turismo para mim \u00e9 falar sobre lugares e pessoas, como suas belezas e diversidades se interrelacionam em um ciclo virtuoso, fazendo a economia girar e impactar no mercado, gerando emprego, renda, desenvolvimento local e felicidade. Com a crise sanit\u00e1ria da Covid-19, o Turismo foi um dos primeiros setores afetados. As medidas de isolamento social, necess\u00e1rias nos anos de 2020 e 2021, fizeram com que as atividades tur\u00edsticas parassem em todo o mundo, gerando um impacto de US$ 4 trilh\u00f5es na economia global e a redu\u00e7\u00e3o aproximada de 390 mil postos de trabalho. No Brasil, uma pesquisa da FGV aponta um preju\u00edzo de algo em torno de R$ 160 bilh\u00f5es, al\u00e9m do fechamento de at\u00e9 1,1 milh\u00e3o de postos de trabalho. N\u00f3s, profissionais do turismo, tivemos que nos reinventar, em um exerc\u00edcio cont\u00ednuo. Para sobreviver no mercado o jeito foi respirar, nos unirmos em redes virtuais e nos prepararmos para as mudan\u00e7as profundas no setor. In\u00fameras redes de profissionais foram criadas com o intuito de criar elos de coopera\u00e7\u00e3o, difus\u00e3o de parcerias p\u00fablico-privadas e compartilhamento m\u00fatuo de conhecimentos. Estudos sobre tend\u00eancias, feiras, eventos, tamb\u00e9m fizeram parte do conjunto de a\u00e7\u00f5es realizadas gratuitamente em plataformas digitais.<\/p>\n\n\n\n<p id=\"viewer-coobf\">As redes foram consideradas, no contexto da pandemia, poderosas formas de organiza\u00e7\u00e3o visando romper o isolamento e trazendo bons resultados para empres\u00e1rios e consumidores. Permitiram que pessoas pudessem compartilhar bens e servi\u00e7os utilizando as novas economias &#8211; criativa, colaborativa e compartilhada. Segundo Regina Amorim, gestora do Sebrae Para\u00edba e idealizadora da Ruraltur Digital e FINCC &#8211; Feira Internacional de Neg\u00f3cios Criativos, o espa\u00e7o digital oferece a oportunidade para que diversas empresas se inscrevam para fazer neg\u00f3cios, ter mais visibilidade e proje\u00e7\u00e3o no mercado sem fronteiras. Cito ainda como exemplo de organiza\u00e7\u00e3o, a Rede de Turismo Rural Consciente (www. turismoruralconsciente.com.br) criada em 2020 e que atualmente re\u00fane 140 empreendedores de todos os estados brasileiros. Por mais paradoxal que fosse a realidade, o cen\u00e1rio exigiu cautela, criatividade e descortinou a todos a consci\u00eancia de que era chegada a hora da efetiva valoriza\u00e7\u00e3o do turismo dom\u00e9stico. Como as viagens internacionais ficaram limitadas, o cen\u00e1rio do turismo nacional configurouse como uma oportunidade rara de valoriza\u00e7\u00e3o e desenvolvimento do turismo regional por meio de um novo olhar e a descoberta de potencialidades locais. Foi nesse contexto de busca de compreens\u00e3o e caminhos, que n\u00f3s, da Flanar Turismo (Uberl\u00e2ndiaMG), passamos a vislumbrar, juntamente com um grupo de empreendedores ligados \u00e0 produ\u00e7\u00e3o associada ao turismo, alternativas por meio de um projeto que expressasse essa nova configura\u00e7\u00e3o de viagens. O Projeto Matula Mineira contempla o recorte territorial do Tri\u00e2ngulo Mineiro e Alto Parana\u00edba, onde predomina uma diversidade de atrativos naturais, manifesta\u00e7\u00f5es culturais e produtos aliment\u00edcios origin\u00e1rios do Cerrado, com peculiaridades que nos distinguem de outras regi\u00f5es. Coletivamente, estamos construindo novos contornos para atividade tur\u00edstica regional, com pr\u00e1ticas inovadoras como resposta aos desafios da nova configura\u00e7\u00e3o global e cen\u00e1rio de recupera\u00e7\u00e3o da economia, concebendo o turismo como estrat\u00e9gia para o desenvolvimento local, fortalecimento da nossa identidade com gera\u00e7\u00e3o de novas oportunidades de emprego e renda.<\/p>\n\n\n\n<p id=\"viewer-1oio7\">Propomos viagens que valorizam o Turismo Regional, com destinos at\u00e9 400 km partindo de Uberl\u00e2ndia, em locais com menor fluxo de pessoas e aten\u00e7\u00e3o aos protocolos de biosseguran\u00e7a, em conex\u00e3o com a natureza e o sagrado, as experi\u00eancias aut\u00eanticas ligadas a t\u00edpica identidade mineira, a produ\u00e7\u00e3o associada ao turismo valorizando produtos locais e a singularidade, despertando o sentimento de pertencimento e orgulho de ser mineiro. Os destinos, perto ou longe de casa, ser\u00e3o apresentados a partir do olhar maduro e atento aos detalhes de uma profissional com 13 anos de atua\u00e7\u00e3o no mercado. Al\u00e9m de convidar o leitor a redescobrir lugares, prop\u00f5e a humaniza\u00e7\u00e3o das viagens, estabelecendo entre quem recebe e visita uma rela\u00e7\u00e3o de reciprocidade, promovendo desenvolvimento dos territ\u00f3rios visitados e abrindo janelas para que o turista vivencie realmente uma experi\u00eanciare vigorante. Afinal, o que se busca ap\u00f3s quase dois anos imersos em cen\u00e1rios constantes de doen\u00e7a e luto \u00e9 levar uma vida mais saud\u00e1vel e equilibrada tamb\u00e9m em suas viagens.<\/p>\n\n\n\n<p id=\"viewer-boigm\">Nesta edi\u00e7\u00e3o da Revista Hub destacamos as tend\u00eancias por segmenta\u00e7\u00e3o e que est\u00e3o aptas \u00e0 visita\u00e7\u00e3o. H\u00e1 muitas experi\u00eancias para curtir no Tri\u00e2ngulo Mineiro e Alto Parana\u00edba e que ser\u00e3o aprofundadas ao longo das pr\u00f3ximas edi\u00e7\u00f5es \u00e0 partir de 15 destinos indutores na regi\u00e3o.<\/p>\n\n\n\n<p id=\"viewer-3qt6c\"><strong>FAZENDAS CENTEN\u00c1RIAS<\/strong><\/p>\n\n\n\n<figure class=\"wp-block-image\"><img loading=\"lazy\" decoding=\"async\" width=\"592\" height=\"377\" src=\"https:\/\/revistahubclub.com.br\/portal\/wp-content\/uploads\/2024\/12\/4ac39f_fbacb40689204f8cb18bbf97101cda6amv2.png\" alt=\"\" class=\"wp-image-7451\" srcset=\"https:\/\/revistahubclub.com.br\/portal\/wp-content\/uploads\/2024\/12\/4ac39f_fbacb40689204f8cb18bbf97101cda6amv2.png 592w, https:\/\/revistahubclub.com.br\/portal\/wp-content\/uploads\/2024\/12\/4ac39f_fbacb40689204f8cb18bbf97101cda6amv2-300x191.png 300w\" sizes=\"auto, (max-width: 592px) 100vw, 592px\" \/><\/figure>\n\n\n\n<p id=\"viewer-1h8bd\"><em>Fazenda Rio Verde | Foto Divulga\u00e7\u00e3o<\/em><\/p>\n\n\n\n<p id=\"viewer-e2fpq\">O Turismo Rural j\u00e1 existia, mas com a pandemia vem crescendo significativamente. Mais do que nunca os mineiros descobriram o turismo rural, como uma forma de evitar aglomera\u00e7\u00f5es, estar em contato com a natureza, consumir produtos saud\u00e1veis e de origem. \u00c9 tamb\u00e9m a oportunidade de volta ao passado\u201creencontrando nossas ra\u00edzes\u201d, atrav\u00e9s do resgate de mem\u00f3rias e saberes expressos na prosa mansa, em objetos antigos e de maneira peculiar nas del\u00edcias da cozinha mineira. E que tal reunir todos esses elementos, distanciar-se da vida urbana e relaxar com requinte em uma fazenda que possui a identidade de uma t\u00edpica fazenda mineira centen\u00e1ria? Uma das v\u00e1rias propriedades aptas a receber turistas, est\u00e1 localizada a 145 km de Uberl\u00e2ndia. Trata-se de propriedade rural centen\u00e1ria que guarda objetos da \u00e9poca e mob\u00edlias feitas especialmente para a fam\u00edlia. Toda a casa \u00e9 feita de madeira de lei com encaixes e sem a utiliza\u00e7\u00e3o de pregos na estrutura da casa, coisa rara de se ver. Possui uma represa com a \u00e1gua batendo na parede da varanda, piscina, sal\u00e3o de jogos, cavalos, leite de vaca tirado na hora, peixes, galinhas e porcos. Uma fazenda com requinte e que funciona de verdade mantendo sua originalidade. Dispon\u00edvel para loca\u00e7\u00e3o, a propriedade acomoda 20 pessoas em 06 quartos com roupa de cama e banho de \u00f3tima qualidade. Para garantir conforto e divers\u00e3o oferece tamb\u00e9m ar condicionado em todos os quartos, sala TV e sal\u00e3o de jogos, piscina e Wi-Fi.<\/p>\n\n\n\n<figure class=\"wp-block-image\"><img loading=\"lazy\" decoding=\"async\" width=\"508\" height=\"953\" src=\"https:\/\/revistahubclub.com.br\/portal\/wp-content\/uploads\/2024\/12\/4ac39f_248e499f3617424fb2263f7dbc2912a0mv2.png\" alt=\"\" class=\"wp-image-7452\" srcset=\"https:\/\/revistahubclub.com.br\/portal\/wp-content\/uploads\/2024\/12\/4ac39f_248e499f3617424fb2263f7dbc2912a0mv2.png 508w, https:\/\/revistahubclub.com.br\/portal\/wp-content\/uploads\/2024\/12\/4ac39f_248e499f3617424fb2263f7dbc2912a0mv2-160x300.png 160w\" sizes=\"auto, (max-width: 508px) 100vw, 508px\" \/><\/figure>\n\n\n\n<figure class=\"wp-block-image\"><img loading=\"lazy\" decoding=\"async\" width=\"592\" height=\"310\" src=\"https:\/\/revistahubclub.com.br\/portal\/wp-content\/uploads\/2024\/12\/4ac39f_73ea7b08ea4040d5a20d984cca75a07cmv2.png\" alt=\"\" class=\"wp-image-7442\" srcset=\"https:\/\/revistahubclub.com.br\/portal\/wp-content\/uploads\/2024\/12\/4ac39f_73ea7b08ea4040d5a20d984cca75a07cmv2.png 592w, https:\/\/revistahubclub.com.br\/portal\/wp-content\/uploads\/2024\/12\/4ac39f_73ea7b08ea4040d5a20d984cca75a07cmv2-300x157.png 300w\" sizes=\"auto, (max-width: 592px) 100vw, 592px\" \/><\/figure>\n\n\n\n<p id=\"viewer-6eqt7\"><strong>TURISMO DE BASE COMUNIT\u00c1RIA, AGRICULTURA FAMILIAR E PRODU\u00c7\u00c3O ASSOCIADO<\/strong><\/p>\n\n\n\n<figure class=\"wp-block-image\"><img loading=\"lazy\" decoding=\"async\" width=\"592\" height=\"694\" src=\"https:\/\/revistahubclub.com.br\/portal\/wp-content\/uploads\/2024\/12\/4ac39f_a2486c9d3da74ef184c333942fdaaca1mv2.png\" alt=\"\" class=\"wp-image-7446\" srcset=\"https:\/\/revistahubclub.com.br\/portal\/wp-content\/uploads\/2024\/12\/4ac39f_a2486c9d3da74ef184c333942fdaaca1mv2.png 592w, https:\/\/revistahubclub.com.br\/portal\/wp-content\/uploads\/2024\/12\/4ac39f_a2486c9d3da74ef184c333942fdaaca1mv2-256x300.png 256w\" sizes=\"auto, (max-width: 592px) 100vw, 592px\" \/><\/figure>\n\n\n\n<p id=\"viewer-918m5\"><em>Rota do Queijo Artesanal em Uberl\u00e2ndia. | Foto Emater-MG<\/em><\/p>\n\n\n\n<p id=\"viewer-1r6\">Indiscutivelmente o produto associado ao Turismo que mais identifica os mineiros \u00e9 o queijo. O Triangulo Mineiro \u00e9 uma das 8 regi\u00f5es do estado, reconhecida como produtora de queijo Minas Artesanal, feito de leite cru, pingo, coalho e sal. Visando estimular o turismo rural associado \u00e0 gastronomia e, principalmente, divulgar o queijo produzido na regi\u00e3o \u00e9 que a EMATER MG, que j\u00e1 realizava um trabalho com as fam\u00edlias produtoras de queijo no sentido de melhorar cada vez mais a qualidade do produto e do leite, decidiu implementar a Rota do Queijo Artesanal no Tri\u00e2ngulo Mineiro. A Rota do Queijo Artesanal do Tri\u00e2ngulo Mineiro \u00e9 composta por cinco fazendas localizadas em quatro munic\u00edpios.<\/p>\n\n\n\n<p id=\"viewer-15imk\"><strong>TURISMO DE MEM\u00d3RIA E PATRIM\u00d4NIO HIST\u00d3RICO<\/strong><\/p>\n\n\n\n<figure class=\"wp-block-image\"><img loading=\"lazy\" decoding=\"async\" width=\"592\" height=\"601\" src=\"https:\/\/revistahubclub.com.br\/portal\/wp-content\/uploads\/2024\/12\/4ac39f_5f0062b5d4374bceaaba751d0254954cmv2.png\" alt=\"\" class=\"wp-image-7445\" srcset=\"https:\/\/revistahubclub.com.br\/portal\/wp-content\/uploads\/2024\/12\/4ac39f_5f0062b5d4374bceaaba751d0254954cmv2.png 592w, https:\/\/revistahubclub.com.br\/portal\/wp-content\/uploads\/2024\/12\/4ac39f_5f0062b5d4374bceaaba751d0254954cmv2-296x300.png 296w\" sizes=\"auto, (max-width: 592px) 100vw, 592px\" \/><\/figure>\n\n\n\n<p id=\"viewer-52c7\"><em>Estrada que d\u00e1 acesso ao Desemboque. | Foto Luis Leite<\/em><\/p>\n\n\n\n<figure class=\"wp-block-image\"><img loading=\"lazy\" decoding=\"async\" width=\"592\" height=\"606\" src=\"https:\/\/revistahubclub.com.br\/portal\/wp-content\/uploads\/2024\/12\/4ac39f_420528c8287c4b6cafdae025013bf5bdmv2.png\" alt=\"\" class=\"wp-image-7448\" srcset=\"https:\/\/revistahubclub.com.br\/portal\/wp-content\/uploads\/2024\/12\/4ac39f_420528c8287c4b6cafdae025013bf5bdmv2.png 592w, https:\/\/revistahubclub.com.br\/portal\/wp-content\/uploads\/2024\/12\/4ac39f_420528c8287c4b6cafdae025013bf5bdmv2-293x300.png 293w\" sizes=\"auto, (max-width: 592px) 100vw, 592px\" \/><\/figure>\n\n\n\n<p id=\"viewer-a0lf2\"><em>Panorama do Desemboque. | Foto: Luis Leite<\/em><\/p>\n\n\n\n<p id=\"viewer-28amn\">Visita ao povoado de Desemboque onde se estabeleceu em 1746 o primeiro n\u00facleo de povoamento do Tri\u00e2ngulo Mineiro e Alto Parana\u00edba e marco da coloniza\u00e7\u00e3o do Brasil Central, antes denominado Sert\u00e3o da Farinha Podre. O povoado resiste ao tempo onde \u00e9 poss\u00edvel uma prosa tranquila e uma pausa para pensar nos rumos da hist\u00f3ria. Atualmente \u00e9 um distrito rural de Sacramento com duas igrejas barrocas e uma popula\u00e7\u00e3o estimada em apenas 27 pessoas. O territ\u00f3rio \u00e9 reconhecido como portal da Serra da Canastra marcado por uma beleza natural exuberante e a produ\u00e7\u00e3o artesanal de queijos de alt\u00edssima qualidade.<\/p>\n\n\n\n<figure class=\"wp-block-image\"><img loading=\"lazy\" decoding=\"async\" width=\"592\" height=\"351\" src=\"https:\/\/revistahubclub.com.br\/portal\/wp-content\/uploads\/2024\/12\/4ac39f_6dd47a783e2244eab19f095b998c43edmv2.png\" alt=\"\" class=\"wp-image-7444\" srcset=\"https:\/\/revistahubclub.com.br\/portal\/wp-content\/uploads\/2024\/12\/4ac39f_6dd47a783e2244eab19f095b998c43edmv2.png 592w, https:\/\/revistahubclub.com.br\/portal\/wp-content\/uploads\/2024\/12\/4ac39f_6dd47a783e2244eab19f095b998c43edmv2-300x178.png 300w\" sizes=\"auto, (max-width: 592px) 100vw, 592px\" \/><\/figure>\n\n\n\n<p id=\"viewer-6c6uu\"><em>Carreiros na Festa de Nossa Senhora do Desenterro, padroeira do Desemboque. | Foto Luis Leite<\/em><\/p>\n\n\n\n<p id=\"viewer-suu5\"><strong>OS QUINTAIS E QUITANGAS DE PARACATU &#8211; 2 DIAS<\/strong><\/p>\n\n\n\n<figure class=\"wp-block-image\"><img loading=\"lazy\" decoding=\"async\" width=\"592\" height=\"516\" src=\"https:\/\/revistahubclub.com.br\/portal\/wp-content\/uploads\/2024\/12\/4ac39f_3cd483a79ca642d181b318c367a416abmv2.png\" alt=\"\" class=\"wp-image-7453\" srcset=\"https:\/\/revistahubclub.com.br\/portal\/wp-content\/uploads\/2024\/12\/4ac39f_3cd483a79ca642d181b318c367a416abmv2.png 592w, https:\/\/revistahubclub.com.br\/portal\/wp-content\/uploads\/2024\/12\/4ac39f_3cd483a79ca642d181b318c367a416abmv2-300x261.png 300w\" sizes=\"auto, (max-width: 592px) 100vw, 592px\" \/><\/figure>\n\n\n\n<p id=\"viewer-1je5h\"><em>Centro Hist\u00f3rico de Paracatu. | Foto Secretaria de Cultura de Paracatu<\/em><\/p>\n\n\n\n<p id=\"viewer-b9a5s\">Localizada no noroeste mineiro, a cidade de Paracatu est\u00e1 pr\u00f3xima \u00e0 divisa do estado de Goi\u00e1s a 196 km de Bras\u00edlia e 336 km de Uberl\u00e2ndia. Com mais de 200 anos de hist\u00f3ria, Paracatu, a antiga Vila do Pr\u00edncipe, Paracatu possui um preservado centro hist\u00f3rico, testemunhado nosso per\u00edodo colonial, do s\u00e9culo 18. Fundada em 1586, surgiu como rota dos bandeirantes preserva remanescentes de cinco quilombos e \u00e9 tombada desde 2010 como Patrim\u00f4nio Cultural<\/p>\n\n\n\n<p id=\"viewer-4raiv\">Brasileiro pelo Instituto do Patrim\u00f4nio Hist\u00f3rico e Art\u00edstico Nacional (IPHAN). N\u00e3o restam d\u00favidas de que \u00e9 um dos mais importantes polos culturais de Minas Gerais. Como se n\u00e3o bastasse sua import\u00e2ncia hist\u00f3rica e cultural, a cidade tem atraindo visitantes inebriados pelos seus sabores e delicias. Em 2020, por ocasi\u00e3o da Comemora\u00e7\u00e3o dos 300 anos de Minas a cidade de Paracatu passou a integrar a Rota das Quitandas, ao lado de cidades como Congonhas, S\u00e3o Tiago, S\u00e3o Bartolomeu, Lagoa Santa e Igarap\u00e9. No dia 06\/08\/2021, foi institu\u00edda como 1\u00ba Polo Gastron\u00f4mico da Cozinha Mineira e se torna a primeira cidade em Minas Gerais com a\u00e7\u00f5es pontuais de valoriza\u00e7\u00e3o das mestras e mestres da cozinha mineira. Na mesma data inaugurou primeira unidade da Funda\u00e7\u00e3o de Arte de Ouro Preto (FAOP) fora de seu munic\u00edpio sede. J\u00e1 podemos prever os bons ventos que a Cultura e o Turismo trar\u00e3o para a hist\u00f3rica Vila do Pr\u00edncipe.<\/p>\n\n\n\n<figure class=\"wp-block-image\"><img loading=\"lazy\" decoding=\"async\" width=\"592\" height=\"550\" src=\"https:\/\/revistahubclub.com.br\/portal\/wp-content\/uploads\/2024\/12\/4ac39f_bdd11a8937544264b2fa4fd3c64f858dmv2.png\" alt=\"\" class=\"wp-image-7447\" srcset=\"https:\/\/revistahubclub.com.br\/portal\/wp-content\/uploads\/2024\/12\/4ac39f_bdd11a8937544264b2fa4fd3c64f858dmv2.png 592w, https:\/\/revistahubclub.com.br\/portal\/wp-content\/uploads\/2024\/12\/4ac39f_bdd11a8937544264b2fa4fd3c64f858dmv2-300x279.png 300w\" sizes=\"auto, (max-width: 592px) 100vw, 592px\" \/><\/figure>\n\n\n\n<p id=\"viewer-aor3b\"><em>Quitandas de Paracatu. | Foto Secretaria de Cultura de Paracatu<\/em><\/p>\n\n\n\n<p id=\"viewer-fjd21\"><strong><em>EST\u00c2NCIA DO GUARDI\u00c3O (1 DIA)<\/em><\/strong><\/p>\n\n\n\n<figure class=\"wp-block-image\"><img loading=\"lazy\" decoding=\"async\" width=\"592\" height=\"319\" src=\"https:\/\/revistahubclub.com.br\/portal\/wp-content\/uploads\/2024\/12\/4ac39f_22698374682b4dbf81a54114fab9cd8cmv2.png\" alt=\"\" class=\"wp-image-7443\" srcset=\"https:\/\/revistahubclub.com.br\/portal\/wp-content\/uploads\/2024\/12\/4ac39f_22698374682b4dbf81a54114fab9cd8cmv2.png 592w, https:\/\/revistahubclub.com.br\/portal\/wp-content\/uploads\/2024\/12\/4ac39f_22698374682b4dbf81a54114fab9cd8cmv2-300x162.png 300w\" sizes=\"auto, (max-width: 592px) 100vw, 592px\" \/><\/figure>\n\n\n\n<p id=\"viewer-6tm2t\">Rapel na Est\u00e2ncia do Guardi\u00e3o. | Foto: Kadu Cabral<\/p>\n\n\n\n<p id=\"viewer-ddl0e\">A Est\u00e2ncia do Guardi\u00e3o \u00e9 um espa\u00e7o para ecoturismo, turismo rural e turismo de aventura localizado em Araguari. O propriet\u00e1rio Gino S\u00e9rgio S\u00edcari, cuida da preserva\u00e7\u00e3o do local onde vive desde crian\u00e7a. Lugar de natureza preservada e com constru\u00e7\u00e3o peculiar. Possui m\u00f3veis antigos restaurados e v\u00e1rios objetos de decora\u00e7\u00e3o antigos. Al\u00e9m de piscina r\u00fastica e ducha constru\u00eddas pelo pr\u00f3prio Gino, que por sinal \u00e9 figura, h\u00e1 uma \u00e1rea verde deslumbrante, 9 represas e o laborat\u00f3rio de criat\u00f3rios de peixe. Possu\u00ed um complexo de cachoeiras com 10 quedas sequenciadas e a trilha de acesso \u00e0 mesma, onde s\u00e3o ofertados os servi\u00e7osde trilhas, rapel, caiaque e stand up. Segundo os gestores do Gino S\u00edcari e Fernanda Nasciutti, o objetivo do empreendimento \u00e9 promover experi\u00eancias cognitivas, sensoriais e emocionais que favore\u00e7am a reconex\u00e3o com a natureza, despertar osvisitantes para a import\u00e2ncia da preserva\u00e7\u00e3o do patrim\u00f4nio natural e cultural, buscando maior consci\u00eanciaambiental, bem como promover o interc\u00e2mbio dohomem da cidade com o meio rural, oportunizando assimexperi\u00eancias de aprendizagem e bem-estar. A Est\u00e2ncia do Guardi\u00e3o, distante 60 km de Uberl\u00e2ndia, est\u00e1 apta a receber grupos limitados de turistas paravisita\u00e7\u00e3o Day Use e aqueles que querem pernoitar, pois possuem \u00e1rea de camping e loca\u00e7\u00e3o da casa r\u00fastica. Disponibiliza a \u00e1rea tamb\u00e9m loca\u00e7\u00e3o para ensaios fotogr\u00e1ficos diversos. Reservas ser\u00e3o feitas somente com agendamento pr\u00e9vio e n\u00famero reduzido de visitantes.<\/p>\n\n\n\n<figure class=\"wp-block-image\"><img loading=\"lazy\" decoding=\"async\" width=\"592\" height=\"582\" src=\"https:\/\/revistahubclub.com.br\/portal\/wp-content\/uploads\/2024\/12\/4ac39f_cec3981f64a24ebbb8757aee568f9c3cmv2.png\" alt=\"\" class=\"wp-image-7449\" srcset=\"https:\/\/revistahubclub.com.br\/portal\/wp-content\/uploads\/2024\/12\/4ac39f_cec3981f64a24ebbb8757aee568f9c3cmv2.png 592w, https:\/\/revistahubclub.com.br\/portal\/wp-content\/uploads\/2024\/12\/4ac39f_cec3981f64a24ebbb8757aee568f9c3cmv2-300x295.png 300w\" sizes=\"auto, (max-width: 592px) 100vw, 592px\" \/><\/figure>\n\n\n\n<p id=\"viewer-d0jch\"><em>Stand up na Est\u00e2nciado Guardi\u00e3o. | Foto Kadu Cabral<\/em><\/p>\n\n\n\n<p id=\"viewer-a41mm\"><strong>EXPERI\u00caNCIA QUEIJERA E CACHOEIRATERAPIA EM SACRAMENTO \u2013 (3 DIAS)<\/strong><\/p>\n\n\n\n<figure class=\"wp-block-image\"><img loading=\"lazy\" decoding=\"async\" width=\"592\" height=\"445\" src=\"https:\/\/revistahubclub.com.br\/portal\/wp-content\/uploads\/2024\/12\/4ac39f_bd3b6472dcf544dca55c3729e098d02fmv2.png\" alt=\"\" class=\"wp-image-7450\" srcset=\"https:\/\/revistahubclub.com.br\/portal\/wp-content\/uploads\/2024\/12\/4ac39f_bd3b6472dcf544dca55c3729e098d02fmv2.png 592w, https:\/\/revistahubclub.com.br\/portal\/wp-content\/uploads\/2024\/12\/4ac39f_bd3b6472dcf544dca55c3729e098d02fmv2-300x226.png 300w, https:\/\/revistahubclub.com.br\/portal\/wp-content\/uploads\/2024\/12\/4ac39f_bd3b6472dcf544dca55c3729e098d02fmv2-200x150.png 200w\" sizes=\"auto, (max-width: 592px) 100vw, 592px\" \/><\/figure>\n\n\n\n<p id=\"viewer-e8gri\"><em>Cachoeiraterapia na Canastra. | Foto: Hotel Fazenda Portal da Canastra<\/em><\/p>\n\n\n\n<p id=\"viewer-ehujr\">Uma boaop\u00e7\u00e3o para conciliar descanso e aliviar o estresseque \u00e9 causado pelas tarefas do cotidiano\u00e9 umrelaxante banho de cachoeira.Uma pesquisa realizada no Jap\u00e3o constatou que o banho de cachoeira \u00e9 capaz de diminuir a concentra\u00e7\u00e3o decortisol (horm\u00f4nio ligado ao estresse), press\u00e3o arterial e frequ\u00eancia card\u00edaca devido aos efeitos da \u00e1gua geladana circula\u00e7\u00e3o.Al\u00e9m disso, percebeu-se um aumento na atividade do nervo parassimp\u00e1tico e nervo inferiorsimp\u00e1tico e ainda na contagem de gl\u00f3bulos brancos (c\u00e9lulas de defesa do organismo).No Jap\u00e3o, os banhos de cachoeira s\u00e3otratados como terapia da natureza pois aumenta os n\u00edveis de energia esensa\u00e7\u00e3o de bem-estar. A caminhada ao ar livre tamb\u00e9m ajuda a oxigenar os pulm\u00f5es e a liberar serotonina,promovendo sensa\u00e7\u00f5es de felicidade e satisfa\u00e7\u00e3o.Al\u00e9m de todos os benef\u00edcios favorecidos pela conex\u00e3o com a natureza,a Flanar Turismo, preocupa-se com asmedidas de seguran\u00e7a ao limitar as atividades a grupos reduzidos e promover nesse momento as viagens deproximidade. Por esta raz\u00e3o elegemos uma experi\u00eancia completa de Turismo Rurale Ecoturismono portal daSerra da Canastra, no munic\u00edpio de Sacramento (MG).<\/p>\n\n\n\n<figure class=\"wp-block-image\"><img loading=\"lazy\" decoding=\"async\" width=\"592\" height=\"510\" src=\"https:\/\/revistahubclub.com.br\/portal\/wp-content\/uploads\/2024\/12\/4ac39f_76171b873e0842fcb4b4df0ccc82fcf9mv2.jpg\" alt=\"\" class=\"wp-image-7441\" srcset=\"https:\/\/revistahubclub.com.br\/portal\/wp-content\/uploads\/2024\/12\/4ac39f_76171b873e0842fcb4b4df0ccc82fcf9mv2.jpg 592w, https:\/\/revistahubclub.com.br\/portal\/wp-content\/uploads\/2024\/12\/4ac39f_76171b873e0842fcb4b4df0ccc82fcf9mv2-300x258.jpg 300w\" sizes=\"auto, (max-width: 592px) 100vw, 592px\" \/><\/figure>\n\n\n\n<p id=\"viewer-1av5t\"><em>Hotel Fazenda Portal da Canastra. Foto: Flanar Turismo \/ Acervo Viviane Lemes<\/em><\/p>\n","protected":false},"excerpt":{"rendered":"<p>Nossa regi\u00e3o possui in\u00fameras atra\u00e7\u00f5es com seu turismo diversificado e repleto de belezas e descobertas incr\u00edveis. Por Viviane Lemes Fotos Luis Leite, Kadu Cabral, Andr\u00e9 Luiz Castro, Regina Ribeiro, Flanar<\/p>\n","protected":false},"author":1,"featured_media":7440,"comment_status":"open","ping_status":"open","sticky":false,"template":"","format":"standard","meta":{"footnotes":""},"categories":[1],"tags":[],"class_list":["post-7439","post","type-post","status-publish","format-standard","has-post-thumbnail","hentry","category-noticias"],"_links":{"self":[{"href":"https:\/\/revistahubclub.com.br\/portal\/wp-json\/wp\/v2\/posts\/7439","targetHints":{"allow":["GET"]}}],"collection":[{"href":"https:\/\/revistahubclub.com.br\/portal\/wp-json\/wp\/v2\/posts"}],"about":[{"href":"https:\/\/revistahubclub.com.br\/portal\/wp-json\/wp\/v2\/types\/post"}],"author":[{"embeddable":true,"href":"https:\/\/revistahubclub.com.br\/portal\/wp-json\/wp\/v2\/users\/1"}],"replies":[{"embeddable":true,"href":"https:\/\/revistahubclub.com.br\/portal\/wp-json\/wp\/v2\/comments?post=7439"}],"version-history":[{"count":1,"href":"https:\/\/revistahubclub.com.br\/portal\/wp-json\/wp\/v2\/posts\/7439\/revisions"}],"predecessor-version":[{"id":7454,"href":"https:\/\/revistahubclub.com.br\/portal\/wp-json\/wp\/v2\/posts\/7439\/revisions\/7454"}],"wp:featuredmedia":[{"embeddable":true,"href":"https:\/\/revistahubclub.com.br\/portal\/wp-json\/wp\/v2\/media\/7440"}],"wp:attachment":[{"href":"https:\/\/revistahubclub.com.br\/portal\/wp-json\/wp\/v2\/media?parent=7439"}],"wp:term":[{"taxonomy":"category","embeddable":true,"href":"https:\/\/revistahubclub.com.br\/portal\/wp-json\/wp\/v2\/categories?post=7439"},{"taxonomy":"post_tag","embeddable":true,"href":"https:\/\/revistahubclub.com.br\/portal\/wp-json\/wp\/v2\/tags?post=7439"}],"curies":[{"name":"wp","href":"https:\/\/api.w.org\/{rel}","templated":true}]}}