{"id":7475,"date":"2022-04-12T15:47:00","date_gmt":"2022-04-12T18:47:00","guid":{"rendered":"https:\/\/revistahubclub.com.br\/portal\/?p=7475"},"modified":"2024-12-20T15:47:34","modified_gmt":"2024-12-20T18:47:34","slug":"moda-estilo","status":"publish","type":"post","link":"https:\/\/revistahubclub.com.br\/portal\/2022\/04\/12\/moda-estilo\/","title":{"rendered":"Moda &#038; Estilo"},"content":{"rendered":"\n<p id=\"viewer-foo\"><em>\u201cAqui estamos para juntar diversos estilos, gostos e personalidades\u201d<\/em><\/p>\n\n\n\n<p id=\"viewer-88b2h\"><em>Por Cinthya Cintra<\/em><\/p>\n\n\n\n<p id=\"viewer-7ejuv\"><em>Fotos Amanda Souza<\/em><\/p>\n\n\n\n<p id=\"viewer-2ruiv\"><strong>JUNTAstyle<\/strong> por Cinthya Cintra, arquiteta por forma\u00e7\u00e3o, designer de moda por paix\u00e3o e agricultora por gera\u00e7\u00e3o.<\/p>\n\n\n\n<p id=\"viewer-5ecru\"><strong>Ficha t\u00e9cnica:<\/strong><\/p>\n\n\n\n<p id=\"viewer-c3umu\">Aparatto Joias &#8211; Joias<\/p>\n\n\n\n<p id=\"viewer-amtf2\">Amanda Souza &#8211; Fotografia<\/p>\n\n\n\n<p id=\"viewer-c07ah\">tem.que.ser &#8211; Loca\u00e7\u00e3o<\/p>\n\n\n\n<p id=\"viewer-e2llt\">A regra \u00e9 se sentir bem. Associada \u00e0quilo relacionado com inspira\u00e7\u00e3o, desenho e cria\u00e7\u00e3o, o conceito de moda pode se definir como um h\u00e1bito geralmente ligado ao vestu\u00e1rio, adere\u00e7os e acess\u00f3rios. Aqui estamos para juntar diversos estilos, gostos e personalidades, o seu, o meu, o nosso, da mulher dona de casa, desde a empres\u00e1ria, \u00e0 noturna. Fazemos moda para juntar!<\/p>\n\n\n\n<figure class=\"wp-block-image\"><img decoding=\"async\" src=\"https:\/\/static.wixstatic.com\/media\/4ac39f_0d4bfa939c5c40afb27861bcd0ba5f4f~mv2.jpg\/v1\/fill\/w_592,h_432,al_c,q_80,usm_0.66_1.00_0.01,enc_auto\/4ac39f_0d4bfa939c5c40afb27861bcd0ba5f4f~mv2.jpg\" alt=\"\"\/><\/figure>\n\n\n\n<p id=\"viewer-488p1\">Quebrando os estigmas de antigamente, onde os vestidos longos eram vistos como recatados e voltados para senhoras, agora s\u00e3o pe\u00e7as-chave em todo guarda-roupa feminino. Usados tanto de dia, quanto \u00e0 noite, com visual pr\u00e1tico, elegante e despojado. Uma \u00f3tima escolha para o lazer e ver\u00e3o com tons e estampas alegres, ou inverno com uma terceira pe\u00e7a e tons terrosos.<\/p>\n\n\n\n<figure class=\"wp-block-image\"><img decoding=\"async\" src=\"https:\/\/static.wixstatic.com\/media\/4ac39f_82627c5e46464df8b3a90df9d04f96c7~mv2.jpg\/v1\/fill\/w_592,h_796,al_c,q_85,usm_0.66_1.00_0.01,enc_auto\/4ac39f_82627c5e46464df8b3a90df9d04f96c7~mv2.jpg\" alt=\"\"\/><\/figure>\n\n\n\n<p id=\"viewer-9olp\">O para\u00edso feminino, o lese ou laise \u00e9 considerado um tecido delicado e rom\u00e2ntico. Na medida certa \u00e9 perfeito para qualquer silhueta e qualquer pessoa pode us\u00e1-lo. \u00d3tima op\u00e7\u00e3o para o ver\u00e3o, as roupas de lese s\u00e3o vers\u00e1teis, muito fresquinhas, de tecido de algod\u00e3o com bordados vazados, podendo ter ou n\u00e3o relevo.<\/p>\n\n\n\n<figure class=\"wp-block-image\"><img decoding=\"async\" src=\"https:\/\/static.wixstatic.com\/media\/4ac39f_b536b45caf744de9951e82f78dc36071~mv2.jpg\/v1\/fill\/w_592,h_821,al_c,q_85,usm_0.66_1.00_0.01,enc_auto\/4ac39f_b536b45caf744de9951e82f78dc36071~mv2.jpg\" alt=\"\"\/><\/figure>\n\n\n\n<p id=\"viewer-61blt\">Sem d\u00favida, duas das maiores tend\u00eancias de moda do momento. A come\u00e7ar pela cal\u00e7a jogger, caracterizada por ter a modelagem com cintura e os tornozelos marcados com el\u00e1stico, ela traz uma pegada bem esportiva chique. \u00c9 muito estilosa. De cara nova, essa pe\u00e7a t\u00e3o cl\u00e1ssica, item b\u00e1sico em qualquer arm\u00e1rio, o blazer vem sendo usado como pe\u00e7a \u00fanica, com comprimento maior tornando atualidade, acabou repaginado e surgindo tamb\u00e9m com uma nova proposta de look que \u00e9 o ma\u00e7o blazer, ideal para v\u00e1rios bi\u00f3tipos e estilos.<\/p>\n\n\n\n<figure class=\"wp-block-image\"><img decoding=\"async\" src=\"https:\/\/static.wixstatic.com\/media\/4ac39f_1057a54133bd48efb704e43616f0cb95~mv2.jpg\/v1\/fill\/w_592,h_819,al_c,q_85,usm_0.66_1.00_0.01,enc_auto\/4ac39f_1057a54133bd48efb704e43616f0cb95~mv2.jpg\" alt=\"\"\/><\/figure>\n\n\n\n<p id=\"viewer-1gvfa\">Camis\u00e3o, um curinga para as mais diversas ocasi\u00f5es, capaz de compor diferentes propostas combinadas apenas com alguns acess\u00f3rios. Para mim, o camis\u00e3o \u00e9 considerado uma pe\u00e7a atemporal, sendo usada na praia ou no escrit\u00f3rio. Al\u00e9m disso, seu caimento cada vez mais oversized, com bot\u00f5es ou n\u00e3o, atende todos os estilos, seja comfy, ousado ou social.<\/p>\n\n\n\n<figure class=\"wp-block-image\"><img decoding=\"async\" src=\"https:\/\/static.wixstatic.com\/media\/4ac39f_109dd8fae7534a77937f5f3edc9f1bee~mv2.jpg\/v1\/fill\/w_592,h_822,al_c,q_85,usm_0.66_1.00_0.01,enc_auto\/4ac39f_109dd8fae7534a77937f5f3edc9f1bee~mv2.jpg\" alt=\"\"\/><\/figure>\n\n\n\n<p id=\"viewer-8d95n\">Bem noturno com um modelito em paet\u00ea, \u00e9 imposs\u00edvel n\u00e3o chamar a aten\u00e7\u00e3o. Mas nada de alcinhas b\u00e1sicas. O paet\u00ea voltou com tudo e promete destacar n\u00e3o s\u00f3 no brilho, mas tamb\u00e9m nas mais variadas cores e modelos.<\/p>\n","protected":false},"excerpt":{"rendered":"<p>\u201cAqui estamos para juntar diversos estilos, gostos e personalidades\u201d Por Cinthya Cintra Fotos Amanda Souza JUNTAstyle por Cinthya Cintra, arquiteta por forma\u00e7\u00e3o, designer de moda por paix\u00e3o e agricultora por<\/p>\n","protected":false},"author":1,"featured_media":7476,"comment_status":"open","ping_status":"open","sticky":false,"template":"","format":"standard","meta":{"footnotes":""},"categories":[1],"tags":[],"class_list":["post-7475","post","type-post","status-publish","format-standard","has-post-thumbnail","hentry","category-noticias"],"_links":{"self":[{"href":"https:\/\/revistahubclub.com.br\/portal\/wp-json\/wp\/v2\/posts\/7475","targetHints":{"allow":["GET"]}}],"collection":[{"href":"https:\/\/revistahubclub.com.br\/portal\/wp-json\/wp\/v2\/posts"}],"about":[{"href":"https:\/\/revistahubclub.com.br\/portal\/wp-json\/wp\/v2\/types\/post"}],"author":[{"embeddable":true,"href":"https:\/\/revistahubclub.com.br\/portal\/wp-json\/wp\/v2\/users\/1"}],"replies":[{"embeddable":true,"href":"https:\/\/revistahubclub.com.br\/portal\/wp-json\/wp\/v2\/comments?post=7475"}],"version-history":[{"count":1,"href":"https:\/\/revistahubclub.com.br\/portal\/wp-json\/wp\/v2\/posts\/7475\/revisions"}],"predecessor-version":[{"id":7477,"href":"https:\/\/revistahubclub.com.br\/portal\/wp-json\/wp\/v2\/posts\/7475\/revisions\/7477"}],"wp:featuredmedia":[{"embeddable":true,"href":"https:\/\/revistahubclub.com.br\/portal\/wp-json\/wp\/v2\/media\/7476"}],"wp:attachment":[{"href":"https:\/\/revistahubclub.com.br\/portal\/wp-json\/wp\/v2\/media?parent=7475"}],"wp:term":[{"taxonomy":"category","embeddable":true,"href":"https:\/\/revistahubclub.com.br\/portal\/wp-json\/wp\/v2\/categories?post=7475"},{"taxonomy":"post_tag","embeddable":true,"href":"https:\/\/revistahubclub.com.br\/portal\/wp-json\/wp\/v2\/tags?post=7475"}],"curies":[{"name":"wp","href":"https:\/\/api.w.org\/{rel}","templated":true}]}}