{"id":76,"date":"2024-11-19T11:50:26","date_gmt":"2024-11-19T14:50:26","guid":{"rendered":"https:\/\/revistahubclub.com.br\/portal\/?p=76"},"modified":"2024-12-11T11:50:56","modified_gmt":"2024-12-11T14:50:56","slug":"os-maiores-especialistas-do-brasil-no-palco-do-uberlandia-summit-2024","status":"publish","type":"post","link":"https:\/\/revistahubclub.com.br\/portal\/2024\/11\/19\/os-maiores-especialistas-do-brasil-no-palco-do-uberlandia-summit-2024\/","title":{"rendered":"Os maiores especialistas do Brasil no palco\u00a0do\u00a0Uberl\u00e2ndia Summit 2024"},"content":{"rendered":"\n<p id=\"viewer-sjs7n1263\"><em>Evento conecta conhecimento e oportunidades e debate a transforma\u00e7\u00e3o digital dos neg\u00f3cios<\/em><\/p>\n\n\n\n<p id=\"viewer-b4cp01265\">&nbsp;<\/p>\n\n\n\n<p id=\"viewer-9ntcw1267\">Nos dias 26 e 27 de novembro, Uberl\u00e2ndia ser\u00e1 palco de um dos maiores eventos de neg\u00f3cios e inova\u00e7\u00e3o do Brasil, o Uberl\u00e2ndia Summit 2024, que&nbsp;reunir\u00e1&nbsp;alguns dos maiores especialistas do mercado para abordar as principais transforma\u00e7\u00f5es em gest\u00e3o, tecnologia e empreendedorismo. Com uma programa\u00e7\u00e3o repleta de conte\u00fados estrat\u00e9gicos, o evento promete elevar o n\u00edvel de conhecimento dos participantes, contando com a presen\u00e7a de grandes nomes como Arthur Igreja, Caito Maia, Ricardo Rocha,&nbsp;Leo Sim\u00e3o, entre outros, que compartilhar\u00e3o suas experi\u00eancias e insights pr\u00e1ticos.<\/p>\n\n\n\n<p id=\"viewer-9mvff1269\">&nbsp;<\/p>\n\n\n\n<p id=\"viewer-gw3i41271\">Arthur Igreja, renomado especialista em tecnologia e inova\u00e7\u00e3o, \u00e9 um dos palestrantes mais aguardados do evento. Em sua palestra magna, ele discutir\u00e1 o papel transformador da intelig\u00eancia artificial nos neg\u00f3cios, explorando como as empresas podem adotar essa tecnologia para aprimorar processos e tomar decis\u00f5es estrat\u00e9gicas. Igreja&nbsp;abordar\u00e1 desde o potencial da IA em an\u00e1lise de dados at\u00e9 seu impacto na cria\u00e7\u00e3o de novos modelos de neg\u00f3cios, oferecendo uma vis\u00e3o pr\u00e1tica e futurista sobre a revolu\u00e7\u00e3o tecnol\u00f3gica em curso.<\/p>\n\n\n\n<p id=\"viewer-1vb3r1273\">Outro destaque \u00e9 Caito Maia, fundador da Chilli Beans, que traz uma palestra sobre constru\u00e7\u00e3o de marca e inova\u00e7\u00e3o. Caito compartilhar\u00e1 sua jornada de sucesso e os pilares que fizeram da Chilli Beans uma das marcas mais ic\u00f4nicas e amadas do Brasil. Com insights sobre criatividade, branding e relacionamento com o cliente, ele promete inspirar empres\u00e1rios e empreendedores a constru\u00edrem marcas fortes e aut\u00eanticas em um mercado cada vez mais competitivo.<\/p>\n\n\n\n<p id=\"viewer-8lcet1275\">O empres\u00e1rio e investidor Ricardo Rocha abordar\u00e1&nbsp;um tema essencial para o ambiente corporativo atual: a lideran\u00e7a. Em sua palestra, Ricardo discutir\u00e1 o papel fundamental dos CEOs e CTOs na cria\u00e7\u00e3o de neg\u00f3cios inteligentes e adapt\u00e1veis em um cen\u00e1rio de r\u00e1pidas transforma\u00e7\u00f5es digitais. Com base em sua experi\u00eancia \u00e0 frente de empresas e startups, ele trar\u00e1 estrat\u00e9gias de lideran\u00e7a e inova\u00e7\u00e3o para enfrentar desafios e maximizar oportunidades.<\/p>\n\n\n\n<p id=\"viewer-njl2j1277\">No campo do desenvolvimento pessoal e bem-estar, Leo Sim\u00e3o falar\u00e1 sobre&nbsp;sa\u00fade mental e alta performance, tema que ganha cada vez mais relev\u00e2ncia nas corpora\u00e7\u00f5es. Em sua abordagem, Leo mostrar\u00e1 como \u00e9 poss\u00edvel alcan\u00e7ar alto desempenho no trabalho sem abrir m\u00e3o do equil\u00edbrio emocional, destacando a import\u00e2ncia de cultivar uma mente calma e resiliente em um ambiente de alta press\u00e3o.<\/p>\n\n\n\n<p id=\"viewer-e30i31279\"><strong>&nbsp;<\/strong><\/p>\n\n\n\n<p id=\"viewer-ex2b31281\"><strong>Pain\u00e9is sobre inova\u00e7\u00e3o, sustentabilidade e o futuro dos neg\u00f3cios<\/strong><\/p>\n\n\n\n<p id=\"viewer-oryc01283\">Al\u00e9m das palestras, o Uberl\u00e2ndia Summit conta com uma s\u00e9rie de pain\u00e9is que ampliar\u00e3o as discuss\u00f5es sobre inova\u00e7\u00e3o e sustentabilidade, proporcionando uma vis\u00e3o ampla e estrat\u00e9gica sobre o futuro dos neg\u00f3cios. No painel &#8220;Inova\u00e7\u00e3o na gest\u00e3o de processos com uso de realidade mista e intelig\u00eancia artificial&#8221;, Alexandre de Siqueira (Prof. PhD University of Florida &#8211; USA) e&nbsp;Alexandre Cardoso&nbsp;(Prof. Titular Fac. de Eng. El\u00e9trica UFU) compartilhar\u00e3o suas perspectivas sobre o uso de tecnologias emergentes para otimizar opera\u00e7\u00f5es empresariais, tendo como mediador Thiago Paluma (Prof. Dr. e Pr\u00f3-Reitor de Pesquisas da UFU) . Outro painel, voltado para o setor agro, abordar\u00e1 a competitividade e inova\u00e7\u00e3o no agroneg\u00f3cio, trazendo ao palco representantes da ADM e Ita\u00fa BBA para debater os pr\u00f3ximos passos do setor&nbsp;com media\u00e7\u00e3o do consultor e empres\u00e1rio Marcelo Prado. O evento tamb\u00e9m&nbsp;ser\u00e1 marcado por discuss\u00f5es focadas em educa\u00e7\u00e3o e inclus\u00e3o, no painel &#8220;A Escola Necess\u00e1ria para o S\u00e9culo XXI&#8221;, al\u00e9m de um painel dedicado ao &#8220;Empreendedorismo Feminino e Inova\u00e7\u00e3o&#8221;, mediado pela empres\u00e1ria Rosalina Vilela.&nbsp;O F\u00f3rum Economia Circular e Sustentabilidade vai discutir as melhores pr\u00e1ticas e a integra\u00e7\u00e3o de solu\u00e7\u00f5es sustent\u00e1veis nos modelos de neg\u00f3cios atuais.<\/p>\n\n\n\n<p id=\"viewer-gg5en1285\">&nbsp;<\/p>\n\n\n\n<p id=\"viewer-e7gaj1287\"><strong>Networking, neg\u00f3cios e empreendedorismo<\/strong><\/p>\n\n\n\n<p id=\"viewer-51mmi1289\">Com uma programa\u00e7\u00e3o ampla e din\u00e2mica, al\u00e9m das palestras e pain\u00e9is, o&nbsp;Uberl\u00e2ndia Summit 2024&nbsp;contar\u00e1 com uma rodada de neg\u00f3cios, onde investidores e empreendedores poder\u00e3o explorar oportunidades de parceria e crescimento, e o Startup Play, espa\u00e7o dedicado a startups que desejam se conectar com potenciais investidores e parceiros estrat\u00e9gicos. A Arena do Conhecimento tamb\u00e9m trar\u00e1 workshops e sess\u00f5es sobre temas variados, incluindo educa\u00e7\u00e3o financeira, marketing digital e prote\u00e7\u00e3o de dados.<\/p>\n\n\n\n<p id=\"viewer-gtppd1291\">&nbsp;<\/p>\n\n\n\n<p id=\"viewer-ddbt21293\"><strong>Um convite \u00e0 inova\u00e7\u00e3o e ao futuro<\/strong><\/p>\n\n\n\n<p id=\"viewer-dm4sc1295\">Inspirado nos maiores eventos de neg\u00f3cios do pa\u00eds, o Uberl\u00e2ndia Summit 2024 se destaca pela profundidade e qualidade de sua programa\u00e7\u00e3o, reunindo os melhores profissionais para compartilhar conhecimento e fortalecer a cultura de inova\u00e7\u00e3o no Brasil&nbsp;em um ambiente \u00fanico de aprendizado e conex\u00e3o que promete impactar carreiras e impulsionar neg\u00f3cios.&nbsp;&#8220;O evento se consolida como uma plataforma essencial para profissionais e empres\u00e1rios que desejam n\u00e3o s\u00f3 acompanhar as tend\u00eancias de mercado, mas tamb\u00e9m participar ativamente na constru\u00e7\u00e3o de um futuro mais inovador e sustent\u00e1vel. Nosso compromisso \u00e9 levar&nbsp;conte\u00fado&nbsp;e tamb\u00e9m experi\u00eancias transformadoras, reafirmando Uberl\u00e2ndia como um polo de inova\u00e7\u00e3o e empreendedorismo no Brasil\u201d, afirma Dilson Dalpiaz, diretor executivo do evento.<\/p>\n\n\n\n<p id=\"viewer-osl091297\">&nbsp;<\/p>\n\n\n\n<p id=\"viewer-wkgqo1299\">O Uberl\u00e2ndia Summit 2024 \u00e9 uma realiza\u00e7\u00e3o da Connect Expo e tem o&nbsp;patroc\u00ednio da Unimed Uberl\u00e2ndia, CDL Uberl\u00e2ndia, FAU, Col\u00e9gio Nacional, Sankhya, apoio institucional do Sebrae, Fiemg, Governo de Minas, Invest Minas, Prefeitura de Uberl\u00e2ndia, e apoio local da Aciub,&nbsp;UberHub, Sindicato Rural&nbsp;e Caf\u00e9 Cajub\u00e1.<\/p>\n\n\n\n<p id=\"viewer-ktj5t1301\">&nbsp;<\/p>\n\n\n\n<p id=\"viewer-z96vx1303\"><strong>Programa\u00e7\u00e3o completa e inscri\u00e7\u00f5es: <\/strong><a target=\"_blank\" href=\"http:\/\/www.uberlandiasummit.com.br\/\" rel=\"noreferrer noopener\"><strong><u>www.uberlandiasummit.com.br<\/u><\/strong><\/a><\/p>\n","protected":false},"excerpt":{"rendered":"<p>Evento conecta conhecimento e oportunidades e debate a transforma\u00e7\u00e3o digital dos neg\u00f3cios &nbsp; Nos dias 26 e 27 de novembro, Uberl\u00e2ndia ser\u00e1 palco de um dos maiores eventos de neg\u00f3cios<\/p>\n","protected":false},"author":1,"featured_media":77,"comment_status":"open","ping_status":"open","sticky":false,"template":"","format":"standard","meta":{"footnotes":""},"categories":[1],"tags":[],"class_list":["post-76","post","type-post","status-publish","format-standard","has-post-thumbnail","hentry","category-noticias"],"_links":{"self":[{"href":"https:\/\/revistahubclub.com.br\/portal\/wp-json\/wp\/v2\/posts\/76","targetHints":{"allow":["GET"]}}],"collection":[{"href":"https:\/\/revistahubclub.com.br\/portal\/wp-json\/wp\/v2\/posts"}],"about":[{"href":"https:\/\/revistahubclub.com.br\/portal\/wp-json\/wp\/v2\/types\/post"}],"author":[{"embeddable":true,"href":"https:\/\/revistahubclub.com.br\/portal\/wp-json\/wp\/v2\/users\/1"}],"replies":[{"embeddable":true,"href":"https:\/\/revistahubclub.com.br\/portal\/wp-json\/wp\/v2\/comments?post=76"}],"version-history":[{"count":1,"href":"https:\/\/revistahubclub.com.br\/portal\/wp-json\/wp\/v2\/posts\/76\/revisions"}],"predecessor-version":[{"id":78,"href":"https:\/\/revistahubclub.com.br\/portal\/wp-json\/wp\/v2\/posts\/76\/revisions\/78"}],"wp:featuredmedia":[{"embeddable":true,"href":"https:\/\/revistahubclub.com.br\/portal\/wp-json\/wp\/v2\/media\/77"}],"wp:attachment":[{"href":"https:\/\/revistahubclub.com.br\/portal\/wp-json\/wp\/v2\/media?parent=76"}],"wp:term":[{"taxonomy":"category","embeddable":true,"href":"https:\/\/revistahubclub.com.br\/portal\/wp-json\/wp\/v2\/categories?post=76"},{"taxonomy":"post_tag","embeddable":true,"href":"https:\/\/revistahubclub.com.br\/portal\/wp-json\/wp\/v2\/tags?post=76"}],"curies":[{"name":"wp","href":"https:\/\/api.w.org\/{rel}","templated":true}]}}