{"id":7617,"date":"2022-04-07T15:58:00","date_gmt":"2022-04-07T18:58:00","guid":{"rendered":"https:\/\/revistahubclub.com.br\/portal\/?p=7617"},"modified":"2024-12-20T15:58:58","modified_gmt":"2024-12-20T18:58:58","slug":"produtor-e-referencia-do-agronegocio-no-pontal-do-triangulo","status":"publish","type":"post","link":"https:\/\/revistahubclub.com.br\/portal\/2022\/04\/07\/produtor-e-referencia-do-agronegocio-no-pontal-do-triangulo\/","title":{"rendered":"Produtor \u00e9 refer\u00eancia do agroneg\u00f3cio no Pontal do Tri\u00e2ngulo"},"content":{"rendered":"\n<p id=\"viewer-foo\"><em>\u201cCuide da sua lavoura como se fosse seus filhos\u201d<\/em><\/p>\n\n\n\n<p id=\"viewer-6gu3e\"><em>Publi Editorial<\/em><\/p>\n\n\n\n<p id=\"viewer-7hr4o\"><em>Fotos Divulga\u00e7\u00e3o<\/em><\/p>\n\n\n\n<p id=\"viewer-7o2v\">O agroneg\u00f3cio \u00e9 o grande alicerce econ\u00f4mico do Brasil e respons\u00e1vel hoje por 24% do nosso PIB (Produto Interno Bruto). Um universo onde empreendedorismo e tecnologia se unem para bater, a cada ano, recordes hist\u00f3ricos de produ\u00e7\u00e3o de gr\u00e3os e alimentos. Um dos personagens que se destacam neste universo \u00e9 Saul Ferreira de Paula Filho, 40 anos de idade, natural de Ituiutaba-MG e refer\u00eancia do agroneg\u00f3cio na regi\u00e3o do Pontal do Tri\u00e2ngulo. Confira um pouco da sua trajet\u00f3ria neste bate-papo conosco.<\/p>\n\n\n\n<figure class=\"wp-block-image\"><img decoding=\"async\" src=\"https:\/\/static.wixstatic.com\/media\/4ac39f_90295152ebf543c5954d867cc430fe07~mv2.jpg\/v1\/fill\/w_294,h_294,fp_0.50_0.50,q_90\/4ac39f_90295152ebf543c5954d867cc430fe07~mv2.webp\" alt=\"\"\/><\/figure>\n\n\n\n<figure class=\"wp-block-image\"><img decoding=\"async\" src=\"https:\/\/static.wixstatic.com\/media\/4ac39f_e224daf409694f5ba740af364eef141a~mv2.jpg\/v1\/fill\/w_294,h_294,fp_0.50_0.50,q_90\/4ac39f_e224daf409694f5ba740af364eef141a~mv2.webp\" alt=\"\"\/><\/figure>\n\n\n\n<p id=\"viewer-7rj2g\"><strong>Qual \u00e9 o potencial do Pontal do Tri\u00e2ngulo no agro?<\/strong><\/p>\n\n\n\n<p id=\"viewer-fql49\">Mesmo exuberante em termos de produ\u00e7\u00e3o, o nosso Pontal ainda tem muito o que melhorar, principalmente na quest\u00e3o da log\u00edstica de armazenamento.<\/p>\n\n\n\n<p id=\"viewer-58lss\"><strong>Como voc\u00ea descobriu sua voca\u00e7\u00e3o para o agro?<\/strong><\/p>\n\n\n\n<p id=\"viewer-7itp7\">Desde 1945, meus tios e primos s\u00e3o todos lavoristas no munic\u00edpio de Capin\u00f3polis, mas eu descobri a voca\u00e7\u00e3o de produtor com um amigo meu chamado Tailson, da cidade de Can\u00e1polis. Assim que comecei minhas atividades neste ramo tive ajuda e incentivo de v\u00e1rios e importantes amigos, como Z\u00e9 Ant\u00f4nio Maximiano, Bruno Tano e Rodrigo Tano.<\/p>\n\n\n\n<p id=\"viewer-6f2qm\"><strong>Quais os principais desafios que voc\u00ea enfrentou?<\/strong><\/p>\n\n\n\n<p id=\"viewer-blt3n\">Meu maior desafio foi aprender a corre\u00e7\u00e3o do solo para chegar ao objetivo principal que \u00e9 a produ\u00e7\u00e3o. Uma lavoura come\u00e7a de baixo e todo ano este solo tem que ser analisado com cautela e os procedimentos necess\u00e1rios.<\/p>\n\n\n\n<figure class=\"wp-block-image\"><img decoding=\"async\" src=\"https:\/\/static.wixstatic.com\/media\/4ac39f_eca2bdcb74b14048b378118cd9ec6f85~mv2.jpg\/v1\/fill\/w_592,h_444,al_c,q_80,usm_0.66_1.00_0.01,enc_auto\/4ac39f_eca2bdcb74b14048b378118cd9ec6f85~mv2.jpg\" alt=\"\"\/><\/figure>\n\n\n\n<p id=\"viewer-fnu9l\"><strong>Nos \u00faltimos anos enfrentamos crises, mas tamb\u00e9m oportunidades. Como voc\u00ea lidou com isso?<\/strong><\/p>\n\n\n\n<p id=\"viewer-86pho\">As maiores dificuldades que tivemos foi o valor de compra de produtos e venda final incerta do gr\u00e3o produzido. Eu me empenhei muito em procurar pre\u00e7o, visando custo baixo sem tirar a qualidade da lavoura.<\/p>\n\n\n\n<p id=\"viewer-70br0\"><strong>Qual a import\u00e2ncia da sua fam\u00edlia neste processo?<\/strong><\/p>\n\n\n\n<p id=\"viewer-bqng2\">Posso dizer que a fam\u00edlia \u00e9 a base de tudo, por isso meu crescimento est\u00e1 sendo dia a dia. Meu pai, meu irm\u00e3o, minha esposa e meus filhos me apoiam e ajudam muito.<\/p>\n\n\n\n<p id=\"viewer-52p8t\"><strong>Qual a cultura e formato do seu neg\u00f3cio?<\/strong><\/p>\n\n\n\n<p id=\"viewer-6027e\">Nossa cultura de gr\u00e3os est\u00e1 entre soja, milho e sorgo. Por enquanto planto sequeiro, mas tenho um projeto em andamento de dois piv\u00f4s de irriga\u00e7\u00e3o em parceria com o amigo Arlindo Maximiano Drummond. Ap\u00f3s consolidar este projeto, pretendo ampliar para a cultura de feij\u00e3o e talvez algod\u00e3o.<\/p>\n\n\n\n<p id=\"viewer-53qoa\"><strong>O clima da regi\u00e3o favorece as lavouras da nossa regi\u00e3o?<\/strong><\/p>\n\n\n\n<p id=\"viewer-5f6ht\">Sim, o clima \u00e9 favor\u00e1vel, tanto que a cada a produ\u00e7\u00e3o aumenta mais.<\/p>\n\n\n\n<figure class=\"wp-block-image\"><img decoding=\"async\" src=\"https:\/\/static.wixstatic.com\/media\/4ac39f_0aea39b7488f414089b23a6eb142252a~mv2.jpg\/v1\/fill\/w_294,h_294,fp_0.50_0.50,q_90\/4ac39f_0aea39b7488f414089b23a6eb142252a~mv2.webp\" alt=\"\"\/><\/figure>\n\n\n\n<figure class=\"wp-block-image\"><img decoding=\"async\" src=\"https:\/\/static.wixstatic.com\/media\/4ac39f_935e2891f188410f872f953bc2d0ed31~mv2.jpg\/v1\/fill\/w_294,h_294,fp_0.50_0.50,q_90\/4ac39f_935e2891f188410f872f953bc2d0ed31~mv2.webp\" alt=\"\"\/><\/figure>\n\n\n\n<p id=\"viewer-955k5\"><strong>Qual foi a produtividade por hectare nessa safra? Maior que ano passado?<\/strong><\/p>\n\n\n\n<p id=\"viewer-5ffat\">Nossa m\u00e9dia geral fechou em 80.3 sacas por hectare. Foi um ano at\u00edpico, com bastante chuva e sem doen\u00e7a. E a produ\u00e7\u00e3o subiu uma m\u00e9dia de 10 sacas por hectare em rela\u00e7\u00e3o \u00e0 safra passada.<\/p>\n\n\n\n<p id=\"viewer-f4vj8\"><strong>Voc\u00ea acredita que a safrinha este ano ser\u00e1 superior ao ano anterior?<\/strong><\/p>\n\n\n\n<p id=\"viewer-2frfg\">A safrinha \u00e9 um risco grande. \u00c9 dif\u00edcil dizer com certeza como vai ser, principalmente na cultura do milho. Por\u00e9m, com f\u00e9 em Deus, creio que a produ\u00e7\u00e3o ser\u00e1 maior que que no ano passado.<\/p>\n\n\n\n<p id=\"viewer-bcc3s\"><strong>Quais as maiores dificuldades do empres\u00e1rio do agro nessa p\u00f3s-pandemia e agora com a Guerra da R\u00fassia?<\/strong><\/p>\n\n\n\n<p id=\"viewer-9p4s4\">A maior dificuldade j\u00e1 est\u00e1 sendo a falta de insumos e os pre\u00e7os do custo sem saber como vai ser a venda final do produto. Um cen\u00e1rio bastante incerto para todos n\u00f3s produtores.<\/p>\n\n\n\n<figure class=\"wp-block-image\"><img decoding=\"async\" src=\"https:\/\/static.wixstatic.com\/media\/4ac39f_4061d6e7827d4236ae7fdc366c3c1c91~mv2.jpg\/v1\/fill\/w_294,h_294,fp_0.50_0.50,q_90\/4ac39f_4061d6e7827d4236ae7fdc366c3c1c91~mv2.webp\" alt=\"\"\/><\/figure>\n\n\n\n<figure class=\"wp-block-image\"><img decoding=\"async\" src=\"https:\/\/static.wixstatic.com\/media\/4ac39f_eca2bdcb74b14048b378118cd9ec6f85~mv2.jpg\/v1\/fill\/w_294,h_294,fp_0.50_0.50,q_90\/4ac39f_eca2bdcb74b14048b378118cd9ec6f85~mv2.webp\" alt=\"\"\/><\/figure>\n\n\n\n<p id=\"viewer-3e10e\"><strong>Qual ser\u00e1 o grande desafio nesse segmento para os pr\u00f3ximos anos?<\/strong><\/p>\n\n\n\n<p id=\"viewer-d4mhg\">Eu acredito que o maior desafio vai ser produzir com pouco custo para poder garantir algo para o pr\u00f3ximo ano. O mercado est\u00e1 muito inst\u00e1vel.<\/p>\n\n\n\n<p id=\"viewer-2sded\"><strong>Que incentivos seriam essenciais no \u00e2mbito estadual e federal para o agro?<\/strong><\/p>\n\n\n\n<p id=\"viewer-bb6r0\">O que melhoraria muito seria um incentivo estadual para que o produto tenha seu pr\u00f3prio armaz\u00e9m e subs\u00eddio de alguns produtos agr\u00edcolas.<\/p>\n\n\n\n<p id=\"viewer-be844\"><strong>Qual mensagem voc\u00ea deixa para jovens, como voc\u00ea, que tem oportunidades no agro?<\/strong><\/p>\n\n\n\n<p id=\"viewer-3nc2r\">Minha mensagem \u00e9 acreditar sempre nas suas ideias e nunca pensar que sabe tudo, tirar suas d\u00favidas com amigos produtores, agr\u00f4nomos e parceiros, nunca ter sua lavoura como uma planta qualquer. Cuide de cada uma delas como se fossem seus filhos. Gostaria de deixar aqui meus sinceros agradecimentos \u00e0 fam\u00edlia Maximiano Drummond, refer\u00eancia do Pontal e que muito me orienta nessa jornada.<\/p>\n","protected":false},"excerpt":{"rendered":"<p>\u201cCuide da sua lavoura como se fosse seus filhos\u201d Publi Editorial Fotos Divulga\u00e7\u00e3o O agroneg\u00f3cio \u00e9 o grande alicerce econ\u00f4mico do Brasil e respons\u00e1vel hoje por 24% do nosso PIB<\/p>\n","protected":false},"author":1,"featured_media":7618,"comment_status":"open","ping_status":"open","sticky":false,"template":"","format":"standard","meta":{"footnotes":""},"categories":[1],"tags":[],"class_list":["post-7617","post","type-post","status-publish","format-standard","has-post-thumbnail","hentry","category-noticias"],"_links":{"self":[{"href":"https:\/\/revistahubclub.com.br\/portal\/wp-json\/wp\/v2\/posts\/7617","targetHints":{"allow":["GET"]}}],"collection":[{"href":"https:\/\/revistahubclub.com.br\/portal\/wp-json\/wp\/v2\/posts"}],"about":[{"href":"https:\/\/revistahubclub.com.br\/portal\/wp-json\/wp\/v2\/types\/post"}],"author":[{"embeddable":true,"href":"https:\/\/revistahubclub.com.br\/portal\/wp-json\/wp\/v2\/users\/1"}],"replies":[{"embeddable":true,"href":"https:\/\/revistahubclub.com.br\/portal\/wp-json\/wp\/v2\/comments?post=7617"}],"version-history":[{"count":2,"href":"https:\/\/revistahubclub.com.br\/portal\/wp-json\/wp\/v2\/posts\/7617\/revisions"}],"predecessor-version":[{"id":7620,"href":"https:\/\/revistahubclub.com.br\/portal\/wp-json\/wp\/v2\/posts\/7617\/revisions\/7620"}],"wp:featuredmedia":[{"embeddable":true,"href":"https:\/\/revistahubclub.com.br\/portal\/wp-json\/wp\/v2\/media\/7618"}],"wp:attachment":[{"href":"https:\/\/revistahubclub.com.br\/portal\/wp-json\/wp\/v2\/media?parent=7617"}],"wp:term":[{"taxonomy":"category","embeddable":true,"href":"https:\/\/revistahubclub.com.br\/portal\/wp-json\/wp\/v2\/categories?post=7617"},{"taxonomy":"post_tag","embeddable":true,"href":"https:\/\/revistahubclub.com.br\/portal\/wp-json\/wp\/v2\/tags?post=7617"}],"curies":[{"name":"wp","href":"https:\/\/api.w.org\/{rel}","templated":true}]}}