{"id":7693,"date":"2022-04-05T16:02:00","date_gmt":"2022-04-05T19:02:00","guid":{"rendered":"https:\/\/revistahubclub.com.br\/portal\/?p=7693"},"modified":"2024-12-20T16:02:37","modified_gmt":"2024-12-20T19:02:37","slug":"apos-crescimento-de-30-no-ultimo-ano-brasal-incorporacoes-segue-com-novas-projecoes-e-expectativas-2","status":"publish","type":"post","link":"https:\/\/revistahubclub.com.br\/portal\/2022\/04\/05\/apos-crescimento-de-30-no-ultimo-ano-brasal-incorporacoes-segue-com-novas-projecoes-e-expectativas-2\/","title":{"rendered":"Ap\u00f3s crescimento de 30% no \u00faltimo ano, Brasal Incorpora\u00e7\u00f5es segue com novas proje\u00e7\u00f5es e expectativas"},"content":{"rendered":"\n<p id=\"viewer-civg8\"><em>Desempenho \u00e9 resultado do balan\u00e7o de 2021 e reflete esfor\u00e7o conjunto, valoriza\u00e7\u00e3o de pessoas, produtos e experi\u00eancias pensados no cliente<\/em><\/p>\n\n\n\n<p id=\"viewer-fbsir\">Cerca de R$ 1 bi em volume geral de vendas, mais de 1.000 novos clientes, crescimento de 336,4% no investimento em terrenos em rela\u00e7\u00e3o ao ano anterior; 107,3% da meta de vendas atingida. O ano de 2021 foi de grande supera\u00e7\u00e3o e resultados surpreendentes para a Brasal Incorpora\u00e7\u00f5es. E 2022 promete outro recorde: 26 canteiros de obra simult\u00e2neos e nove lan\u00e7amentos at\u00e9 o final do ano, em conson\u00e2ncia com o excelente cen\u00e1rio atual do mercado imobili\u00e1rio, que, mesmo com os novos fatos externos, se mant\u00e9m otimista.<\/p>\n\n\n\n<p id=\"viewer-6ji4s\">A empresa, que est\u00e1 presente em dois estados e no Distrito Federal, colhe os frutos da expans\u00e3o dos seus neg\u00f3cios, do lan\u00e7amento de novos produtos com diferenciais construtivos, assim como do investimento na forma\u00e7\u00e3o dos seus profissionais e da busca pelo aprimoramento a partir de novas ferramentas de gest\u00e3o e metodologias, em parceria com empresas renomadas como a Porsche Consulting e Alvarez &amp; Marsal. Como resultado humano, foram 600 novas contrata\u00e7\u00f5es no ano de 2021, totalizando cerca de 1.000 colaboradores diretos. \u201cToda empresa \u00e9 feita de gente, mas na Brasal, cada profissional \u00e9 \u00fanico, assim como nossos empreendimentos. A valoriza\u00e7\u00e3o, incentivo \u00e0 carreira e desempenho, aprimoramento com novas ferramentas de gest\u00e3o, fazem da incorporadora o que ela \u00e9\u201d, avalia <strong>Dilton Junqueira, diretor geral da Brasal Incorpora\u00e7\u00f5es.<\/strong><\/p>\n\n\n\n<p id=\"viewer-5oj9j\">Com 19 anos no mercado de incorpora\u00e7\u00f5es, e amparados por quase seis d\u00e9cadas de exist\u00eancia, a Brasal tem a certeza de que a introdu\u00e7\u00e3o de novas solu\u00e7\u00f5es e metodologias \u00e9 o que garante a manuten\u00e7\u00e3o da excel\u00eancia dos seus empreendimentos e servi\u00e7os, estando diretamente ligada ao seu exponencial crescimento. A transforma\u00e7\u00e3o digital j\u00e1 \u00e9 uma realidade na Brasal Incorpora\u00e7\u00f5es, j\u00e1 que a tecnologia est\u00e1 sendo o ponto de partida para a busca de solu\u00e7\u00f5es que coloquem a organiza\u00e7\u00e3o no futuro e a preparem para os avan\u00e7os e o crescimento. \u201cOs pilares de pessoas, processos e tecnologia na engenharia e nos m\u00e9todos construtivos t\u00eam sido revisitados em projetos importantes para melhorar continuamente a entrega de valor da empresa e no que \u00e9 oferecido ao cliente como produto final\u201d, explica <strong>o diretor de incorpora\u00e7\u00e3o e engenharia da Brasal Incorpora\u00e7\u00f5es, Bruno Goretti.<\/strong><\/p>\n\n\n\n<p id=\"viewer-dvjrf\">Sob orienta\u00e7\u00e3o da Porshe Consulting, a incorporadora implementou programas e metodologias internacionais que simplificam processos nos canteiros de obra, garantindo mais efici\u00eancia operacional, padronizam o processo de desenvolvimento de novos produtos e buscam a revis\u00e3o de pilares que garantam a alta performance da organiza\u00e7\u00e3o. Em parceria com a Alvarez &amp; Marsal, tem fomentado tamb\u00e9m o BIM, Building Information Modeling, visando aumentar a qualidade dos projetos desenvolvidos.<\/p>\n\n\n\n<p id=\"viewer-39k63\"><\/p>\n\n\n\n<p id=\"viewer-97id4\"><strong>Chess: 5\u00ba lan\u00e7amento em Uberl\u00e2ndia<\/strong><\/p>\n\n\n\n<p id=\"viewer-af76v\">No mais recente lan\u00e7amento em Uberl\u00e2ndia, o Chess, inovou ao atender uma demanda de mercado, com um empreendimento de alto padr\u00e3o, compacto, refinado e estrategicamente pensado, da metragem dos apartamentos \u00e0 localiza\u00e7\u00e3o.<\/p>\n\n\n\n<p id=\"viewer-a4qr9\">O 5\u00ba lan\u00e7amento da incorporadora na cidade mineira, localizado na regi\u00e3o Sul, no bairro Jardim Sul, ter\u00e1 studios, apartamentos tipo e coberturas duplex distribu\u00eddos em duas torres, Nero e Bianco, com diversas op\u00e7\u00f5es de plantas (de 45m\u00b2 a 208m\u00b2).<\/p>\n\n\n\n<p id=\"viewer-8b8i9\">Al\u00e9m de oferecer tecnologia, conforto, seguran\u00e7a e praticidade, bem como sistemas de seguran\u00e7a, modernos conceitos de sustentabilidade e qualidade de acabamento Brasal, o Chess inova trazendo espa\u00e7o beleza, pet place, espa\u00e7o pet, quadra de beach tennis, snack point e horta comunit\u00e1ria, entre outros atributos como ampla \u00e1rea de lazer.<\/p>\n\n\n\n<p id=\"viewer-8aga\"><strong>Sebasti\u00e3o Longuinho, diretor da Brasal Incorpora\u00e7\u00f5es Uberl\u00e2ndia<\/strong>, explica que o conceito do Chess foi inspirado na diversidade que o setor Sul possui, sendo criadas plantas que atendam \u00e0 necessidade de diversos perfis de moradores, desde solteiros at\u00e9 rec\u00e9m-casados e fam\u00edlias com filhos, bem como os que desejam investir com retorno garantido. \u201cDos maiores ao mais compactos, nosso prop\u00f3sito \u00e9 criar moradias mais din\u00e2micas, pr\u00e1ticas e funcionais, com espa\u00e7os desejados pelos moradores, em uma localiza\u00e7\u00e3o nobre, ascendente, e muito valorizada\u201d, ressalta o diretor.<\/p>\n\n\n\n<p id=\"viewer-7ksrh\"><\/p>\n\n\n\n<p id=\"viewer-b5mn1\"><strong>Gentileza Urbana<\/strong><\/p>\n\n\n\n<p id=\"viewer-ff859\">A Brasal Incorpora\u00e7\u00f5es tem sido reconhecida pelas suas pr\u00e1ticas de Gentileza Urbana. Essas a\u00e7\u00f5es priorizam o cuidado e relacionamento com a comunidade dos bairros de atua\u00e7\u00e3o, que refor\u00e7am a boa vizinhan\u00e7a e cultura da empresa. Como exemplo dessas pr\u00e1ticas, pra\u00e7as e espa\u00e7os de uso coletivo s\u00e3o criados at\u00e9 o momento inicial das obras, a fim de beneficiar essas regi\u00f5es com \u00e1reas verdes de conviv\u00eancia, como a que foi entregue para a comunidade que mora nas proximidades da avenida dos Vinhedos, na regi\u00e3o Sul de Uberl\u00e2ndia. O espa\u00e7o, de aproximadamente 125 m\u00b2, tem equipamentos para atividades f\u00edsica ao ar livre, mesa para jogos, bancos e um pergolado que, al\u00e9m de integrar-se ao paisagismo, d\u00e1 sombra e charme \u00e0 nova pra\u00e7a. Al\u00e9m disso, o stand da Incorporadora ganhou Espa\u00e7o Pet Friedly, com \u00e1gua para a hidrata\u00e7\u00e3o do animal e cata cac\u00e1 (sacolas para higieniza\u00e7\u00e3o), a arena da Pra\u00e7a S\u00e9rgio Pacheco se tornou mais bonito e instagram\u00e1vel com a arte em graffiti e o canteiro de obra do Arven recebeu uma sala de aula por meio do \u201cInstituto Mais Brasal\u201d, um projeto que visa promover a\u00e7\u00f5es, envolvendo qualifica\u00e7\u00e3o, educa\u00e7\u00e3o, sa\u00fade, seguran\u00e7a do trabalhador e gestos de gentileza urbana e social nas cidades onde atua. O projeto, institu\u00eddo para alfabetizar trabalhadores que n\u00e3o possuem forma\u00e7\u00e3o b\u00e1sica, vai beneficiar cerca de 20 colaboradores.<\/p>\n\n\n\n<p id=\"viewer-ntli\"><\/p>\n\n\n\n<p id=\"viewer-fqnsk\"><strong>Sustentabilidade<\/strong><\/p>\n\n\n\n<p id=\"viewer-ftgur\">Como responsabilidade ambiental e o desenvolvimento sustent\u00e1vel est\u00e3o entre os compromissos da Brasal Incorpora\u00e7\u00f5es, a empresa se mant\u00e9m atualizada em rela\u00e7\u00e3o \u00e0s melhores pr\u00e1ticas nessas \u00e1reas. Infraestrutura para reaproveitamento de \u00e1gua da chuva, placas de aquecimento solar e torneiras com fechamento autom\u00e1tico em \u00e1reas comuns, est\u00e3o entre algumas solu\u00e7\u00f5es entregues nos seus empreendimentos que otimizam os recursos naturais e minimizam os impactos ambientais. Nos canteiros de obras, a ado\u00e7\u00e3o de sistema de classifica\u00e7\u00e3o dos res\u00edduos por meio de baias, permite a reutiliza\u00e7\u00e3o de materiais e o descarte de acordo com crit\u00e9rios de preven\u00e7\u00e3o da contamina\u00e7\u00e3o do solo. Em alguns deles tamb\u00e9m j\u00e1 h\u00e1 utiliza\u00e7\u00e3o de energia fotovoltaica.<\/p>\n\n\n\n<p id=\"viewer-3c9h3\">Acompanhando as tend\u00eancias mundiais, oferta ve\u00edculos el\u00e9tricos, como bikes, scooters e carros, e pontos de recarga na garagem de seus condom\u00ednios e espa\u00e7os de venda, est\u00edmulo \u00e0 mobilidade urbana e \u00e0 sustentabilidade. \u201cS\u00e3o quesitos importantes n\u00e3o apenas pela economia gerada a longo prazo, mas pelo impacto positivo \u00e0 sociedade e ao meio ambiente que esses itens proporcionam\u201d, avalia <strong>S\u00edlvia Traldi, gerente de projetos corporativos.<\/strong><\/p>\n\n\n\n<p id=\"viewer-bcm34\">\u201cToda essa energia no desenvolvimento dos nossos produtos, nas regi\u00f5es em que atuamos, nos profissionais da empresa e nos nossos processos internos chega ao cliente, que \u00e9 o centro de tudo. Por ele h\u00e1 um time dedicado a melhorar a sua experi\u00eancia, mapeando sua jornada, revisando os processos para entender como pensa, o que deseja e como ele quer viver, tendo em vista um conjunto de viv\u00eancias. Experi\u00eancia \u00e9 a palavra-chave aqui, mas junto dela, caminha a seriedade na incorpora\u00e7\u00e3o de mais de 1 milh\u00e3o de metros quadrados e 7.290 unidades entregues e em obra nas pra\u00e7as em que a Brasal atua: Bras\u00edlia, Goi\u00e2nia e Uberl\u00e2ndia\u201d, detalha <strong>Cristiane Maruyama, gerente de marketing da Brasal Incorpora\u00e7\u00f5es<\/strong>.<\/p>\n\n\n\n<p id=\"viewer-8oj3j\"><strong>Sobre a Brasal<\/strong><\/p>\n\n\n\n<p id=\"viewer-37hli\">Desde 1963, a empresa \u00e9 refer\u00eancia nas entregas que faz. A Brasal \u00e9 um grupo empresarial com atua\u00e7\u00e3o nos segmentos de incorpora\u00e7\u00e3o e constru\u00e7\u00e3o imobili\u00e1ria, produ\u00e7\u00e3o e distribui\u00e7\u00e3o de bebidas, concession\u00e1ria de ve\u00edculos, comercializa\u00e7\u00e3o de combust\u00edveis e gera\u00e7\u00e3o de energia limpa e renov\u00e1vel. Est\u00e1 presente no Distrito Federal, Goi\u00e1s, Tocantins e Minas Gerais.<\/p>\n\n\n\n<p id=\"viewer-39qqh\">S\u00e3o cinco grandes \u00e1reas de atua\u00e7\u00e3o:<\/p>\n\n\n\n<p id=\"viewer-8dtid\">Brasal Incorpora\u00e7\u00f5es<\/p>\n\n\n\n<p id=\"viewer-djnd8\">Brasal Refrigerantes<\/p>\n\n\n\n<p id=\"viewer-2quh2\">Brasal Ve\u00edculos<\/p>\n\n\n\n<p id=\"viewer-15gnb\">Brasal Combust\u00edveis<\/p>\n\n\n\n<p id=\"viewer-7ej84\">Brasal Energia<\/p>\n\n\n\n<p id=\"viewer-2e1p9\">A Brasal Incorpora\u00e7\u00f5es est\u00e1 presente, al\u00e9m de Bras\u00edlia, em Goi\u00e2nia e Uberl\u00e2ndia. Nessas pra\u00e7as, entrega empreendimentos residenciais, comerciais e loteamentos, com alto padr\u00e3o de qualidade e servi\u00e7os personalizados. \u00c9 reconhecida como uma das Melhores Empresas para Trabalhar no Centro-Oeste, segundo o GPTW (Great Place to Work) e seu Sistema de Gest\u00e3o \u00e9 certificado conforme a Norma PBQP-H SIAC N\u00edvel A e ISO 9001 pelo Bureau Veritas Certification.<\/p>\n\n\n\n<p id=\"viewer-dg8od\">A Brasal \u00e9 uma empresa adepta das a\u00e7\u00f5es de gentileza urbana, dentre os valores, preza pelas boas rela\u00e7\u00f5es. Al\u00e9m da empregabilidade gerada por meio dos produtos, preza pela restaura\u00e7\u00e3o de pra\u00e7as, a\u00e7\u00f5es socioambientais, para a forma\u00e7\u00e3o de jovens adultos nos canteiros de obras, atua em parceria com creches, ONGs de resgate e ado\u00e7\u00e3o de animais, entre outras a\u00e7\u00f5es, visando sempre o bem comum e das comunidades nas quais faz parte. Um grupo de mais de 60 anos, que trabalha para a transforma\u00e7\u00e3o e crescimento da sociedade de maneira sustent\u00e1vel.<\/p>\n","protected":false},"excerpt":{"rendered":"<p>Desempenho \u00e9 resultado do balan\u00e7o de 2021 e reflete esfor\u00e7o conjunto, valoriza\u00e7\u00e3o de pessoas, produtos e experi\u00eancias pensados no cliente Cerca de R$ 1 bi em volume geral de vendas,<\/p>\n","protected":false},"author":1,"featured_media":7694,"comment_status":"open","ping_status":"open","sticky":false,"template":"","format":"standard","meta":{"footnotes":""},"categories":[1],"tags":[],"class_list":["post-7693","post","type-post","status-publish","format-standard","has-post-thumbnail","hentry","category-noticias"],"_links":{"self":[{"href":"https:\/\/revistahubclub.com.br\/portal\/wp-json\/wp\/v2\/posts\/7693","targetHints":{"allow":["GET"]}}],"collection":[{"href":"https:\/\/revistahubclub.com.br\/portal\/wp-json\/wp\/v2\/posts"}],"about":[{"href":"https:\/\/revistahubclub.com.br\/portal\/wp-json\/wp\/v2\/types\/post"}],"author":[{"embeddable":true,"href":"https:\/\/revistahubclub.com.br\/portal\/wp-json\/wp\/v2\/users\/1"}],"replies":[{"embeddable":true,"href":"https:\/\/revistahubclub.com.br\/portal\/wp-json\/wp\/v2\/comments?post=7693"}],"version-history":[{"count":1,"href":"https:\/\/revistahubclub.com.br\/portal\/wp-json\/wp\/v2\/posts\/7693\/revisions"}],"predecessor-version":[{"id":7695,"href":"https:\/\/revistahubclub.com.br\/portal\/wp-json\/wp\/v2\/posts\/7693\/revisions\/7695"}],"wp:featuredmedia":[{"embeddable":true,"href":"https:\/\/revistahubclub.com.br\/portal\/wp-json\/wp\/v2\/media\/7694"}],"wp:attachment":[{"href":"https:\/\/revistahubclub.com.br\/portal\/wp-json\/wp\/v2\/media?parent=7693"}],"wp:term":[{"taxonomy":"category","embeddable":true,"href":"https:\/\/revistahubclub.com.br\/portal\/wp-json\/wp\/v2\/categories?post=7693"},{"taxonomy":"post_tag","embeddable":true,"href":"https:\/\/revistahubclub.com.br\/portal\/wp-json\/wp\/v2\/tags?post=7693"}],"curies":[{"name":"wp","href":"https:\/\/api.w.org\/{rel}","templated":true}]}}