{"id":7696,"date":"2022-04-04T16:02:00","date_gmt":"2022-04-04T19:02:00","guid":{"rendered":"https:\/\/revistahubclub.com.br\/portal\/?p=7696"},"modified":"2024-12-20T16:02:55","modified_gmt":"2024-12-20T19:02:55","slug":"governo-de-minas-investe-r2-bi-em-recuperacao-de-rodovias","status":"publish","type":"post","link":"https:\/\/revistahubclub.com.br\/portal\/2022\/04\/04\/governo-de-minas-investe-r2-bi-em-recuperacao-de-rodovias\/","title":{"rendered":"Governo de Minas investe R$2 bi em recupera\u00e7\u00e3o de rodovias"},"content":{"rendered":"\n<p id=\"viewer-foo\"><em>O objetivo do Programa Provias \u00e9 melhorar a trafegabilidade em pelo menos 2.200 quil\u00f4metros da malha rodovi\u00e1ria estadual.<\/em><\/p>\n\n\n\n<p id=\"viewer-72og2\"><em>Foto: Marco Evangelista \/ Imprensa MG<\/em><\/p>\n\n\n\n<p id=\"viewer-69b6\">O Governo de Minas, por meio da Secretaria de Estado de Infraestrutura e Mobilidade (Seinfra) e do Departamento de Edifica\u00e7\u00f5es e Estradas de Rodagem (DER-MG), lan\u00e7ou, nesta segunda-feira (4\/4), o maior pacote de obras rodovi\u00e1rias da \u00faltima d\u00e9cada. Com mais de R$ 2 bilh\u00f5es em investimentos, o Provias vai requalificar trechos da malha mineira com obras de pavimenta\u00e7\u00e3o, constru\u00e7\u00e3o de pontes e recupera\u00e7\u00e3o funcional das rodovias.<\/p>\n\n\n\n<p id=\"viewer-16hr0\">As a\u00e7\u00f5es se dividem em dois eixos: recupera\u00e7\u00e3o funcional, com objetivo de promover melhorias no pavimento das estradas em pior estado de conserva\u00e7\u00e3o; e pavimenta\u00e7\u00e3o e constru\u00e7\u00e3o de pontes, com foco em viabilizar novas liga\u00e7\u00f5es entre importantes regi\u00f5es de Minas Gerais. No total, ser\u00e3o 55 obras de recupera\u00e7\u00e3o funcional em 1.770 quil\u00f4metros da malha rodovi\u00e1ria e 44 empreendimentos pavimenta\u00e7\u00f5es e constru\u00e7\u00e3o de pontes, que somam cerca de 807 quil\u00f4metros.<\/p>\n\n\n\n<p id=\"viewer-1mpfi\">No Tri\u00e2ngulo Mineiro, um dos destaques \u00e9 a recupera\u00e7\u00e3o funcional da MGC-497, entre Uberl\u00e2ndia e Prata, com cerca de 78 quil\u00f4metros de extens\u00e3o, e MG-255, de Itapajipe a Iturama, com cerca de 92 quil\u00f4metros de extens\u00e3o. O in\u00edcio das obras j\u00e1 foi autorizado e as empresas encontram-se em fase de mobiliza\u00e7\u00e3o. S\u00e3o previstos investimentos da ordem de R$ 44 milh\u00f5es.<\/p>\n\n\n\n<p id=\"viewer-fo6t8\"><em>Fonte: Ag\u00eancia Minas<\/em><\/p>\n","protected":false},"excerpt":{"rendered":"<p>O objetivo do Programa Provias \u00e9 melhorar a trafegabilidade em pelo menos 2.200 quil\u00f4metros da malha rodovi\u00e1ria estadual. Foto: Marco Evangelista \/ Imprensa MG O Governo de Minas, por meio<\/p>\n","protected":false},"author":1,"featured_media":7697,"comment_status":"open","ping_status":"open","sticky":false,"template":"","format":"standard","meta":{"footnotes":""},"categories":[1],"tags":[],"class_list":["post-7696","post","type-post","status-publish","format-standard","has-post-thumbnail","hentry","category-noticias"],"_links":{"self":[{"href":"https:\/\/revistahubclub.com.br\/portal\/wp-json\/wp\/v2\/posts\/7696","targetHints":{"allow":["GET"]}}],"collection":[{"href":"https:\/\/revistahubclub.com.br\/portal\/wp-json\/wp\/v2\/posts"}],"about":[{"href":"https:\/\/revistahubclub.com.br\/portal\/wp-json\/wp\/v2\/types\/post"}],"author":[{"embeddable":true,"href":"https:\/\/revistahubclub.com.br\/portal\/wp-json\/wp\/v2\/users\/1"}],"replies":[{"embeddable":true,"href":"https:\/\/revistahubclub.com.br\/portal\/wp-json\/wp\/v2\/comments?post=7696"}],"version-history":[{"count":1,"href":"https:\/\/revistahubclub.com.br\/portal\/wp-json\/wp\/v2\/posts\/7696\/revisions"}],"predecessor-version":[{"id":7698,"href":"https:\/\/revistahubclub.com.br\/portal\/wp-json\/wp\/v2\/posts\/7696\/revisions\/7698"}],"wp:featuredmedia":[{"embeddable":true,"href":"https:\/\/revistahubclub.com.br\/portal\/wp-json\/wp\/v2\/media\/7697"}],"wp:attachment":[{"href":"https:\/\/revistahubclub.com.br\/portal\/wp-json\/wp\/v2\/media?parent=7696"}],"wp:term":[{"taxonomy":"category","embeddable":true,"href":"https:\/\/revistahubclub.com.br\/portal\/wp-json\/wp\/v2\/categories?post=7696"},{"taxonomy":"post_tag","embeddable":true,"href":"https:\/\/revistahubclub.com.br\/portal\/wp-json\/wp\/v2\/tags?post=7696"}],"curies":[{"name":"wp","href":"https:\/\/api.w.org\/{rel}","templated":true}]}}