{"id":7716,"date":"2022-04-01T16:05:00","date_gmt":"2022-04-01T19:05:00","guid":{"rendered":"https:\/\/revistahubclub.com.br\/portal\/?p=7716"},"modified":"2024-12-20T16:06:04","modified_gmt":"2024-12-20T19:06:04","slug":"sonho-de-voltar-a-estudar-se-torna-realidade-em-canteiro-de-obras-da-brasal-incorporacoes","status":"publish","type":"post","link":"https:\/\/revistahubclub.com.br\/portal\/2022\/04\/01\/sonho-de-voltar-a-estudar-se-torna-realidade-em-canteiro-de-obras-da-brasal-incorporacoes\/","title":{"rendered":"Sonho de voltar a estudar se torna realidade em canteiro de obras da Brasal Incorpora\u00e7\u00f5es"},"content":{"rendered":"\n<p id=\"viewer-7t22v\">Uberl\u00e2ndia (MG) &#8211; A Brasal Incorpora\u00e7\u00f5es acredita que a educa\u00e7\u00e3o tem o poder de transformar vidas. Com essa premissa, um projeto idealizado pela Incorporadora vai transformar o sonho de muitos colaboradores de voltar a estudar em realidade. Em parceria com a Secretaria de Educa\u00e7\u00e3o da Prefeitura de Uberl\u00e2ndia, a partir do dia 4 de abril, cerca de 20 trabalhadores trocar\u00e3o as ferramentas pelo papel, o l\u00e1pis e a borracha, e uma sala de aula implementada em um dos canteiros da incorporadora, na regi\u00e3o Sul.<\/p>\n\n\n\n<p id=\"viewer-cln9d\">O projeto, institu\u00eddo para alfabetizar trabalhadores que n\u00e3o possuem forma\u00e7\u00e3o b\u00e1sica, faz parte do \u201cInstituto Mais Brasal\u201d, que visa promover a\u00e7\u00f5es, envolvendo qualifica\u00e7\u00e3o, educa\u00e7\u00e3o, sa\u00fade, seguran\u00e7a do trabalhador e gestos de gentileza urbana e social nas cidades onde atua.<\/p>\n\n\n\n<p id=\"viewer-7440p\">Segundo Sebasti\u00e3o Longuinho, diretor da Brasal Incorpora\u00e7\u00f5es | Filial Uberl\u00e2ndia, a educa\u00e7\u00e3o \u00e9 direito fundamental para o desenvolvimento do indiv\u00edduo, pessoal e profissionalmente. \u201cQueremos dar aos trabalhadores que n\u00e3o tiveram acesso aos estudos em outro momento, a oportunidade de aprender e continuar estudando. Acredito que a educa\u00e7\u00e3o oportuniza um mundo novo, cheio de possibilidades para os que seguem em frente\u201d, afirma.<\/p>\n\n\n\n<p id=\"viewer-9utvm\">O operador de m\u00e1quina, Nivaldo Luiz da Silva, 48 anos, que est\u00e1 h\u00e1 pouco mais de tr\u00eas anos na Brasal, ser\u00e1 um dos alunos da classe. &#8220;Eu sei ler um pouco porque fiz at\u00e9 o segundo ano, mas parei. Quero muito voltar a estudar. \u00c9 muito importante. Estou muito feliz com essa oportunidade de aprender aqui mesmo na obra\u201d, disse.<\/p>\n\n\n\n<p id=\"viewer-d0ma3\"><strong>Espa\u00e7o educativo<\/strong><\/p>\n\n\n\n<p id=\"viewer-dj4br\">O espa\u00e7o, com estrutura adequada, localizado no canteiro de obras do empreendimento Arven, foi reestruturado, mobiliado e decorado pela empresa. O local climatizado, possui carteiras, lousa, arm\u00e1rio, mesa para o professor e uma TV. A Brasal tamb\u00e9m vai oferecer lanche antes do in\u00edcio das aulas que acontecer\u00e3o de segunda a sexta, das 18h \u00e0s 21h. A Secretaria de Educa\u00e7\u00e3o disponibilizar\u00e1 professor, uniforme, material did\u00e1tico e a certifica\u00e7\u00e3o.<\/p>\n\n\n\n<p id=\"viewer-5sui9\">Ao final do processo de alfabetiza\u00e7\u00e3o, que durar\u00e1 cerca de um ano, os alunos do Ensino Fundamental receber\u00e3o o certificado de conclus\u00e3o do curso para seguir o ensino regular.<\/p>\n\n\n\n<p id=\"viewer-clc6b\">Para a secret\u00e1ria de Educa\u00e7\u00e3o, Tania Toledo, a alfabetiza\u00e7\u00e3o por meio do Programa Municipal de Alfabetiza\u00e7\u00e3o de Jovens e Adultos \u00e9 um compromisso que a Prefeitura de Uberl\u00e2ndia tem com a forma\u00e7\u00e3o educacional das pessoas. \u201cAmpliar e conseguir atender mais estudantes \u00e9 uma maneira de abrir novos horizontes para quem, por variados motivos, n\u00e3o teve esta chance no momento oportuno. Portanto, \u00e9 importante firmarmos parcerias para difundir ainda mais o alcance deste programa\u201d, enfatiza.<\/p>\n\n\n\n<p id=\"viewer-fqseb\">A pol\u00edtica de incentivar a educa\u00e7\u00e3o na Brasal Incorpora\u00e7\u00f5es n\u00e3o se restringe ao projeto de educa\u00e7\u00e3o b\u00e1sica. Sebasti\u00e3o Longuinho comenta que a empresa possui uma pol\u00edtica de treinamento com cursos internos e que o incentivo ao estudo faz parte do planejamento estrat\u00e9gico da empresa. \u201cTemos constantes palestras n\u00e3o apenas para refor\u00e7ar as compet\u00eancias organizacionais da Cultura de Realiza\u00e7\u00e3o Brasal, como esp\u00edrito empreendedor, ambiente inovador e gest\u00e3o da evolu\u00e7\u00e3o, como tamb\u00e9m temas relacionados \u00e0 sa\u00fade e seguran\u00e7a. A empresa possui programas de valoriza\u00e7\u00e3o, capacita\u00e7\u00e3o e reconhecimento dos colaboradores\u201d, finaliza.<\/p>\n","protected":false},"excerpt":{"rendered":"<p>Uberl\u00e2ndia (MG) &#8211; A Brasal Incorpora\u00e7\u00f5es acredita que a educa\u00e7\u00e3o tem o poder de transformar vidas. Com essa premissa, um projeto idealizado pela Incorporadora vai transformar o sonho de muitos<\/p>\n","protected":false},"author":1,"featured_media":7717,"comment_status":"open","ping_status":"open","sticky":false,"template":"","format":"standard","meta":{"footnotes":""},"categories":[1],"tags":[],"class_list":["post-7716","post","type-post","status-publish","format-standard","has-post-thumbnail","hentry","category-noticias"],"_links":{"self":[{"href":"https:\/\/revistahubclub.com.br\/portal\/wp-json\/wp\/v2\/posts\/7716","targetHints":{"allow":["GET"]}}],"collection":[{"href":"https:\/\/revistahubclub.com.br\/portal\/wp-json\/wp\/v2\/posts"}],"about":[{"href":"https:\/\/revistahubclub.com.br\/portal\/wp-json\/wp\/v2\/types\/post"}],"author":[{"embeddable":true,"href":"https:\/\/revistahubclub.com.br\/portal\/wp-json\/wp\/v2\/users\/1"}],"replies":[{"embeddable":true,"href":"https:\/\/revistahubclub.com.br\/portal\/wp-json\/wp\/v2\/comments?post=7716"}],"version-history":[{"count":1,"href":"https:\/\/revistahubclub.com.br\/portal\/wp-json\/wp\/v2\/posts\/7716\/revisions"}],"predecessor-version":[{"id":7718,"href":"https:\/\/revistahubclub.com.br\/portal\/wp-json\/wp\/v2\/posts\/7716\/revisions\/7718"}],"wp:featuredmedia":[{"embeddable":true,"href":"https:\/\/revistahubclub.com.br\/portal\/wp-json\/wp\/v2\/media\/7717"}],"wp:attachment":[{"href":"https:\/\/revistahubclub.com.br\/portal\/wp-json\/wp\/v2\/media?parent=7716"}],"wp:term":[{"taxonomy":"category","embeddable":true,"href":"https:\/\/revistahubclub.com.br\/portal\/wp-json\/wp\/v2\/categories?post=7716"},{"taxonomy":"post_tag","embeddable":true,"href":"https:\/\/revistahubclub.com.br\/portal\/wp-json\/wp\/v2\/tags?post=7716"}],"curies":[{"name":"wp","href":"https:\/\/api.w.org\/{rel}","templated":true}]}}