{"id":7731,"date":"2022-03-30T16:07:00","date_gmt":"2022-03-30T19:07:00","guid":{"rendered":"https:\/\/revistahubclub.com.br\/portal\/?p=7731"},"modified":"2024-12-20T16:08:14","modified_gmt":"2024-12-20T19:08:14","slug":"governador-de-minas-se-encontra-com-liderancas-da-agricultura-do-estado","status":"publish","type":"post","link":"https:\/\/revistahubclub.com.br\/portal\/2022\/03\/30\/governador-de-minas-se-encontra-com-liderancas-da-agricultura-do-estado\/","title":{"rendered":"Governador de Minas se encontra com lideran\u00e7as da agricultura do estado"},"content":{"rendered":"\n<p id=\"viewer-foo\"><em>O encontro debateu melhorias e solu\u00e7\u00f5es para o desenvolvimento do setor.<\/em><\/p>\n\n\n\n<p id=\"viewer-6q6dr\"><em>Foto: Cristiano Machado\/Imprensa MG<\/em><\/p>\n\n\n\n<p id=\"viewer-6ccga\">Nesta \u00faltima segunda-feira (28\/3), o governador do estado de Minas Gerais, Romeu Zema se reuniu com os representantes do setor agricultura mineira ao lado da secret\u00e1ria de Agricultura, Pecu\u00e1ria e Abastecimento (Seapa), Ana Valentini. O encontro foi realizado no Banco de Desenvolvimento de Minas Gerais (BDMG) como uma oportunidade para os representantes da agricultura apresentarem demandas e discutirem melhorias para o desenvolvimento do setor.<\/p>\n\n\n\n<p id=\"viewer-9rnn2\">Durante o encontro, o chefe do Executivo anunciou aos representantes do setor altera\u00e7\u00f5es na Resolu\u00e7\u00e3o Conjunta n\u00ba 3.102\/2021, editada pela Secretaria de Estado de Meio Ambiente e Desenvolvimento Sustent\u00e1vel (Semad) e pelo Instituto Estadual de Florestas (IEF). A norma disp\u00f5e sobre os processos de autoriza\u00e7\u00e3o de interven\u00e7\u00e3o ambiental. As mudan\u00e7as visam reduzir custos desproporcionais para o setor e eliminar o passivo de processos de licenciamento.<\/p>\n\n\n\n<p id=\"viewer-ubpo\">Dessa forma, o Estado, sem causar preju\u00edzo ao cumprimento das leis ambientais e prote\u00e7\u00e3o ao meio ambiente, refor\u00e7a o di\u00e1logo com aqueles que pretendem contribuir com o desenvolvimento mineiro. As mudan\u00e7as s\u00e3o exemplo do comprometimento do Governo de Minas, por meio da Seapa e da Semad, com o desenvolvimento econ\u00f4mico, social e ambiental do estado.<\/p>\n\n\n\n<p id=\"viewer-4fqia\"><em>Fonte: Ag\u00eancia Minas<\/em><\/p>\n","protected":false},"excerpt":{"rendered":"<p>O encontro debateu melhorias e solu\u00e7\u00f5es para o desenvolvimento do setor. Foto: Cristiano Machado\/Imprensa MG Nesta \u00faltima segunda-feira (28\/3), o governador do estado de Minas Gerais, Romeu Zema se reuniu<\/p>\n","protected":false},"author":1,"featured_media":7732,"comment_status":"open","ping_status":"open","sticky":false,"template":"","format":"standard","meta":{"footnotes":""},"categories":[1],"tags":[],"class_list":["post-7731","post","type-post","status-publish","format-standard","has-post-thumbnail","hentry","category-noticias"],"_links":{"self":[{"href":"https:\/\/revistahubclub.com.br\/portal\/wp-json\/wp\/v2\/posts\/7731","targetHints":{"allow":["GET"]}}],"collection":[{"href":"https:\/\/revistahubclub.com.br\/portal\/wp-json\/wp\/v2\/posts"}],"about":[{"href":"https:\/\/revistahubclub.com.br\/portal\/wp-json\/wp\/v2\/types\/post"}],"author":[{"embeddable":true,"href":"https:\/\/revistahubclub.com.br\/portal\/wp-json\/wp\/v2\/users\/1"}],"replies":[{"embeddable":true,"href":"https:\/\/revistahubclub.com.br\/portal\/wp-json\/wp\/v2\/comments?post=7731"}],"version-history":[{"count":1,"href":"https:\/\/revistahubclub.com.br\/portal\/wp-json\/wp\/v2\/posts\/7731\/revisions"}],"predecessor-version":[{"id":7733,"href":"https:\/\/revistahubclub.com.br\/portal\/wp-json\/wp\/v2\/posts\/7731\/revisions\/7733"}],"wp:featuredmedia":[{"embeddable":true,"href":"https:\/\/revistahubclub.com.br\/portal\/wp-json\/wp\/v2\/media\/7732"}],"wp:attachment":[{"href":"https:\/\/revistahubclub.com.br\/portal\/wp-json\/wp\/v2\/media?parent=7731"}],"wp:term":[{"taxonomy":"category","embeddable":true,"href":"https:\/\/revistahubclub.com.br\/portal\/wp-json\/wp\/v2\/categories?post=7731"},{"taxonomy":"post_tag","embeddable":true,"href":"https:\/\/revistahubclub.com.br\/portal\/wp-json\/wp\/v2\/tags?post=7731"}],"curies":[{"name":"wp","href":"https:\/\/api.w.org\/{rel}","templated":true}]}}